{"id":8482,"date":"2014-02-19T13:44:00","date_gmt":"2014-02-19T13:44:00","guid":{"rendered":"https:\/\/www.oidossucios.com\/site\/2014\/02\/19\/paul-mccartney-comienza-gira-por-sudamerica-y-casi-pasa-por-venezuela\/"},"modified":"2014-02-19T13:44:00","modified_gmt":"2014-02-19T13:44:00","slug":"paul-mccartney-comienza-gira-por-sudamerica-y-casi-pasa-por-venezuela","status":"publish","type":"post","link":"https:\/\/www.oidossucios.com\/site\/paul-mccartney-comienza-gira-por-sudamerica-y-casi-pasa-por-venezuela\/","title":{"rendered":"Paul McCartney comienza gira por Sudam\u00e9rica (y casi pasa por Venezuela&#8230;)"},"content":{"rendered":"<p><![endif]-->  <\/p>\n<p style=\"text-align: justify; line-height: 150%;\" class=\"MsoNormal\"><span arial\",\"sans-serif\";\"=\"\" style=\"font-size: 12pt; line-height: 150%;\">Paul McCartney realizar\u00e1 sus primeros conciertos del 2014 en Sudam\u00e9rica este 2014. Puntualmente, Per\u00fa, Paraguay, y Ecuador son algunos de los pa\u00edses que seg\u00fan los diarios El Pa\u00eds y Per\u00fa 21, visitar\u00e1 el Ex \u0096 Beatle para promocionar su m\u00e1s reciente \u00e1lbum &#8220;New&#8221;<\/span><\/p>\n<p style=\"text-align: justify; line-height: 150%;\" class=\"MsoNormal\"><span arial\",\"sans-serif\";\"=\"\" style=\"font-size: 12pt; line-height: 150%;\">Seg\u00fan pudo conocer OidosSucios.com, se plante\u00f3 que esta gira sudamericana hiciera parada en Venezuela. M\u00faltiples productoras conversaron posibles costos y log\u00edstica del show. Hasta hace dos semanas, una de ellas se encontraba cerrando la negociaci\u00f3n en Los \u00c1ngeles, pero la misma no pudo concretarlo por los altos costos que supon\u00eda.<\/span><\/p>\n<p style=\"text-align: justify; line-height: 150%;\" class=\"MsoNormal\"><span arial\",\"sans-serif\";\"=\"\" style=\"font-size: 12pt; line-height: 150%;\">El artista no ha realizado ning\u00fan anuncio <a title=\"P\u00e1gina web oficial de Paul McCartney\" href=\"http:\/\/www.paulmccartney.com\/\">oficial<\/a>. Sin embargo, <a title=\"Paul McCartney dara segundo concierto en Lima - Per\u00fa21\" href=\"http:\/\/peru21.pe\/espectaculos\/paul-mccartney-vuelve-abril-lima-2170740?href=cat2pos1\">Per\u00fa21<\/a> asegura que<span>&nbsp; <\/span>el concierto se llevar\u00e1 a cabo el pr\u00f3ximo 25 de abril en el Estadio Nacional. Seg\u00fan <a title=\"Paul McCatney volver\u00eda a Montevideo - el Pa\u00eds\" href=\"http:\/\/www.elpais.com.uy\/informacion\/paul-mccartney-volveria-montevideo.html\">El Pa\u00eds<\/a>, en Montevideo se presentar\u00e1 el 18 de abril.<\/span><\/p>\n<p style=\"text-align: justify; line-height: 150%;\" class=\"MsoNormal\"><span arial\",\"sans-serif\";\"=\"\" style=\"font-size: 12pt; line-height: 150%;\">Recientemente, la reviste NME anunci\u00f3 que har\u00e1 honor al m\u00fasico con m\u00e1s de 50 a\u00f1os de trayectoria musical, d\u00e1ndole el <a title=\"Premio NME para Paul McCartney\" href=\"http:\/\/calicoskiesblog.blogspot.com\/2014\/02\/macca-recibira-el-premio-compositor-de.html\">reconocimiento<\/a> de &#8220;Compositor de Compositores&#8221; en los premios NME 2014. <\/span><\/p>\n<p> <!--[if gte mso 10]> <\/style>\n\n <![endif]--><\/p>\n","protected":false},"excerpt":{"rendered":"<p>El reconocido m\u00fasico ingl\u00e9s con m\u00e1s de 50 a\u00f1os de trayectoria musical, comienza gira por Sudam\u00e9rica para promocionar su nuevo disco New.<\/p>\n","protected":false},"author":4,"featured_media":100008482,"comment_status":"open","ping_status":"open","sticky":false,"template":"","format":"standard","meta":{"_jetpack_memberships_contains_paid_content":false,"footnotes":""},"categories":[250],"tags":[],"class_list":["post-8482","post","type-post","status-publish","format-standard","has-post-thumbnail","hentry","category-noticias"],"jetpack_featured_media_url":"https:\/\/www.oidossucios.com\/site\/wp-content\/uploads\/2014\/02\/8482.jpg","yoast_head":"<!-- This site is optimized with the Yoast SEO plugin v14.0.4 - https:\/\/yoast.com\/wordpress\/plugins\/seo\/ -->\n<title>Paul McCartney comienza gira por Sudam\u00e9rica (y casi pasa por Venezuela...) - OidosSucios.Com<\/title>\n<meta name=\"description\" content=\"El reconocido m\u00fasico ingl\u00e9s con m\u00e1s de 50 a\u00f1os de trayectoria musical, comienza gira por Sudam\u00e9rica para promocionar su nuevo disco New.\" \/>\n<meta name=\"robots\" content=\"index, follow\" \/>\n<meta name=\"googlebot\" content=\"index, follow, max-snippet:-1, max-image-preview:large, max-video-preview:-1\" \/>\n<meta name=\"bingbot\" content=\"index, follow, max-snippet:-1, max-image-preview:large, max-video-preview:-1\" \/>\n<link rel=\"canonical\" href=\"https:\/\/www.oidossucios.com\/site\/paul-mccartney-comienza-gira-por-sudamerica-y-casi-pasa-por-venezuela\/\" \/>\n<meta property=\"og:locale\" content=\"es_ES\" \/>\n<meta property=\"og:type\" content=\"article\" \/>\n<meta property=\"og:title\" content=\"Paul McCartney comienza gira por Sudam\u00e9rica (y casi pasa por Venezuela...) - OidosSucios.Com\" \/>\n<meta property=\"og:description\" content=\"El reconocido m\u00fasico ingl\u00e9s con m\u00e1s de 50 a\u00f1os de trayectoria musical, comienza gira por Sudam\u00e9rica para promocionar su nuevo disco New.\" \/>\n<meta property=\"og:url\" content=\"https:\/\/www.oidossucios.com\/site\/paul-mccartney-comienza-gira-por-sudamerica-y-casi-pasa-por-venezuela\/\" \/>\n<meta property=\"og:site_name\" content=\"OidosSucios.Com\" \/>\n<meta property=\"article:published_time\" content=\"2014-02-19T13:44:00+00:00\" \/>\n<meta property=\"og:image\" content=\"https:\/\/www.oidossucios.com\/site\/wp-content\/uploads\/2014\/02\/8482.jpg\" \/>\n\t<meta property=\"og:image:width\" content=\"350\" \/>\n\t<meta property=\"og:image:height\" content=\"300\" \/>\n<meta name=\"twitter:card\" content=\"summary_large_image\" \/>\n<meta name=\"twitter:creator\" content=\"@oidossucios\" \/>\n<script type=\"application\/ld+json\" class=\"yoast-schema-graph\">{\"@context\":\"https:\/\/schema.org\",\"@graph\":[{\"@type\":\"WebSite\",\"@id\":\"https:\/\/www.oidossucios.com\/site\/#website\",\"url\":\"https:\/\/www.oidossucios.com\/site\/\",\"name\":\"OidosSucios.Com\",\"description\":\"M\\u00fasica, conciertos, discos\",\"potentialAction\":[{\"@type\":\"SearchAction\",\"target\":\"https:\/\/www.oidossucios.com\/site\/?s={search_term_string}\",\"query-input\":\"required name=search_term_string\"}],\"inLanguage\":\"es\"},{\"@type\":\"ImageObject\",\"@id\":\"https:\/\/www.oidossucios.com\/site\/paul-mccartney-comienza-gira-por-sudamerica-y-casi-pasa-por-venezuela\/#primaryimage\",\"inLanguage\":\"es\",\"url\":\"https:\/\/www.oidossucios.com\/site\/wp-content\/uploads\/2014\/02\/8482.jpg\",\"width\":350,\"height\":300},{\"@type\":\"WebPage\",\"@id\":\"https:\/\/www.oidossucios.com\/site\/paul-mccartney-comienza-gira-por-sudamerica-y-casi-pasa-por-venezuela\/#webpage\",\"url\":\"https:\/\/www.oidossucios.com\/site\/paul-mccartney-comienza-gira-por-sudamerica-y-casi-pasa-por-venezuela\/\",\"name\":\"Paul McCartney comienza gira por Sudam\\u00e9rica (y casi pasa por Venezuela...) - OidosSucios.Com\",\"isPartOf\":{\"@id\":\"https:\/\/www.oidossucios.com\/site\/#website\"},\"primaryImageOfPage\":{\"@id\":\"https:\/\/www.oidossucios.com\/site\/paul-mccartney-comienza-gira-por-sudamerica-y-casi-pasa-por-venezuela\/#primaryimage\"},\"datePublished\":\"2014-02-19T13:44:00+00:00\",\"dateModified\":\"2014-02-19T13:44:00+00:00\",\"author\":{\"@id\":\"https:\/\/www.oidossucios.com\/site\/#\/schema\/person\/24559eeb76bf83a63296fb072393a688\"},\"description\":\"El reconocido m\\u00fasico ingl\\u00e9s con m\\u00e1s de 50 a\\u00f1os de trayectoria musical, comienza gira por Sudam\\u00e9rica para promocionar su nuevo disco New.\",\"inLanguage\":\"es\",\"potentialAction\":[{\"@type\":\"ReadAction\",\"target\":[\"https:\/\/www.oidossucios.com\/site\/paul-mccartney-comienza-gira-por-sudamerica-y-casi-pasa-por-venezuela\/\"]}]},{\"@type\":[\"Person\"],\"@id\":\"https:\/\/www.oidossucios.com\/site\/#\/schema\/person\/24559eeb76bf83a63296fb072393a688\",\"name\":\"Oidossucios\",\"image\":{\"@type\":\"ImageObject\",\"@id\":\"https:\/\/www.oidossucios.com\/site\/#personlogo\",\"inLanguage\":\"es\",\"url\":\"https:\/\/secure.gravatar.com\/avatar\/74fcb480f42f1a33e50a0b6e6369a3f907be2e43dc84fa5f76c66e9c22b4a5ab?s=96&d=mm&r=g\",\"caption\":\"Oidossucios\"},\"sameAs\":[\"https:\/\/twitter.com\/oidossucios\"]}]}<\/script>\n<!-- \/ Yoast SEO plugin. -->","jetpack_sharing_enabled":true,"_links":{"self":[{"href":"https:\/\/www.oidossucios.com\/site\/wp-json\/wp\/v2\/posts\/8482","targetHints":{"allow":["GET"]}}],"collection":[{"href":"https:\/\/www.oidossucios.com\/site\/wp-json\/wp\/v2\/posts"}],"about":[{"href":"https:\/\/www.oidossucios.com\/site\/wp-json\/wp\/v2\/types\/post"}],"author":[{"embeddable":true,"href":"https:\/\/www.oidossucios.com\/site\/wp-json\/wp\/v2\/users\/4"}],"replies":[{"embeddable":true,"href":"https:\/\/www.oidossucios.com\/site\/wp-json\/wp\/v2\/comments?post=8482"}],"version-history":[{"count":0,"href":"https:\/\/www.oidossucios.com\/site\/wp-json\/wp\/v2\/posts\/8482\/revisions"}],"wp:featuredmedia":[{"embeddable":true,"href":"https:\/\/www.oidossucios.com\/site\/wp-json\/wp\/v2\/media\/100008482"}],"wp:attachment":[{"href":"https:\/\/www.oidossucios.com\/site\/wp-json\/wp\/v2\/media?parent=8482"}],"wp:term":[{"taxonomy":"category","embeddable":true,"href":"https:\/\/www.oidossucios.com\/site\/wp-json\/wp\/v2\/categories?post=8482"},{"taxonomy":"post_tag","embeddable":true,"href":"https:\/\/www.oidossucios.com\/site\/wp-json\/wp\/v2\/tags?post=8482"}],"curies":[{"name":"wp","href":"https:\/\/api.w.org\/{rel}","templated":true}]}}