{"id":8487,"date":"2014-02-21T13:03:00","date_gmt":"2014-02-21T13:03:00","guid":{"rendered":"https:\/\/www.oidossucios.com\/site\/2014\/02\/21\/defenders-estrena-nuevo-video-desde-cero\/"},"modified":"2014-02-21T13:03:00","modified_gmt":"2014-02-21T13:03:00","slug":"defenders-estrena-nuevo-video-desde-cero","status":"publish","type":"post","link":"https:\/\/www.oidossucios.com\/site\/defenders-estrena-nuevo-video-desde-cero\/","title":{"rendered":"Defenders estrena nuevo video &quot;Desde Cero&quot;"},"content":{"rendered":"<p><![endif]-->  <\/p>\n<p align=\"justify\" style=\"text-align: justify; line-height: 150%;\" class=\"MsoNormal\"><span arial\",\"sans-serif\";\"=\"\" style=\"font-size: 12pt; line-height: 150%;\">La agrupaci\u00f3n proveniente de Cuman\u00e1, Defenders, <span>&nbsp;<\/span>estren\u00f3 el video del tema &#8220;Desde Cero&#8221;. Este single forma parte de la primera placa discogr\u00e1fica de la banda, que lleva por nombre &#8220;Postdata&#8221; y fue estrenada durante el 2013 en formato digital y puesta para su descarga gratuita.<\/span><\/p>\n<p align=\"justify\" style=\"text-align: justify; line-height: 150%;\" class=\"MsoNormal\"><span arial\",\"sans-serif\";\"=\"\" style=\"font-size: 12pt; line-height: 150%;\"><br \/><\/span><\/p>\n<p align=\"justify\" style=\"text-align: justify; line-height: 150%;\" class=\"MsoNormal\"><span arial\",\"sans-serif\";\"=\"\" style=\"font-size: 12pt; line-height: 150%;\">El video fue dirigido por <span style=\"background: none repeat scroll 0% 0% white;\">Adolfo Spinali y Daniel Aldamiz<\/span> y grabado en R&amp;T Music Studios que se encuentra en Cuman\u00e1.<\/span><\/p>\n<p align=\"justify\" style=\"text-align: justify; line-height: 150%;\" class=\"MsoNormal\"><\/p>\n<p align=\"justify\" style=\"line-height: 150%;\" class=\"MsoNormal\"><span white;\"=\"\" 0%=\"\" scroll=\"\" repeat=\"\" none=\"\" background:=\"\" arial\",\"sans-serif\";=\"\" style=\"font-size: 12pt; line-height: 150%;\">Defenders se encuentra conformado por <span>Daniel Salazar (Voz)<span class=\"apple-converted-space\">&nbsp;<\/span><\/span>Gerard Burgos Bater\u00eda\/Prog), Alejandro Rodr\u00edguez <span>&nbsp;<\/span>(Guitarra<span class=\"apple-converted-space\">), <\/span>Carlos Zerpa (Guitarra<span class=\"apple-converted-space\">) y <\/span>Luis Romero (Bajo<span class=\"apple-converted-space\">). <br \/><\/span><\/span><\/p>\n<p align=\"justify\" style=\"line-height: 150%;\" class=\"MsoNormal\"><span white;\"=\"\" 0%=\"\" scroll=\"\" repeat=\"\" none=\"\" background:=\"\" arial\",\"sans-serif\";=\"\" style=\"font-size: 12pt; line-height: 150%;\"><span class=\"apple-converted-space\"><br \/><\/span><\/span><\/p>\n<p align=\"justify\" style=\"text-align: justify; line-height: 150%;\" class=\"MsoNormal\"><span white;\"=\"\" 0%=\"\" scroll=\"\" repeat=\"\" none=\"\" background:=\"\" arial\",\"sans-serif\";=\"\" style=\"font-size: 12pt; line-height: 150%;\">Para seguir a la banda pueden encontrarlos en <a title=\"@Defendersrock\" href=\"https:\/\/twitter.com\/Defendersrock\">Twitter<\/a> y<a title=\"Facebook - Defenders Rock\" href=\"https:\/\/www.facebook.com\/defenders.rock?fref=ts\">Facebook<\/a>. Para descargar el \u00e1lbum pueden hacer click <a defenders\"=\"\" postdata\"=\"\" title=\"\u00c1lbum \" href=\"http:\/\/defenders.bandcamp.com\/album\/post-data-2\">aqu\u00ed<\/a>. <\/span><\/p>\n<p> <!--[if gte mso 10]> <\/style>\n\n <![endif]--> <iframe loading=\"lazy\" width=\"640\" height=\"390\" frameborder=\"0\" allowfullscreen=\"\" src=\"http:\/\/www.youtube.com\/embed\/vjj3VMLWxMQ\"><\/iframe><\/p>\n","protected":false},"excerpt":{"rendered":"<p>La banda Defenders estren\u00f3 su primer \u00e1lbum durante el 2013 y ahora trae el video del tema &quot;Desde Cero&quot;, el cual tambi\u00e9n se encuentra para su descarga gratuita.<\/p>\n","protected":false},"author":4,"featured_media":100008487,"comment_status":"open","ping_status":"open","sticky":false,"template":"","format":"standard","meta":{"_jetpack_memberships_contains_paid_content":false,"footnotes":""},"categories":[142],"tags":[],"class_list":["post-8487","post","type-post","status-publish","format-standard","has-post-thumbnail","hentry","category-buzznews"],"jetpack_featured_media_url":"https:\/\/www.oidossucios.com\/site\/wp-content\/uploads\/2014\/02\/8487.jpg","yoast_head":"<!-- This site is optimized with the Yoast SEO plugin v14.0.4 - https:\/\/yoast.com\/wordpress\/plugins\/seo\/ -->\n<title>Defenders estrena nuevo video &quot;Desde Cero&quot; - OidosSucios.Com<\/title>\n<meta name=\"description\" content=\"La banda Defenders estren\u00f3 su primer \u00e1lbum durante el 2013 y ahora trae el video del tema &quot;Desde Cero&quot;, el cual tambi\u00e9n se encuentra para su descarga gratuita.\" \/>\n<meta name=\"robots\" content=\"index, follow\" \/>\n<meta name=\"googlebot\" content=\"index, follow, max-snippet:-1, max-image-preview:large, max-video-preview:-1\" \/>\n<meta name=\"bingbot\" content=\"index, follow, max-snippet:-1, max-image-preview:large, max-video-preview:-1\" \/>\n<link rel=\"canonical\" href=\"https:\/\/www.oidossucios.com\/site\/defenders-estrena-nuevo-video-desde-cero\/\" \/>\n<meta property=\"og:locale\" content=\"es_ES\" \/>\n<meta property=\"og:type\" content=\"article\" \/>\n<meta property=\"og:title\" content=\"Defenders estrena nuevo video &quot;Desde Cero&quot; - OidosSucios.Com\" \/>\n<meta property=\"og:description\" content=\"La banda Defenders estren\u00f3 su primer \u00e1lbum durante el 2013 y ahora trae el video del tema &quot;Desde Cero&quot;, el cual tambi\u00e9n se encuentra para su descarga gratuita.\" \/>\n<meta property=\"og:url\" content=\"https:\/\/www.oidossucios.com\/site\/defenders-estrena-nuevo-video-desde-cero\/\" \/>\n<meta property=\"og:site_name\" content=\"OidosSucios.Com\" \/>\n<meta property=\"article:published_time\" content=\"2014-02-21T13:03:00+00:00\" \/>\n<meta property=\"og:image\" content=\"https:\/\/www.oidossucios.com\/site\/wp-content\/uploads\/2014\/02\/8487.jpg\" \/>\n\t<meta property=\"og:image:width\" content=\"350\" \/>\n\t<meta property=\"og:image:height\" content=\"300\" \/>\n<meta name=\"twitter:card\" content=\"summary_large_image\" \/>\n<meta name=\"twitter:creator\" content=\"@oidossucios\" \/>\n<script type=\"application\/ld+json\" class=\"yoast-schema-graph\">{\"@context\":\"https:\/\/schema.org\",\"@graph\":[{\"@type\":\"WebSite\",\"@id\":\"https:\/\/www.oidossucios.com\/site\/#website\",\"url\":\"https:\/\/www.oidossucios.com\/site\/\",\"name\":\"OidosSucios.Com\",\"description\":\"M\\u00fasica, conciertos, discos\",\"potentialAction\":[{\"@type\":\"SearchAction\",\"target\":\"https:\/\/www.oidossucios.com\/site\/?s={search_term_string}\",\"query-input\":\"required name=search_term_string\"}],\"inLanguage\":\"es\"},{\"@type\":\"ImageObject\",\"@id\":\"https:\/\/www.oidossucios.com\/site\/defenders-estrena-nuevo-video-desde-cero\/#primaryimage\",\"inLanguage\":\"es\",\"url\":\"https:\/\/www.oidossucios.com\/site\/wp-content\/uploads\/2014\/02\/8487.jpg\",\"width\":350,\"height\":300},{\"@type\":\"WebPage\",\"@id\":\"https:\/\/www.oidossucios.com\/site\/defenders-estrena-nuevo-video-desde-cero\/#webpage\",\"url\":\"https:\/\/www.oidossucios.com\/site\/defenders-estrena-nuevo-video-desde-cero\/\",\"name\":\"Defenders estrena nuevo video &quot;Desde Cero&quot; - OidosSucios.Com\",\"isPartOf\":{\"@id\":\"https:\/\/www.oidossucios.com\/site\/#website\"},\"primaryImageOfPage\":{\"@id\":\"https:\/\/www.oidossucios.com\/site\/defenders-estrena-nuevo-video-desde-cero\/#primaryimage\"},\"datePublished\":\"2014-02-21T13:03:00+00:00\",\"dateModified\":\"2014-02-21T13:03:00+00:00\",\"author\":{\"@id\":\"https:\/\/www.oidossucios.com\/site\/#\/schema\/person\/24559eeb76bf83a63296fb072393a688\"},\"description\":\"La banda Defenders estren\\u00f3 su primer \\u00e1lbum durante el 2013 y ahora trae el video del tema &quot;Desde Cero&quot;, el cual tambi\\u00e9n se encuentra para su descarga gratuita.\",\"inLanguage\":\"es\",\"potentialAction\":[{\"@type\":\"ReadAction\",\"target\":[\"https:\/\/www.oidossucios.com\/site\/defenders-estrena-nuevo-video-desde-cero\/\"]}]},{\"@type\":[\"Person\"],\"@id\":\"https:\/\/www.oidossucios.com\/site\/#\/schema\/person\/24559eeb76bf83a63296fb072393a688\",\"name\":\"Oidossucios\",\"image\":{\"@type\":\"ImageObject\",\"@id\":\"https:\/\/www.oidossucios.com\/site\/#personlogo\",\"inLanguage\":\"es\",\"url\":\"https:\/\/secure.gravatar.com\/avatar\/74fcb480f42f1a33e50a0b6e6369a3f907be2e43dc84fa5f76c66e9c22b4a5ab?s=96&d=mm&r=g\",\"caption\":\"Oidossucios\"},\"sameAs\":[\"https:\/\/twitter.com\/oidossucios\"]}]}<\/script>\n<!-- \/ Yoast SEO plugin. -->","jetpack_sharing_enabled":true,"_links":{"self":[{"href":"https:\/\/www.oidossucios.com\/site\/wp-json\/wp\/v2\/posts\/8487","targetHints":{"allow":["GET"]}}],"collection":[{"href":"https:\/\/www.oidossucios.com\/site\/wp-json\/wp\/v2\/posts"}],"about":[{"href":"https:\/\/www.oidossucios.com\/site\/wp-json\/wp\/v2\/types\/post"}],"author":[{"embeddable":true,"href":"https:\/\/www.oidossucios.com\/site\/wp-json\/wp\/v2\/users\/4"}],"replies":[{"embeddable":true,"href":"https:\/\/www.oidossucios.com\/site\/wp-json\/wp\/v2\/comments?post=8487"}],"version-history":[{"count":0,"href":"https:\/\/www.oidossucios.com\/site\/wp-json\/wp\/v2\/posts\/8487\/revisions"}],"wp:featuredmedia":[{"embeddable":true,"href":"https:\/\/www.oidossucios.com\/site\/wp-json\/wp\/v2\/media\/100008487"}],"wp:attachment":[{"href":"https:\/\/www.oidossucios.com\/site\/wp-json\/wp\/v2\/media?parent=8487"}],"wp:term":[{"taxonomy":"category","embeddable":true,"href":"https:\/\/www.oidossucios.com\/site\/wp-json\/wp\/v2\/categories?post=8487"},{"taxonomy":"post_tag","embeddable":true,"href":"https:\/\/www.oidossucios.com\/site\/wp-json\/wp\/v2\/tags?post=8487"}],"curies":[{"name":"wp","href":"https:\/\/api.w.org\/{rel}","templated":true}]}}