{"id":8511,"date":"2014-03-06T23:17:00","date_gmt":"2014-03-06T23:17:00","guid":{"rendered":"https:\/\/www.oidossucios.com\/site\/2014\/03\/06\/escucha-el-primer-adelanto-del-nuevo-album-de-julian-casablancas\/"},"modified":"2014-03-06T23:17:00","modified_gmt":"2014-03-06T23:17:00","slug":"escucha-el-primer-adelanto-del-nuevo-album-de-julian-casablancas","status":"publish","type":"post","link":"https:\/\/www.oidossucios.com\/site\/escucha-el-primer-adelanto-del-nuevo-album-de-julian-casablancas\/","title":{"rendered":"Escucha el primer adelanto del nuevo \u00e1lbum de Julian Casablancas"},"content":{"rendered":"\n<div align=\"justify\">Como era de esperarse, luego de la colaboraci\u00f3n de Julian Casablancas para el score del film She\u0092s Lost Control, los rumores de un nuevo disco en camino por parte del l\u00edder de The Strokes comenzaron a incrementarse. Ahora, despu\u00e9s de tanta expectativa, el m\u00fasico ha confirmado sus planes de lanzar al sucesor de Phrazes For The Young de 2009 al publicar un breve adelanto de su nuevo material.<\/p>\n<p>A pesar de que la tendencia de Casablancas por utilizar sintetizadores y vocoder sigue presente, el preview presenta se\u00f1ales de un sonido m\u00e1s agresivo cortes\u00eda de l\u00edneas de bajo potentes y bater\u00edas poco discretas.<\/p>\n<p>Si bien, a\u00fan se desconocen m\u00e1s detalles de este nuevo disco en solitario, tal parece que el Stroke se har\u00e1 acompa\u00f1ar de The Voidz en su siguiente \u00e1lbum. Mientras esperamos m\u00e1s informaci\u00f3n al respecto, puedes escuchar su primer adelanto a continuaci\u00f3n:<\/p>\n<p>Fuente: Revista <a target=\"_blank\" title=\"Escucha el primer adelanto del nuevo \u00e1lbum de julian casablancas - Revista Marvin\" href=\"http:\/\/www.marvin.com.mx\/noticias\/noticias-de-musica\/escucha-el-primer-adelanto-del-nuevo-album-de-julian-casablancas\/55458\" rel=\"noopener noreferrer\">Marvin<\/a><\/p><\/div>\n<p> <iframe loading=\"lazy\" width=\"600\" height=\"360\" frameborder=\"0\" allowfullscreen=\"\" src=\"http:\/\/www.youtube.com\/embed\/2aX4ohIN4UA?feature=player_embedded\"><\/iframe><\/p>\n","protected":false},"excerpt":{"rendered":"<p>El reconocido musico estrenara su nuevo \u00e1lbum y para darlo a conocer lanza un preview. <\/p>\n","protected":false},"author":4,"featured_media":100008511,"comment_status":"open","ping_status":"open","sticky":false,"template":"","format":"standard","meta":{"_jetpack_memberships_contains_paid_content":false,"footnotes":""},"categories":[142],"tags":[],"class_list":["post-8511","post","type-post","status-publish","format-standard","has-post-thumbnail","hentry","category-buzznews"],"jetpack_featured_media_url":"https:\/\/www.oidossucios.com\/site\/wp-content\/uploads\/2014\/03\/8511.jpg","yoast_head":"<!-- This site is optimized with the Yoast SEO plugin v14.0.4 - https:\/\/yoast.com\/wordpress\/plugins\/seo\/ -->\n<title>Escucha el primer adelanto del nuevo \u00e1lbum de Julian Casablancas - OidosSucios.Com<\/title>\n<meta name=\"description\" content=\"El reconocido musico estrenara su nuevo \u00e1lbum y para darlo a conocer lanza un preview.\" \/>\n<meta name=\"robots\" content=\"index, follow\" \/>\n<meta name=\"googlebot\" content=\"index, follow, max-snippet:-1, max-image-preview:large, max-video-preview:-1\" \/>\n<meta name=\"bingbot\" content=\"index, follow, max-snippet:-1, max-image-preview:large, max-video-preview:-1\" \/>\n<link rel=\"canonical\" href=\"https:\/\/www.oidossucios.com\/site\/escucha-el-primer-adelanto-del-nuevo-album-de-julian-casablancas\/\" \/>\n<meta property=\"og:locale\" content=\"es_ES\" \/>\n<meta property=\"og:type\" content=\"article\" \/>\n<meta property=\"og:title\" content=\"Escucha el primer adelanto del nuevo \u00e1lbum de Julian Casablancas - OidosSucios.Com\" \/>\n<meta property=\"og:description\" content=\"El reconocido musico estrenara su nuevo \u00e1lbum y para darlo a conocer lanza un preview.\" \/>\n<meta property=\"og:url\" content=\"https:\/\/www.oidossucios.com\/site\/escucha-el-primer-adelanto-del-nuevo-album-de-julian-casablancas\/\" \/>\n<meta property=\"og:site_name\" content=\"OidosSucios.Com\" \/>\n<meta property=\"article:published_time\" content=\"2014-03-06T23:17:00+00:00\" \/>\n<meta property=\"og:image\" content=\"https:\/\/www.oidossucios.com\/site\/wp-content\/uploads\/2014\/03\/8511.jpg\" \/>\n\t<meta property=\"og:image:width\" content=\"350\" \/>\n\t<meta property=\"og:image:height\" content=\"300\" \/>\n<meta name=\"twitter:card\" content=\"summary_large_image\" \/>\n<meta name=\"twitter:creator\" content=\"@oidossucios\" \/>\n<script type=\"application\/ld+json\" class=\"yoast-schema-graph\">{\"@context\":\"https:\/\/schema.org\",\"@graph\":[{\"@type\":\"WebSite\",\"@id\":\"https:\/\/www.oidossucios.com\/site\/#website\",\"url\":\"https:\/\/www.oidossucios.com\/site\/\",\"name\":\"OidosSucios.Com\",\"description\":\"M\\u00fasica, conciertos, discos\",\"potentialAction\":[{\"@type\":\"SearchAction\",\"target\":\"https:\/\/www.oidossucios.com\/site\/?s={search_term_string}\",\"query-input\":\"required name=search_term_string\"}],\"inLanguage\":\"es\"},{\"@type\":\"ImageObject\",\"@id\":\"https:\/\/www.oidossucios.com\/site\/escucha-el-primer-adelanto-del-nuevo-album-de-julian-casablancas\/#primaryimage\",\"inLanguage\":\"es\",\"url\":\"https:\/\/www.oidossucios.com\/site\/wp-content\/uploads\/2014\/03\/8511.jpg\",\"width\":350,\"height\":300},{\"@type\":\"WebPage\",\"@id\":\"https:\/\/www.oidossucios.com\/site\/escucha-el-primer-adelanto-del-nuevo-album-de-julian-casablancas\/#webpage\",\"url\":\"https:\/\/www.oidossucios.com\/site\/escucha-el-primer-adelanto-del-nuevo-album-de-julian-casablancas\/\",\"name\":\"Escucha el primer adelanto del nuevo \\u00e1lbum de Julian Casablancas - OidosSucios.Com\",\"isPartOf\":{\"@id\":\"https:\/\/www.oidossucios.com\/site\/#website\"},\"primaryImageOfPage\":{\"@id\":\"https:\/\/www.oidossucios.com\/site\/escucha-el-primer-adelanto-del-nuevo-album-de-julian-casablancas\/#primaryimage\"},\"datePublished\":\"2014-03-06T23:17:00+00:00\",\"dateModified\":\"2014-03-06T23:17:00+00:00\",\"author\":{\"@id\":\"https:\/\/www.oidossucios.com\/site\/#\/schema\/person\/24559eeb76bf83a63296fb072393a688\"},\"description\":\"El reconocido musico estrenara su nuevo \\u00e1lbum y para darlo a conocer lanza un preview.\",\"inLanguage\":\"es\",\"potentialAction\":[{\"@type\":\"ReadAction\",\"target\":[\"https:\/\/www.oidossucios.com\/site\/escucha-el-primer-adelanto-del-nuevo-album-de-julian-casablancas\/\"]}]},{\"@type\":[\"Person\"],\"@id\":\"https:\/\/www.oidossucios.com\/site\/#\/schema\/person\/24559eeb76bf83a63296fb072393a688\",\"name\":\"Oidossucios\",\"image\":{\"@type\":\"ImageObject\",\"@id\":\"https:\/\/www.oidossucios.com\/site\/#personlogo\",\"inLanguage\":\"es\",\"url\":\"https:\/\/secure.gravatar.com\/avatar\/74fcb480f42f1a33e50a0b6e6369a3f907be2e43dc84fa5f76c66e9c22b4a5ab?s=96&d=mm&r=g\",\"caption\":\"Oidossucios\"},\"sameAs\":[\"https:\/\/twitter.com\/oidossucios\"]}]}<\/script>\n<!-- \/ Yoast SEO plugin. -->","jetpack_sharing_enabled":true,"_links":{"self":[{"href":"https:\/\/www.oidossucios.com\/site\/wp-json\/wp\/v2\/posts\/8511","targetHints":{"allow":["GET"]}}],"collection":[{"href":"https:\/\/www.oidossucios.com\/site\/wp-json\/wp\/v2\/posts"}],"about":[{"href":"https:\/\/www.oidossucios.com\/site\/wp-json\/wp\/v2\/types\/post"}],"author":[{"embeddable":true,"href":"https:\/\/www.oidossucios.com\/site\/wp-json\/wp\/v2\/users\/4"}],"replies":[{"embeddable":true,"href":"https:\/\/www.oidossucios.com\/site\/wp-json\/wp\/v2\/comments?post=8511"}],"version-history":[{"count":0,"href":"https:\/\/www.oidossucios.com\/site\/wp-json\/wp\/v2\/posts\/8511\/revisions"}],"wp:featuredmedia":[{"embeddable":true,"href":"https:\/\/www.oidossucios.com\/site\/wp-json\/wp\/v2\/media\/100008511"}],"wp:attachment":[{"href":"https:\/\/www.oidossucios.com\/site\/wp-json\/wp\/v2\/media?parent=8511"}],"wp:term":[{"taxonomy":"category","embeddable":true,"href":"https:\/\/www.oidossucios.com\/site\/wp-json\/wp\/v2\/categories?post=8511"},{"taxonomy":"post_tag","embeddable":true,"href":"https:\/\/www.oidossucios.com\/site\/wp-json\/wp\/v2\/tags?post=8511"}],"curies":[{"name":"wp","href":"https:\/\/api.w.org\/{rel}","templated":true}]}}