{"id":8520,"date":"2014-03-12T01:22:00","date_gmt":"2014-03-12T01:22:00","guid":{"rendered":"https:\/\/www.oidossucios.com\/site\/2014\/03\/12\/gravity-vuelve-a-cinex\/"},"modified":"2014-03-12T01:22:00","modified_gmt":"2014-03-12T01:22:00","slug":"gravity-vuelve-a-cinex","status":"publish","type":"post","link":"https:\/\/www.oidossucios.com\/site\/gravity-vuelve-a-cinex\/","title":{"rendered":"&#8220;Gravity&#8221; vuelve a Cinex"},"content":{"rendered":"<p>Por <\/p>\n<div align=\"justify\">Debido al total \u00e9xito de &#8220;Gravity&#8221; en los Premios \u00d3scar, ganando siete estatuillas del m\u00e1ximo galard\u00f3n del s\u00e9ptimo arte,&nbsp; Cinex colocar\u00e1 nuevamente la producci\u00f3n entre las m\u00faltiples opciones para ver en sus salas, a partir de este viernes 14 de marzo, para ofrecer al p\u00fablico venezolano entretenimiento de calidad.<\/p>\n<p>Ciencia ficci\u00f3n, suspenso y drama, mezclados con fabulosos efectos especiales son algunos de los ingredientes de &#8220;Gravity&#8221;, cinta que le permiti\u00f3 a Alfonso Cuar\u00f3n convertirse en el primer mexicano en ganar un premio \u00d3scar como Mejor Director, enalteciendo el trabajo de todos los latinoamericanos pertenecientes a la industria cinematogr\u00e1fica.<br \/>&nbsp;<br \/>En &#8220;Gravity&#8221; la doctora Ryan Stone experimenta su primera misi\u00f3n a bordo del transbordador espacial Explorer. Ella est\u00e1 acompa\u00f1ada por el veterano astronauta Matt Kowalski, quien est\u00e1 a punto de retirarse. Durante una caminata espacial, que se puede apreciar en las pantallas de Cinex, el equipo descubre que la destrucci\u00f3n de un sat\u00e9lite ha provocado una terrible reacci\u00f3n en cadena y a partir de ese momento, hay que tomar acciones extremas.<br \/>&nbsp;<br \/>La talentosa actriz Sandra Bullock y el gal\u00e1n George Clooney son los protagonistas de &#8220;Gravity&#8221;, cinta distribuida internacionalmente por Warner Bros Pictures y proyectada por Cinex en las salas de cine venezolanas. La pel\u00edcula cont\u00f3 con un presupuesto mayor a 100 millones de d\u00f3lares, que se ven reflejados en su calidad visual.<br \/>&nbsp;<br \/>Mejores Efectos Visuales, Mejor Sonido y Mejor Fotograf\u00eda son otras de las categor\u00edas donde &#8220;Gravity&#8221; result\u00f3 ganadora en la m\u00e1s reciente edici\u00f3n del premio \u00d3scar, celebrada el 2 de marzo en el Dolby Theatre de Los \u00c1ngeles.<br \/>&nbsp;<br \/>La invitaci\u00f3n es para que disfrutes nuevamente de &#8220;Gravity&#8221; en las salas de Cinex desde el 14 de marzo. Para mayor informaci\u00f3n, visita <a title=\"p\u00e1gina web oficial de cinex\" href=\"www.cinex.com.ve\">www.cinex.com.ve<\/a> y @<a title=\"Twitter oficial de cinex\" target=\"_blank\" href=\"https:\/\/twitter.com\/CinexVe\" rel=\"noopener noreferrer\"><\/a><a title=\"Twitter oficial de cine\" target=\"_blank\" href=\"https:\/\/twitter.com\/CinexVe\" rel=\"noopener noreferrer\">CinexVe<\/a>  <\/div>\n<p>Fuente: Nota de prensa<\/p>\n","protected":false},"excerpt":{"rendered":"<p>Cinex coloca nuevamente en su cartelera la pel\u00edcula  del mexicano Alfonso Cuar\u00f3n <\/p>\n","protected":false},"author":4,"featured_media":100008520,"comment_status":"open","ping_status":"open","sticky":false,"template":"","format":"standard","meta":{"_jetpack_memberships_contains_paid_content":false,"footnotes":""},"categories":[672],"tags":[],"class_list":["post-8520","post","type-post","status-publish","format-standard","has-post-thumbnail","hentry","category-tv"],"jetpack_featured_media_url":"https:\/\/www.oidossucios.com\/site\/wp-content\/uploads\/2014\/03\/8520.jpg","yoast_head":"<!-- This site is optimized with the Yoast SEO plugin v14.0.4 - https:\/\/yoast.com\/wordpress\/plugins\/seo\/ -->\n<title>&quot;Gravity&quot; vuelve a Cinex - OidosSucios.Com<\/title>\n<meta name=\"description\" content=\"Cinex coloca nuevamente en su cartelera la pel\u00edcula del mexicano Alfonso Cuar\u00f3n\" \/>\n<meta name=\"robots\" content=\"index, follow\" \/>\n<meta name=\"googlebot\" content=\"index, follow, max-snippet:-1, max-image-preview:large, max-video-preview:-1\" \/>\n<meta name=\"bingbot\" content=\"index, follow, max-snippet:-1, max-image-preview:large, max-video-preview:-1\" \/>\n<link rel=\"canonical\" href=\"https:\/\/www.oidossucios.com\/site\/gravity-vuelve-a-cinex\/\" \/>\n<meta property=\"og:locale\" content=\"es_ES\" \/>\n<meta property=\"og:type\" content=\"article\" \/>\n<meta property=\"og:title\" content=\"&quot;Gravity&quot; vuelve a Cinex - OidosSucios.Com\" \/>\n<meta property=\"og:description\" content=\"Cinex coloca nuevamente en su cartelera la pel\u00edcula del mexicano Alfonso Cuar\u00f3n\" \/>\n<meta property=\"og:url\" content=\"https:\/\/www.oidossucios.com\/site\/gravity-vuelve-a-cinex\/\" \/>\n<meta property=\"og:site_name\" content=\"OidosSucios.Com\" \/>\n<meta property=\"article:published_time\" content=\"2014-03-12T01:22:00+00:00\" \/>\n<meta property=\"og:image\" content=\"https:\/\/www.oidossucios.com\/site\/wp-content\/uploads\/2014\/03\/8520.jpg\" \/>\n\t<meta property=\"og:image:width\" content=\"350\" \/>\n\t<meta property=\"og:image:height\" content=\"300\" \/>\n<meta name=\"twitter:card\" content=\"summary_large_image\" \/>\n<meta name=\"twitter:creator\" content=\"@oidossucios\" \/>\n<script type=\"application\/ld+json\" class=\"yoast-schema-graph\">{\"@context\":\"https:\/\/schema.org\",\"@graph\":[{\"@type\":\"WebSite\",\"@id\":\"https:\/\/www.oidossucios.com\/site\/#website\",\"url\":\"https:\/\/www.oidossucios.com\/site\/\",\"name\":\"OidosSucios.Com\",\"description\":\"M\\u00fasica, conciertos, discos\",\"potentialAction\":[{\"@type\":\"SearchAction\",\"target\":\"https:\/\/www.oidossucios.com\/site\/?s={search_term_string}\",\"query-input\":\"required name=search_term_string\"}],\"inLanguage\":\"es\"},{\"@type\":\"ImageObject\",\"@id\":\"https:\/\/www.oidossucios.com\/site\/gravity-vuelve-a-cinex\/#primaryimage\",\"inLanguage\":\"es\",\"url\":\"https:\/\/www.oidossucios.com\/site\/wp-content\/uploads\/2014\/03\/8520.jpg\",\"width\":350,\"height\":300},{\"@type\":\"WebPage\",\"@id\":\"https:\/\/www.oidossucios.com\/site\/gravity-vuelve-a-cinex\/#webpage\",\"url\":\"https:\/\/www.oidossucios.com\/site\/gravity-vuelve-a-cinex\/\",\"name\":\"\\\"Gravity\\\" vuelve a Cinex - OidosSucios.Com\",\"isPartOf\":{\"@id\":\"https:\/\/www.oidossucios.com\/site\/#website\"},\"primaryImageOfPage\":{\"@id\":\"https:\/\/www.oidossucios.com\/site\/gravity-vuelve-a-cinex\/#primaryimage\"},\"datePublished\":\"2014-03-12T01:22:00+00:00\",\"dateModified\":\"2014-03-12T01:22:00+00:00\",\"author\":{\"@id\":\"https:\/\/www.oidossucios.com\/site\/#\/schema\/person\/24559eeb76bf83a63296fb072393a688\"},\"description\":\"Cinex coloca nuevamente en su cartelera la pel\\u00edcula del mexicano Alfonso Cuar\\u00f3n\",\"inLanguage\":\"es\",\"potentialAction\":[{\"@type\":\"ReadAction\",\"target\":[\"https:\/\/www.oidossucios.com\/site\/gravity-vuelve-a-cinex\/\"]}]},{\"@type\":[\"Person\"],\"@id\":\"https:\/\/www.oidossucios.com\/site\/#\/schema\/person\/24559eeb76bf83a63296fb072393a688\",\"name\":\"Oidossucios\",\"image\":{\"@type\":\"ImageObject\",\"@id\":\"https:\/\/www.oidossucios.com\/site\/#personlogo\",\"inLanguage\":\"es\",\"url\":\"https:\/\/secure.gravatar.com\/avatar\/74fcb480f42f1a33e50a0b6e6369a3f907be2e43dc84fa5f76c66e9c22b4a5ab?s=96&d=mm&r=g\",\"caption\":\"Oidossucios\"},\"sameAs\":[\"https:\/\/twitter.com\/oidossucios\"]}]}<\/script>\n<!-- \/ Yoast SEO plugin. -->","jetpack_sharing_enabled":true,"_links":{"self":[{"href":"https:\/\/www.oidossucios.com\/site\/wp-json\/wp\/v2\/posts\/8520","targetHints":{"allow":["GET"]}}],"collection":[{"href":"https:\/\/www.oidossucios.com\/site\/wp-json\/wp\/v2\/posts"}],"about":[{"href":"https:\/\/www.oidossucios.com\/site\/wp-json\/wp\/v2\/types\/post"}],"author":[{"embeddable":true,"href":"https:\/\/www.oidossucios.com\/site\/wp-json\/wp\/v2\/users\/4"}],"replies":[{"embeddable":true,"href":"https:\/\/www.oidossucios.com\/site\/wp-json\/wp\/v2\/comments?post=8520"}],"version-history":[{"count":0,"href":"https:\/\/www.oidossucios.com\/site\/wp-json\/wp\/v2\/posts\/8520\/revisions"}],"wp:featuredmedia":[{"embeddable":true,"href":"https:\/\/www.oidossucios.com\/site\/wp-json\/wp\/v2\/media\/100008520"}],"wp:attachment":[{"href":"https:\/\/www.oidossucios.com\/site\/wp-json\/wp\/v2\/media?parent=8520"}],"wp:term":[{"taxonomy":"category","embeddable":true,"href":"https:\/\/www.oidossucios.com\/site\/wp-json\/wp\/v2\/categories?post=8520"},{"taxonomy":"post_tag","embeddable":true,"href":"https:\/\/www.oidossucios.com\/site\/wp-json\/wp\/v2\/tags?post=8520"}],"curies":[{"name":"wp","href":"https:\/\/api.w.org\/{rel}","templated":true}]}}