{"id":854,"date":"2003-10-06T18:00:00","date_gmt":"2003-10-06T18:00:00","guid":{"rendered":"https:\/\/www.oidossucios.com\/site\/2003\/10\/06\/comienza-a-circular-la-edicion-andina-de-la-rolling-stone\/"},"modified":"2003-10-06T18:00:00","modified_gmt":"2003-10-06T18:00:00","slug":"comienza-a-circular-la-edicion-andina-de-la-rolling-stone","status":"publish","type":"post","link":"https:\/\/www.oidossucios.com\/site\/comienza-a-circular-la-edicion-andina-de-la-rolling-stone\/","title":{"rendered":"Comienza a circular la edici\u00f3n andina de la Rolling Stone"},"content":{"rendered":"<p>La revista m\u00e1s prestigiosa del rock a nivel mundial, Rolling Stone, comenzar\u00e1 a circular a partir de esta semana en Colombia, Venezuela, Ecuador, Per\u00fa y Panam\u00e1, en su edici\u00f3n andina.<\/p>\n<p>La revista tendr\u00e1 un tiraje mensual de 35 mil ejemplares, cuyo contenido estar\u00e1 basado en un 75% de art\u00edculos de la edici\u00f3n norteamericana y el 25% restante ser\u00e1 material generado en la zona. Cubriendo Venezuela estar\u00e1n Oscar Medina, Yumber Vera (Fundaci\u00f3n Nuevas Bandas) y William Padr\u00f3n (Tambi\u00e9n redactor de esta p\u00e1gina).<\/p>\n<p>La edici\u00f3n N\u00ba 1, que trae a Andrea Echeverri en la portada y art\u00edculos sobre los Amigos Invisibles, Andr\u00e9s Cabas, Los 100 mejores guitarristas de la historia del rock y Quentin Tarantino, podr\u00e1 encontrarse en todos los kioscos del pa\u00eds a partir de este viernes.<\/p>\n","protected":false},"excerpt":{"rendered":"<p>La revista m\u00e1s prestigiosa de rock a nivel mundial comenzar\u00e1 a circular esta semana en Venezuela con su edici\u00f3n andina.<\/p>\n","protected":false},"author":4,"featured_media":10000850,"comment_status":"open","ping_status":"open","sticky":false,"template":"","format":"standard","meta":{"_jetpack_memberships_contains_paid_content":false,"footnotes":""},"categories":[250],"tags":[310],"class_list":["post-854","post","type-post","status-publish","format-standard","has-post-thumbnail","hentry","category-noticias","tag-rolling-stone"],"jetpack_featured_media_url":"https:\/\/www.oidossucios.com\/site\/wp-content\/uploads\/2003\/09\/850.jpg","yoast_head":"<!-- This site is optimized with the Yoast SEO plugin v14.0.4 - https:\/\/yoast.com\/wordpress\/plugins\/seo\/ -->\n<title>Comienza a circular la edici\u00f3n andina de la Rolling Stone - OidosSucios.Com<\/title>\n<meta name=\"description\" content=\"La edici\u00f3n de este a\u00f1o del festival gratuito m\u00e1s importante del interior del pa\u00eds se llevar\u00e1 finalmente a cabo desde este viernes y hasta el pr\u00f3ximo 11 de octubre.\" \/>\n<meta name=\"robots\" content=\"index, follow\" \/>\n<meta name=\"googlebot\" content=\"index, follow, max-snippet:-1, max-image-preview:large, max-video-preview:-1\" \/>\n<meta name=\"bingbot\" content=\"index, follow, max-snippet:-1, max-image-preview:large, max-video-preview:-1\" \/>\n<link rel=\"canonical\" href=\"https:\/\/www.oidossucios.com\/site\/comienza-a-circular-la-edicion-andina-de-la-rolling-stone\/\" \/>\n<meta property=\"og:locale\" content=\"es_ES\" \/>\n<meta property=\"og:type\" content=\"article\" \/>\n<meta property=\"og:title\" content=\"Comienza a circular la edici\u00f3n andina de la Rolling Stone - OidosSucios.Com\" \/>\n<meta property=\"og:description\" content=\"La edici\u00f3n de este a\u00f1o del festival gratuito m\u00e1s importante del interior del pa\u00eds se llevar\u00e1 finalmente a cabo desde este viernes y hasta el pr\u00f3ximo 11 de octubre.\" \/>\n<meta property=\"og:url\" content=\"https:\/\/www.oidossucios.com\/site\/comienza-a-circular-la-edicion-andina-de-la-rolling-stone\/\" \/>\n<meta property=\"og:site_name\" content=\"OidosSucios.Com\" \/>\n<meta property=\"article:published_time\" content=\"2003-10-06T18:00:00+00:00\" \/>\n<meta property=\"og:image\" content=\"https:\/\/www.oidossucios.com\/site\/wp-content\/uploads\/2003\/09\/850.jpg\" \/>\n\t<meta property=\"og:image:width\" content=\"290\" \/>\n\t<meta property=\"og:image:height\" content=\"100\" \/>\n<meta name=\"twitter:card\" content=\"summary_large_image\" \/>\n<meta name=\"twitter:creator\" content=\"@oidossucios\" \/>\n<script type=\"application\/ld+json\" class=\"yoast-schema-graph\">{\"@context\":\"https:\/\/schema.org\",\"@graph\":[{\"@type\":\"WebSite\",\"@id\":\"https:\/\/www.oidossucios.com\/site\/#website\",\"url\":\"https:\/\/www.oidossucios.com\/site\/\",\"name\":\"OidosSucios.Com\",\"description\":\"M\\u00fasica, conciertos, discos\",\"potentialAction\":[{\"@type\":\"SearchAction\",\"target\":\"https:\/\/www.oidossucios.com\/site\/?s={search_term_string}\",\"query-input\":\"required name=search_term_string\"}],\"inLanguage\":\"es\"},{\"@type\":\"ImageObject\",\"@id\":\"https:\/\/www.oidossucios.com\/site\/comienza-a-circular-la-edicion-andina-de-la-rolling-stone\/#primaryimage\",\"inLanguage\":\"es\",\"url\":\"https:\/\/www.oidossucios.com\/site\/wp-content\/uploads\/2003\/09\/850.jpg\",\"width\":290,\"height\":100},{\"@type\":\"WebPage\",\"@id\":\"https:\/\/www.oidossucios.com\/site\/comienza-a-circular-la-edicion-andina-de-la-rolling-stone\/#webpage\",\"url\":\"https:\/\/www.oidossucios.com\/site\/comienza-a-circular-la-edicion-andina-de-la-rolling-stone\/\",\"name\":\"Comienza a circular la edici\\u00f3n andina de la Rolling Stone - OidosSucios.Com\",\"isPartOf\":{\"@id\":\"https:\/\/www.oidossucios.com\/site\/#website\"},\"primaryImageOfPage\":{\"@id\":\"https:\/\/www.oidossucios.com\/site\/comienza-a-circular-la-edicion-andina-de-la-rolling-stone\/#primaryimage\"},\"datePublished\":\"2003-10-06T18:00:00+00:00\",\"dateModified\":\"2003-10-06T18:00:00+00:00\",\"author\":{\"@id\":\"https:\/\/www.oidossucios.com\/site\/#\/schema\/person\/24559eeb76bf83a63296fb072393a688\"},\"description\":\"La edici\\u00f3n de este a\\u00f1o del festival gratuito m\\u00e1s importante del interior del pa\\u00eds se llevar\\u00e1 finalmente a cabo desde este viernes y hasta el pr\\u00f3ximo 11 de octubre.\",\"inLanguage\":\"es\",\"potentialAction\":[{\"@type\":\"ReadAction\",\"target\":[\"https:\/\/www.oidossucios.com\/site\/comienza-a-circular-la-edicion-andina-de-la-rolling-stone\/\"]}]},{\"@type\":[\"Person\"],\"@id\":\"https:\/\/www.oidossucios.com\/site\/#\/schema\/person\/24559eeb76bf83a63296fb072393a688\",\"name\":\"Oidossucios\",\"image\":{\"@type\":\"ImageObject\",\"@id\":\"https:\/\/www.oidossucios.com\/site\/#personlogo\",\"inLanguage\":\"es\",\"url\":\"https:\/\/secure.gravatar.com\/avatar\/74fcb480f42f1a33e50a0b6e6369a3f907be2e43dc84fa5f76c66e9c22b4a5ab?s=96&d=mm&r=g\",\"caption\":\"Oidossucios\"},\"sameAs\":[\"https:\/\/twitter.com\/oidossucios\"]}]}<\/script>\n<!-- \/ Yoast SEO plugin. -->","jetpack_sharing_enabled":true,"_links":{"self":[{"href":"https:\/\/www.oidossucios.com\/site\/wp-json\/wp\/v2\/posts\/854","targetHints":{"allow":["GET"]}}],"collection":[{"href":"https:\/\/www.oidossucios.com\/site\/wp-json\/wp\/v2\/posts"}],"about":[{"href":"https:\/\/www.oidossucios.com\/site\/wp-json\/wp\/v2\/types\/post"}],"author":[{"embeddable":true,"href":"https:\/\/www.oidossucios.com\/site\/wp-json\/wp\/v2\/users\/4"}],"replies":[{"embeddable":true,"href":"https:\/\/www.oidossucios.com\/site\/wp-json\/wp\/v2\/comments?post=854"}],"version-history":[{"count":0,"href":"https:\/\/www.oidossucios.com\/site\/wp-json\/wp\/v2\/posts\/854\/revisions"}],"wp:featuredmedia":[{"embeddable":true,"href":"https:\/\/www.oidossucios.com\/site\/wp-json\/wp\/v2\/media\/10000850"}],"wp:attachment":[{"href":"https:\/\/www.oidossucios.com\/site\/wp-json\/wp\/v2\/media?parent=854"}],"wp:term":[{"taxonomy":"category","embeddable":true,"href":"https:\/\/www.oidossucios.com\/site\/wp-json\/wp\/v2\/categories?post=854"},{"taxonomy":"post_tag","embeddable":true,"href":"https:\/\/www.oidossucios.com\/site\/wp-json\/wp\/v2\/tags?post=854"}],"curies":[{"name":"wp","href":"https:\/\/api.w.org\/{rel}","templated":true}]}}