{"id":8540,"date":"2014-03-25T01:22:00","date_gmt":"2014-03-25T01:22:00","guid":{"rendered":"https:\/\/www.oidossucios.com\/site\/2014\/03\/25\/conversatorio-un-hijo-bastardo-que-se-rebelo-contra-la-autoridad\/"},"modified":"2020-05-07T09:01:46","modified_gmt":"2020-05-07T13:01:46","slug":"conversatorio-un-hijo-bastardo-que-se-rebelo-contra-la-autoridad","status":"publish","type":"post","link":"https:\/\/www.oidossucios.com\/site\/conversatorio-un-hijo-bastardo-que-se-rebelo-contra-la-autoridad\/","title":{"rendered":"Conversatorio: &#8220;Un hijo bastardo que se rebel\u00f3 contra la autoridad&#8221;"},"content":{"rendered":"<p>Por <\/p>\n<div align=\"justify\">La iniciativa que lleva por nombre &#8220;M\u00fasicos En La Calle&#8221; presenta una actividad cultural destinada a promover la m\u00fasica como medio de expresi\u00f3n. El primer conversatorio que se llevar\u00e1 a cabo en la Librer\u00eda Lugar Com\u00fan el pr\u00f3ximo 29 de marzo lleva por nombre &#8220;Un hijo bastardo que se rebel\u00f3 contra la autoridad&#8221;.<\/p>\n<p>Los invitados para esta cita que ser\u00e1 de 4 pm a 6 pm ser\u00e1n: Sergio P\u00e9rez (Ex Adrenalina Caribe), Horacio Blanco (Desorden P\u00fablico), Edgar Jim\u00e9nez (Ex Sentimiento Muerto), Rafael Cadavieco (Atkinson), Henry Ollarves (BioShaft) y Pablo Mora (Del Pez).<\/p>\n<p>Esta lista de invitados re\u00fane m\u00fasicos de diferentes generaciones que compartir\u00e1n su visi\u00f3n sobre Venezuela, sus vivencias y su posible futuro. Un espacio para conocer diferentes puntos de vista al cual todos podr\u00e1n tener acceso libre. <\/p>\n<p><b>Fecha<\/b>: S\u00e1bado 29 de Marzo<\/p>\n<p><b>Lugar<\/b>: Librer\u00eda Lugar Com\u00fan (Altamira)<\/p>\n<p><b>Hora<\/b>: 4:00 PM &#8211; 6:00 PM<\/p>\n<p><b>Entrada Libre<\/b><\/p>\n<p><b>Ponentes<\/b>:<br \/>Sergio P\u00e9rez (Ex Adrenalina Caribe), Horacio Blanco (Desorden P\u00fablico), Edgar Jim\u00e9nez (Ex Sentimiento Muerto), Rafael Cadavieco (Atkinson), Henry Ollarves (BioShaft), Pablo Mora (Del Pez)<\/p>\n<p><b>Moderador<\/b>: William Padr\u00f3n  <\/div>\n","protected":false},"excerpt":{"rendered":"<p>M\u00fasicos En La Calle invita a participar en el conversatorio sobre el rock el pr\u00f3ximo 29 de marzo <\/p>\n","protected":false},"author":5,"featured_media":100008540,"comment_status":"open","ping_status":"open","sticky":false,"template":"","format":"standard","meta":{"_jetpack_memberships_contains_paid_content":false,"footnotes":""},"categories":[695],"tags":[],"class_list":["post-8540","post","type-post","status-publish","format-standard","has-post-thumbnail","hentry","category-articulos"],"jetpack_featured_media_url":"https:\/\/www.oidossucios.com\/site\/wp-content\/uploads\/2014\/03\/8540.jpg","yoast_head":"<!-- This site is optimized with the Yoast SEO plugin v14.0.4 - https:\/\/yoast.com\/wordpress\/plugins\/seo\/ -->\n<title>Conversatorio: &quot;Un hijo bastardo que se rebel\u00f3 contra la autoridad&quot; - OidosSucios.Com<\/title>\n<meta name=\"description\" content=\"M\u00fasicos En La Calle invita a participar en el conversatorio sobre el rock el pr\u00f3ximo 29 de marzo\" \/>\n<meta name=\"robots\" content=\"index, follow\" \/>\n<meta name=\"googlebot\" content=\"index, follow, max-snippet:-1, max-image-preview:large, max-video-preview:-1\" \/>\n<meta name=\"bingbot\" content=\"index, follow, max-snippet:-1, max-image-preview:large, max-video-preview:-1\" \/>\n<link rel=\"canonical\" href=\"https:\/\/www.oidossucios.com\/site\/conversatorio-un-hijo-bastardo-que-se-rebelo-contra-la-autoridad\/\" \/>\n<meta property=\"og:locale\" content=\"es_ES\" \/>\n<meta property=\"og:type\" content=\"article\" \/>\n<meta property=\"og:title\" content=\"Conversatorio: &quot;Un hijo bastardo que se rebel\u00f3 contra la autoridad&quot; - OidosSucios.Com\" \/>\n<meta property=\"og:description\" content=\"M\u00fasicos En La Calle invita a participar en el conversatorio sobre el rock el pr\u00f3ximo 29 de marzo\" \/>\n<meta property=\"og:url\" content=\"https:\/\/www.oidossucios.com\/site\/conversatorio-un-hijo-bastardo-que-se-rebelo-contra-la-autoridad\/\" \/>\n<meta property=\"og:site_name\" content=\"OidosSucios.Com\" \/>\n<meta property=\"article:published_time\" content=\"2014-03-25T01:22:00+00:00\" \/>\n<meta property=\"article:modified_time\" content=\"2020-05-07T13:01:46+00:00\" \/>\n<meta property=\"og:image\" content=\"https:\/\/www.oidossucios.com\/site\/wp-content\/uploads\/2014\/03\/8540.jpg\" \/>\n\t<meta property=\"og:image:width\" content=\"350\" \/>\n\t<meta property=\"og:image:height\" content=\"300\" \/>\n<meta name=\"twitter:card\" content=\"summary_large_image\" \/>\n<script type=\"application\/ld+json\" class=\"yoast-schema-graph\">{\"@context\":\"https:\/\/schema.org\",\"@graph\":[{\"@type\":\"WebSite\",\"@id\":\"https:\/\/www.oidossucios.com\/site\/#website\",\"url\":\"https:\/\/www.oidossucios.com\/site\/\",\"name\":\"OidosSucios.Com\",\"description\":\"M\\u00fasica, conciertos, discos\",\"potentialAction\":[{\"@type\":\"SearchAction\",\"target\":\"https:\/\/www.oidossucios.com\/site\/?s={search_term_string}\",\"query-input\":\"required name=search_term_string\"}],\"inLanguage\":\"es\"},{\"@type\":\"ImageObject\",\"@id\":\"https:\/\/www.oidossucios.com\/site\/conversatorio-un-hijo-bastardo-que-se-rebelo-contra-la-autoridad\/#primaryimage\",\"inLanguage\":\"es\",\"url\":\"https:\/\/www.oidossucios.com\/site\/wp-content\/uploads\/2014\/03\/8540.jpg\",\"width\":350,\"height\":300},{\"@type\":\"WebPage\",\"@id\":\"https:\/\/www.oidossucios.com\/site\/conversatorio-un-hijo-bastardo-que-se-rebelo-contra-la-autoridad\/#webpage\",\"url\":\"https:\/\/www.oidossucios.com\/site\/conversatorio-un-hijo-bastardo-que-se-rebelo-contra-la-autoridad\/\",\"name\":\"Conversatorio: \\\"Un hijo bastardo que se rebel\\u00f3 contra la autoridad\\\" - OidosSucios.Com\",\"isPartOf\":{\"@id\":\"https:\/\/www.oidossucios.com\/site\/#website\"},\"primaryImageOfPage\":{\"@id\":\"https:\/\/www.oidossucios.com\/site\/conversatorio-un-hijo-bastardo-que-se-rebelo-contra-la-autoridad\/#primaryimage\"},\"datePublished\":\"2014-03-25T01:22:00+00:00\",\"dateModified\":\"2020-05-07T13:01:46+00:00\",\"author\":{\"@id\":\"https:\/\/www.oidossucios.com\/site\/#\/schema\/person\/86003dbc27b5bafcdc8f74fb19ba003d\"},\"description\":\"M\\u00fasicos En La Calle invita a participar en el conversatorio sobre el rock el pr\\u00f3ximo 29 de marzo\",\"inLanguage\":\"es\",\"potentialAction\":[{\"@type\":\"ReadAction\",\"target\":[\"https:\/\/www.oidossucios.com\/site\/conversatorio-un-hijo-bastardo-que-se-rebelo-contra-la-autoridad\/\"]}]},{\"@type\":[\"Person\"],\"@id\":\"https:\/\/www.oidossucios.com\/site\/#\/schema\/person\/86003dbc27b5bafcdc8f74fb19ba003d\",\"name\":\"William Padr\\u00f3n\",\"image\":{\"@type\":\"ImageObject\",\"@id\":\"https:\/\/www.oidossucios.com\/site\/#personlogo\",\"inLanguage\":\"es\",\"url\":\"https:\/\/secure.gravatar.com\/avatar\/003975d8c3db4635ecc3a4ea5c2b8b6ad4aaecb6725be29a5dec3a5a2fd215eb?s=96&d=mm&r=g\",\"caption\":\"William Padr\\u00f3n\"}}]}<\/script>\n<!-- \/ Yoast SEO plugin. -->","jetpack_sharing_enabled":true,"_links":{"self":[{"href":"https:\/\/www.oidossucios.com\/site\/wp-json\/wp\/v2\/posts\/8540","targetHints":{"allow":["GET"]}}],"collection":[{"href":"https:\/\/www.oidossucios.com\/site\/wp-json\/wp\/v2\/posts"}],"about":[{"href":"https:\/\/www.oidossucios.com\/site\/wp-json\/wp\/v2\/types\/post"}],"author":[{"embeddable":true,"href":"https:\/\/www.oidossucios.com\/site\/wp-json\/wp\/v2\/users\/5"}],"replies":[{"embeddable":true,"href":"https:\/\/www.oidossucios.com\/site\/wp-json\/wp\/v2\/comments?post=8540"}],"version-history":[{"count":1,"href":"https:\/\/www.oidossucios.com\/site\/wp-json\/wp\/v2\/posts\/8540\/revisions"}],"predecessor-version":[{"id":111116736,"href":"https:\/\/www.oidossucios.com\/site\/wp-json\/wp\/v2\/posts\/8540\/revisions\/111116736"}],"wp:featuredmedia":[{"embeddable":true,"href":"https:\/\/www.oidossucios.com\/site\/wp-json\/wp\/v2\/media\/100008540"}],"wp:attachment":[{"href":"https:\/\/www.oidossucios.com\/site\/wp-json\/wp\/v2\/media?parent=8540"}],"wp:term":[{"taxonomy":"category","embeddable":true,"href":"https:\/\/www.oidossucios.com\/site\/wp-json\/wp\/v2\/categories?post=8540"},{"taxonomy":"post_tag","embeddable":true,"href":"https:\/\/www.oidossucios.com\/site\/wp-json\/wp\/v2\/tags?post=8540"}],"curies":[{"name":"wp","href":"https:\/\/api.w.org\/{rel}","templated":true}]}}