{"id":8548,"date":"2014-03-26T16:38:00","date_gmt":"2014-03-26T16:38:00","guid":{"rendered":"https:\/\/www.oidossucios.com\/site\/2014\/03\/26\/elefreak-en-el-megaweekend-de-la-mega\/"},"modified":"2014-03-26T16:38:00","modified_gmt":"2014-03-26T16:38:00","slug":"elefreak-en-el-megaweekend-de-la-mega","status":"publish","type":"post","link":"https:\/\/www.oidossucios.com\/site\/elefreak-en-el-megaweekend-de-la-mega\/","title":{"rendered":"Elefreak en el Megaweekend de La Mega"},"content":{"rendered":"\n<div align=\"justify\">Luego del lanzamiento oficial del segundo \u00e1lbum de Elefreak llamado &#8220;EP02\/CONTRACORRIENTE&#8221;, la agrupaci\u00f3n continua la promoci\u00f3n del mismo con la transmisi\u00f3n de un Megaweekend por el circuito Mega a nivel nacional. Durante este fin de semana, cada media hora podr\u00e1s escuchar los temas&nbsp; &#8220;Contracorritente&#8221;, &#8220;Fe&#8221;, &#8220;Olv\u00eddame&#8221;, &#8220;La Espera&#8221; y &#8220;El Necio&#8221;.<\/p>\n<p>Para conocer el trabajo de esta agrupaci\u00f3n venezolana, no dejes de escucharlos este fin de semana a trav\u00e9s de La Mega. Elefreak recientemente estren\u00f3 dos videoclips correspondientes a los temas &#8220;Contracorriente&#8221; y &#8220;Fe&#8221;, siendo este \u00faltimo censurado por Youtube. <\/p>\n<p>Si quieres mantenerte informado sobre las noticias m\u00e1s recientes de la banda, s\u00edguelos en <a title=\"Twitter - Elefreak\" target=\"_blank\" href=\"https:\/\/twitter.com\/elefreak\" rel=\"noopener noreferrer\">Twitter<\/a>, <a title=\"Facebook - Elefreak\" target=\"_blank\" href=\"https:\/\/www.facebook.com\/elefreak\" rel=\"noopener noreferrer\">Facebook<\/a> y su <a title=\"p\u00e1gina oficial de Elefreak\" target=\"_blank\" href=\"www.elefreak.com\" rel=\"noopener noreferrer\">p\u00e1gina<\/a> oficial. <\/div>\n<p><b><br \/>Video &#8211; Contracorriente:<\/b><\/p>\n<p> <iframe loading=\"lazy\" width=\"600\" height=\"400\" frameborder=\"0\" allowfullscreen=\"\" src=\"http:\/\/www.youtube.com\/embed\/JJlRFzQRW0M?feature=player_detailpage\"><\/iframe><\/p>\n<p><b>Video &#8211; Fe:<\/b><\/p>\n<p> <iframe loading=\"lazy\" width=\"500\" height=\"281\" frameborder=\"0\" webkitallowfullscreen=\"\" mozallowfullscreen=\"\" allowfullscreen=\"\" src=\"http:\/\/player.vimeo.com\/video\/72301104?portrait=0&amp;color=ffffff\"><\/iframe>  <\/p>\n<p><a href=\"http:\/\/vimeo.com\/72301104\">Elefreak &#8220;FE (Uncensored Version)&#8221;<\/a> from <a href=\"http:\/\/vimeo.com\/vadimlasca\">Vadim Lasca<\/a> on <a href=\"https:\/\/vimeo.com\/\">Vimeo<\/a>.<\/p>\n","protected":false},"excerpt":{"rendered":"<p>La agrupaci\u00f3n venezolana sonar\u00e1 en el circuito La Mega a nivel nacional cada media hora durante este fin de semana. <\/p>\n","protected":false},"author":4,"featured_media":100008548,"comment_status":"open","ping_status":"open","sticky":false,"template":"","format":"standard","meta":{"_jetpack_memberships_contains_paid_content":false,"footnotes":""},"categories":[142],"tags":[],"class_list":["post-8548","post","type-post","status-publish","format-standard","has-post-thumbnail","hentry","category-buzznews"],"jetpack_featured_media_url":"https:\/\/www.oidossucios.com\/site\/wp-content\/uploads\/2014\/03\/8548.jpg","yoast_head":"<!-- This site is optimized with the Yoast SEO plugin v14.0.4 - https:\/\/yoast.com\/wordpress\/plugins\/seo\/ -->\n<title>Elefreak en el Megaweekend de La Mega - OidosSucios.Com<\/title>\n<meta name=\"description\" content=\"La agrupaci\u00f3n venezolana sonar\u00e1 en el circuito La Mega a nivel nacional cada media hora durante este fin de semana.\" \/>\n<meta name=\"robots\" content=\"index, follow\" \/>\n<meta name=\"googlebot\" content=\"index, follow, max-snippet:-1, max-image-preview:large, max-video-preview:-1\" \/>\n<meta name=\"bingbot\" content=\"index, follow, max-snippet:-1, max-image-preview:large, max-video-preview:-1\" \/>\n<link rel=\"canonical\" href=\"https:\/\/www.oidossucios.com\/site\/elefreak-en-el-megaweekend-de-la-mega\/\" \/>\n<meta property=\"og:locale\" content=\"es_ES\" \/>\n<meta property=\"og:type\" content=\"article\" \/>\n<meta property=\"og:title\" content=\"Elefreak en el Megaweekend de La Mega - OidosSucios.Com\" \/>\n<meta property=\"og:description\" content=\"La agrupaci\u00f3n venezolana sonar\u00e1 en el circuito La Mega a nivel nacional cada media hora durante este fin de semana.\" \/>\n<meta property=\"og:url\" content=\"https:\/\/www.oidossucios.com\/site\/elefreak-en-el-megaweekend-de-la-mega\/\" \/>\n<meta property=\"og:site_name\" content=\"OidosSucios.Com\" \/>\n<meta property=\"article:published_time\" content=\"2014-03-26T16:38:00+00:00\" \/>\n<meta property=\"og:image\" content=\"https:\/\/www.oidossucios.com\/site\/wp-content\/uploads\/2014\/03\/8548.jpg\" \/>\n\t<meta property=\"og:image:width\" content=\"350\" \/>\n\t<meta property=\"og:image:height\" content=\"300\" \/>\n<meta name=\"twitter:card\" content=\"summary_large_image\" \/>\n<meta name=\"twitter:creator\" content=\"@oidossucios\" \/>\n<script type=\"application\/ld+json\" class=\"yoast-schema-graph\">{\"@context\":\"https:\/\/schema.org\",\"@graph\":[{\"@type\":\"WebSite\",\"@id\":\"https:\/\/www.oidossucios.com\/site\/#website\",\"url\":\"https:\/\/www.oidossucios.com\/site\/\",\"name\":\"OidosSucios.Com\",\"description\":\"M\\u00fasica, conciertos, discos\",\"potentialAction\":[{\"@type\":\"SearchAction\",\"target\":\"https:\/\/www.oidossucios.com\/site\/?s={search_term_string}\",\"query-input\":\"required name=search_term_string\"}],\"inLanguage\":\"es\"},{\"@type\":\"ImageObject\",\"@id\":\"https:\/\/www.oidossucios.com\/site\/elefreak-en-el-megaweekend-de-la-mega\/#primaryimage\",\"inLanguage\":\"es\",\"url\":\"https:\/\/www.oidossucios.com\/site\/wp-content\/uploads\/2014\/03\/8548.jpg\",\"width\":350,\"height\":300},{\"@type\":\"WebPage\",\"@id\":\"https:\/\/www.oidossucios.com\/site\/elefreak-en-el-megaweekend-de-la-mega\/#webpage\",\"url\":\"https:\/\/www.oidossucios.com\/site\/elefreak-en-el-megaweekend-de-la-mega\/\",\"name\":\"Elefreak en el Megaweekend de La Mega - OidosSucios.Com\",\"isPartOf\":{\"@id\":\"https:\/\/www.oidossucios.com\/site\/#website\"},\"primaryImageOfPage\":{\"@id\":\"https:\/\/www.oidossucios.com\/site\/elefreak-en-el-megaweekend-de-la-mega\/#primaryimage\"},\"datePublished\":\"2014-03-26T16:38:00+00:00\",\"dateModified\":\"2014-03-26T16:38:00+00:00\",\"author\":{\"@id\":\"https:\/\/www.oidossucios.com\/site\/#\/schema\/person\/24559eeb76bf83a63296fb072393a688\"},\"description\":\"La agrupaci\\u00f3n venezolana sonar\\u00e1 en el circuito La Mega a nivel nacional cada media hora durante este fin de semana.\",\"inLanguage\":\"es\",\"potentialAction\":[{\"@type\":\"ReadAction\",\"target\":[\"https:\/\/www.oidossucios.com\/site\/elefreak-en-el-megaweekend-de-la-mega\/\"]}]},{\"@type\":[\"Person\"],\"@id\":\"https:\/\/www.oidossucios.com\/site\/#\/schema\/person\/24559eeb76bf83a63296fb072393a688\",\"name\":\"Oidossucios\",\"image\":{\"@type\":\"ImageObject\",\"@id\":\"https:\/\/www.oidossucios.com\/site\/#personlogo\",\"inLanguage\":\"es\",\"url\":\"https:\/\/secure.gravatar.com\/avatar\/74fcb480f42f1a33e50a0b6e6369a3f907be2e43dc84fa5f76c66e9c22b4a5ab?s=96&d=mm&r=g\",\"caption\":\"Oidossucios\"},\"sameAs\":[\"https:\/\/twitter.com\/oidossucios\"]}]}<\/script>\n<!-- \/ Yoast SEO plugin. -->","jetpack_sharing_enabled":true,"_links":{"self":[{"href":"https:\/\/www.oidossucios.com\/site\/wp-json\/wp\/v2\/posts\/8548","targetHints":{"allow":["GET"]}}],"collection":[{"href":"https:\/\/www.oidossucios.com\/site\/wp-json\/wp\/v2\/posts"}],"about":[{"href":"https:\/\/www.oidossucios.com\/site\/wp-json\/wp\/v2\/types\/post"}],"author":[{"embeddable":true,"href":"https:\/\/www.oidossucios.com\/site\/wp-json\/wp\/v2\/users\/4"}],"replies":[{"embeddable":true,"href":"https:\/\/www.oidossucios.com\/site\/wp-json\/wp\/v2\/comments?post=8548"}],"version-history":[{"count":0,"href":"https:\/\/www.oidossucios.com\/site\/wp-json\/wp\/v2\/posts\/8548\/revisions"}],"wp:featuredmedia":[{"embeddable":true,"href":"https:\/\/www.oidossucios.com\/site\/wp-json\/wp\/v2\/media\/100008548"}],"wp:attachment":[{"href":"https:\/\/www.oidossucios.com\/site\/wp-json\/wp\/v2\/media?parent=8548"}],"wp:term":[{"taxonomy":"category","embeddable":true,"href":"https:\/\/www.oidossucios.com\/site\/wp-json\/wp\/v2\/categories?post=8548"},{"taxonomy":"post_tag","embeddable":true,"href":"https:\/\/www.oidossucios.com\/site\/wp-json\/wp\/v2\/tags?post=8548"}],"curies":[{"name":"wp","href":"https:\/\/api.w.org\/{rel}","templated":true}]}}