{"id":8559,"date":"2014-04-02T01:39:00","date_gmt":"2014-04-02T01:39:00","guid":{"rendered":"https:\/\/www.oidossucios.com\/site\/2014\/04\/02\/curva-sur-estrena-nuevo-video-de-circulo-de-fuego\/"},"modified":"2014-04-02T01:39:00","modified_gmt":"2014-04-02T01:39:00","slug":"curva-sur-estrena-nuevo-video-de-circulo-de-fuego","status":"publish","type":"post","link":"https:\/\/www.oidossucios.com\/site\/curva-sur-estrena-nuevo-video-de-circulo-de-fuego\/","title":{"rendered":"Curva Sur estrena nuevo video  de &quot;Circulo de Fuego&quot;"},"content":{"rendered":"\n<div align=\"justify\">&#8220;Circulo de Fuego&#8221; es el tema elegido por Curva Sur para su primer video oficial. El concepto fue desarrollado por la banda y contaron con la direcci\u00f3n\/producci\u00f3n de Jake Pierce de Red Boss Productions (Australia).<\/p>\n<p>El tema forma parte de su m\u00e1s reciente producci\u00f3n discogr\u00e1fica titulada &#8220;Unidos Contra Todo&#8221;, el cual fue lanzado el pasado mes de febrero y puede ser adquirido en su <a title=\"P\u00e1gina Oficial de Curva Sur\" target=\"_blank\" href=\"www.curvasur.com\" rel=\"noopener noreferrer\">p\u00e1gina oficial<\/a>.<\/p>\n<p>Mario Prati, baterista de Curva Sur comenta: &#8220;Estuvimos mucho tiempo buscando alguien que de verdad nos sorprendiera, estos panas entendieron perfectamente nuestro concepto y lograron algo especial. \u0091Circulo de Fuego\u0092 es un tema brutal, s\u00f3lo dura 1 minuto pero es uno de nuestros favoritos, el mensaje es bastante claro y el video muestra im\u00e1genes que van a resonar con muchas personas.&#8221;<\/p>\n<p>La banda continuar\u00e1 su gira ahora visitando el Oriente del pa\u00eds en las siguientes fechas:<\/p>\n<p>10\/04 \u0096 Rockandrolla, Maturin<br \/>11\/04 \u0096 Tiburon Club, Puerto La Cruz<br \/>12\/04 \u0096 Hardcore Bar, El Tigre<\/p>\n<p>Para m\u00e1s informaci\u00f3n visita <a title=\"p\u00e1gina oficial de Curva Sur\" target=\"_blank\" href=\"www.curvasur.com\" rel=\"noopener noreferrer\">www.curvasur.com<\/a><\/p>\n<p>Fuente: Nota de Prensa<\/p>\n<p>  <\/div>\n<p> <iframe loading=\"lazy\" width=\"600\" height=\"400\" frameborder=\"0\" allowfullscreen=\"\" src=\"http:\/\/www.youtube.com\/embed\/Vbj99dn5_kI?feature=player_detailpage\"><\/iframe><\/p>\n","protected":false},"excerpt":{"rendered":"<p>La agrupaci\u00f3n Curva Sur estrena su primer video oficial titulado &quot;Circulo de Fuego&quot;<\/p>\n","protected":false},"author":4,"featured_media":100008559,"comment_status":"open","ping_status":"open","sticky":false,"template":"","format":"standard","meta":{"_jetpack_memberships_contains_paid_content":false,"footnotes":""},"categories":[142],"tags":[],"class_list":["post-8559","post","type-post","status-publish","format-standard","has-post-thumbnail","hentry","category-buzznews"],"jetpack_featured_media_url":"https:\/\/www.oidossucios.com\/site\/wp-content\/uploads\/2014\/04\/8559.jpg","yoast_head":"<!-- This site is optimized with the Yoast SEO plugin v14.0.4 - https:\/\/yoast.com\/wordpress\/plugins\/seo\/ -->\n<title>Curva Sur estrena nuevo video de &quot;Circulo de Fuego&quot; - OidosSucios.Com<\/title>\n<meta name=\"description\" content=\"La agrupaci\u00f3n Curva Sur estrena su primer video oficial titulado &quot;Circulo de Fuego&quot;\" \/>\n<meta name=\"robots\" content=\"index, follow\" \/>\n<meta name=\"googlebot\" content=\"index, follow, max-snippet:-1, max-image-preview:large, max-video-preview:-1\" \/>\n<meta name=\"bingbot\" content=\"index, follow, max-snippet:-1, max-image-preview:large, max-video-preview:-1\" \/>\n<link rel=\"canonical\" href=\"https:\/\/www.oidossucios.com\/site\/curva-sur-estrena-nuevo-video-de-circulo-de-fuego\/\" \/>\n<meta property=\"og:locale\" content=\"es_ES\" \/>\n<meta property=\"og:type\" content=\"article\" \/>\n<meta property=\"og:title\" content=\"Curva Sur estrena nuevo video de &quot;Circulo de Fuego&quot; - OidosSucios.Com\" \/>\n<meta property=\"og:description\" content=\"La agrupaci\u00f3n Curva Sur estrena su primer video oficial titulado &quot;Circulo de Fuego&quot;\" \/>\n<meta property=\"og:url\" content=\"https:\/\/www.oidossucios.com\/site\/curva-sur-estrena-nuevo-video-de-circulo-de-fuego\/\" \/>\n<meta property=\"og:site_name\" content=\"OidosSucios.Com\" \/>\n<meta property=\"article:published_time\" content=\"2014-04-02T01:39:00+00:00\" \/>\n<meta property=\"og:image\" content=\"https:\/\/www.oidossucios.com\/site\/wp-content\/uploads\/2014\/04\/8559.jpg\" \/>\n\t<meta property=\"og:image:width\" content=\"350\" \/>\n\t<meta property=\"og:image:height\" content=\"300\" \/>\n<meta name=\"twitter:card\" content=\"summary_large_image\" \/>\n<meta name=\"twitter:creator\" content=\"@oidossucios\" \/>\n<script type=\"application\/ld+json\" class=\"yoast-schema-graph\">{\"@context\":\"https:\/\/schema.org\",\"@graph\":[{\"@type\":\"WebSite\",\"@id\":\"https:\/\/www.oidossucios.com\/site\/#website\",\"url\":\"https:\/\/www.oidossucios.com\/site\/\",\"name\":\"OidosSucios.Com\",\"description\":\"M\\u00fasica, conciertos, discos\",\"potentialAction\":[{\"@type\":\"SearchAction\",\"target\":\"https:\/\/www.oidossucios.com\/site\/?s={search_term_string}\",\"query-input\":\"required name=search_term_string\"}],\"inLanguage\":\"es\"},{\"@type\":\"ImageObject\",\"@id\":\"https:\/\/www.oidossucios.com\/site\/curva-sur-estrena-nuevo-video-de-circulo-de-fuego\/#primaryimage\",\"inLanguage\":\"es\",\"url\":\"https:\/\/www.oidossucios.com\/site\/wp-content\/uploads\/2014\/04\/8559.jpg\",\"width\":350,\"height\":300},{\"@type\":\"WebPage\",\"@id\":\"https:\/\/www.oidossucios.com\/site\/curva-sur-estrena-nuevo-video-de-circulo-de-fuego\/#webpage\",\"url\":\"https:\/\/www.oidossucios.com\/site\/curva-sur-estrena-nuevo-video-de-circulo-de-fuego\/\",\"name\":\"Curva Sur estrena nuevo video de &quot;Circulo de Fuego&quot; - OidosSucios.Com\",\"isPartOf\":{\"@id\":\"https:\/\/www.oidossucios.com\/site\/#website\"},\"primaryImageOfPage\":{\"@id\":\"https:\/\/www.oidossucios.com\/site\/curva-sur-estrena-nuevo-video-de-circulo-de-fuego\/#primaryimage\"},\"datePublished\":\"2014-04-02T01:39:00+00:00\",\"dateModified\":\"2014-04-02T01:39:00+00:00\",\"author\":{\"@id\":\"https:\/\/www.oidossucios.com\/site\/#\/schema\/person\/24559eeb76bf83a63296fb072393a688\"},\"description\":\"La agrupaci\\u00f3n Curva Sur estrena su primer video oficial titulado &quot;Circulo de Fuego&quot;\",\"inLanguage\":\"es\",\"potentialAction\":[{\"@type\":\"ReadAction\",\"target\":[\"https:\/\/www.oidossucios.com\/site\/curva-sur-estrena-nuevo-video-de-circulo-de-fuego\/\"]}]},{\"@type\":[\"Person\"],\"@id\":\"https:\/\/www.oidossucios.com\/site\/#\/schema\/person\/24559eeb76bf83a63296fb072393a688\",\"name\":\"Oidossucios\",\"image\":{\"@type\":\"ImageObject\",\"@id\":\"https:\/\/www.oidossucios.com\/site\/#personlogo\",\"inLanguage\":\"es\",\"url\":\"https:\/\/secure.gravatar.com\/avatar\/74fcb480f42f1a33e50a0b6e6369a3f907be2e43dc84fa5f76c66e9c22b4a5ab?s=96&d=mm&r=g\",\"caption\":\"Oidossucios\"},\"sameAs\":[\"https:\/\/twitter.com\/oidossucios\"]}]}<\/script>\n<!-- \/ Yoast SEO plugin. -->","jetpack_sharing_enabled":true,"_links":{"self":[{"href":"https:\/\/www.oidossucios.com\/site\/wp-json\/wp\/v2\/posts\/8559","targetHints":{"allow":["GET"]}}],"collection":[{"href":"https:\/\/www.oidossucios.com\/site\/wp-json\/wp\/v2\/posts"}],"about":[{"href":"https:\/\/www.oidossucios.com\/site\/wp-json\/wp\/v2\/types\/post"}],"author":[{"embeddable":true,"href":"https:\/\/www.oidossucios.com\/site\/wp-json\/wp\/v2\/users\/4"}],"replies":[{"embeddable":true,"href":"https:\/\/www.oidossucios.com\/site\/wp-json\/wp\/v2\/comments?post=8559"}],"version-history":[{"count":0,"href":"https:\/\/www.oidossucios.com\/site\/wp-json\/wp\/v2\/posts\/8559\/revisions"}],"wp:featuredmedia":[{"embeddable":true,"href":"https:\/\/www.oidossucios.com\/site\/wp-json\/wp\/v2\/media\/100008559"}],"wp:attachment":[{"href":"https:\/\/www.oidossucios.com\/site\/wp-json\/wp\/v2\/media?parent=8559"}],"wp:term":[{"taxonomy":"category","embeddable":true,"href":"https:\/\/www.oidossucios.com\/site\/wp-json\/wp\/v2\/categories?post=8559"},{"taxonomy":"post_tag","embeddable":true,"href":"https:\/\/www.oidossucios.com\/site\/wp-json\/wp\/v2\/tags?post=8559"}],"curies":[{"name":"wp","href":"https:\/\/api.w.org\/{rel}","templated":true}]}}