{"id":8580,"date":"2014-04-14T20:39:00","date_gmt":"2014-04-14T20:39:00","guid":{"rendered":"https:\/\/www.oidossucios.com\/site\/2014\/04\/14\/deftones-estreno-tema-dedicado-a-chi-cheng\/"},"modified":"2014-04-14T20:39:00","modified_gmt":"2014-04-14T20:39:00","slug":"deftones-estreno-tema-dedicado-a-chi-cheng","status":"publish","type":"post","link":"https:\/\/www.oidossucios.com\/site\/deftones-estreno-tema-dedicado-a-chi-cheng\/","title":{"rendered":"Deftones estren\u00f3 tema dedicado a Chi Cheng"},"content":{"rendered":"\n<div align=\"justify\">El 4 de noviembre del a\u00f1o 2008 el bajista de Deftones, Chi Cheng, sufri\u00f3 un terrible accidente automovil\u00edstico que posteriormente lo dejar\u00eda en coma y con el paso de los a\u00f1os, es decir el 13 de abril de 2013, todo desencadenar\u00eda en un fallo card\u00edaco y junto con eso, la muerte del m\u00fasico a sus 42 a\u00f1os de edad.<\/p>\n<p>Hoy se cumple un a\u00f1o de su muerte, y como era de esperar sus antiguos compa\u00f1eros y amigos se han acordado del tr\u00e1gico acontecimiento y han hecho honor a su memoria. Soltaron un corte totalmente in\u00e9dito que lleva el nombre de &#8220;Smile&#8221;, el cual pertenece al \u00e1lbum Eros, el mismo en el que se encontraba la banda trabajando cuando ocurri\u00f3 el accidente. Finalmente, dicho trabajo, nunca ha salido al mercado.<\/p>\n<p>Fue el l\u00edder y vocalista de la banda, Chino Moreno quien comparti\u00f3 el corte mediante las redes sociales, tanto en Facebook como en Twitter, de hecho, en esta \u00faltima comparti\u00f3 un sentido mensaje:<\/p>\n<p>Chi, te extra\u00f1amos hoy y todos los d\u00edas.<\/p>\n<p>El tema en cuesti\u00f3n es muy acorde con los sentimientos que deben tener cada uno de los miembros de la banda. Un canci\u00f3n muy escura con el sello cl\u00e1sico de Deftones. Ac\u00e1, &#8220;Smile&#8221;:<\/p><\/div>\n<p> <iframe loading=\"lazy\" width=\"600\" height=\"400\" frameborder=\"0\" allowfullscreen=\"\" src=\"http:\/\/www.youtube.com\/embed\/In-x77Tx8xk?feature=player_embedded\"><\/iframe><\/p>\n<p>Fuente: Cancha General<\/p>\n","protected":false},"excerpt":{"rendered":"<p>Al cumplirse un a\u00f1o de la tr\u00e1gica muerte del bajista de Deftones, la banda le hace homenaje al publicar un tema dedicado a Chi Cheng<\/p>\n","protected":false},"author":4,"featured_media":100008580,"comment_status":"open","ping_status":"open","sticky":false,"template":"","format":"standard","meta":{"_jetpack_memberships_contains_paid_content":false,"footnotes":""},"categories":[142],"tags":[],"class_list":["post-8580","post","type-post","status-publish","format-standard","has-post-thumbnail","hentry","category-buzznews"],"jetpack_featured_media_url":"https:\/\/www.oidossucios.com\/site\/wp-content\/uploads\/2014\/04\/8580.jpg","yoast_head":"<!-- This site is optimized with the Yoast SEO plugin v14.0.4 - https:\/\/yoast.com\/wordpress\/plugins\/seo\/ -->\n<title>Deftones estren\u00f3 tema dedicado a Chi Cheng - OidosSucios.Com<\/title>\n<meta name=\"description\" content=\"Al cumplirse un a\u00f1o de la tr\u00e1gica muerte del bajista de Deftones, la banda le hace homenaje al publicar un tema dedicado a Chi Cheng\" \/>\n<meta name=\"robots\" content=\"index, follow\" \/>\n<meta name=\"googlebot\" content=\"index, follow, max-snippet:-1, max-image-preview:large, max-video-preview:-1\" \/>\n<meta name=\"bingbot\" content=\"index, follow, max-snippet:-1, max-image-preview:large, max-video-preview:-1\" \/>\n<link rel=\"canonical\" href=\"https:\/\/www.oidossucios.com\/site\/deftones-estreno-tema-dedicado-a-chi-cheng\/\" \/>\n<meta property=\"og:locale\" content=\"es_ES\" \/>\n<meta property=\"og:type\" content=\"article\" \/>\n<meta property=\"og:title\" content=\"Deftones estren\u00f3 tema dedicado a Chi Cheng - OidosSucios.Com\" \/>\n<meta property=\"og:description\" content=\"Al cumplirse un a\u00f1o de la tr\u00e1gica muerte del bajista de Deftones, la banda le hace homenaje al publicar un tema dedicado a Chi Cheng\" \/>\n<meta property=\"og:url\" content=\"https:\/\/www.oidossucios.com\/site\/deftones-estreno-tema-dedicado-a-chi-cheng\/\" \/>\n<meta property=\"og:site_name\" content=\"OidosSucios.Com\" \/>\n<meta property=\"article:published_time\" content=\"2014-04-14T20:39:00+00:00\" \/>\n<meta property=\"og:image\" content=\"https:\/\/www.oidossucios.com\/site\/wp-content\/uploads\/2014\/04\/8580.jpg\" \/>\n\t<meta property=\"og:image:width\" content=\"350\" \/>\n\t<meta property=\"og:image:height\" content=\"300\" \/>\n<meta name=\"twitter:card\" content=\"summary_large_image\" \/>\n<meta name=\"twitter:creator\" content=\"@oidossucios\" \/>\n<script type=\"application\/ld+json\" class=\"yoast-schema-graph\">{\"@context\":\"https:\/\/schema.org\",\"@graph\":[{\"@type\":\"WebSite\",\"@id\":\"https:\/\/www.oidossucios.com\/site\/#website\",\"url\":\"https:\/\/www.oidossucios.com\/site\/\",\"name\":\"OidosSucios.Com\",\"description\":\"M\\u00fasica, conciertos, discos\",\"potentialAction\":[{\"@type\":\"SearchAction\",\"target\":\"https:\/\/www.oidossucios.com\/site\/?s={search_term_string}\",\"query-input\":\"required name=search_term_string\"}],\"inLanguage\":\"es\"},{\"@type\":\"ImageObject\",\"@id\":\"https:\/\/www.oidossucios.com\/site\/deftones-estreno-tema-dedicado-a-chi-cheng\/#primaryimage\",\"inLanguage\":\"es\",\"url\":\"https:\/\/www.oidossucios.com\/site\/wp-content\/uploads\/2014\/04\/8580.jpg\",\"width\":350,\"height\":300},{\"@type\":\"WebPage\",\"@id\":\"https:\/\/www.oidossucios.com\/site\/deftones-estreno-tema-dedicado-a-chi-cheng\/#webpage\",\"url\":\"https:\/\/www.oidossucios.com\/site\/deftones-estreno-tema-dedicado-a-chi-cheng\/\",\"name\":\"Deftones estren\\u00f3 tema dedicado a Chi Cheng - OidosSucios.Com\",\"isPartOf\":{\"@id\":\"https:\/\/www.oidossucios.com\/site\/#website\"},\"primaryImageOfPage\":{\"@id\":\"https:\/\/www.oidossucios.com\/site\/deftones-estreno-tema-dedicado-a-chi-cheng\/#primaryimage\"},\"datePublished\":\"2014-04-14T20:39:00+00:00\",\"dateModified\":\"2014-04-14T20:39:00+00:00\",\"author\":{\"@id\":\"https:\/\/www.oidossucios.com\/site\/#\/schema\/person\/24559eeb76bf83a63296fb072393a688\"},\"description\":\"Al cumplirse un a\\u00f1o de la tr\\u00e1gica muerte del bajista de Deftones, la banda le hace homenaje al publicar un tema dedicado a Chi Cheng\",\"inLanguage\":\"es\",\"potentialAction\":[{\"@type\":\"ReadAction\",\"target\":[\"https:\/\/www.oidossucios.com\/site\/deftones-estreno-tema-dedicado-a-chi-cheng\/\"]}]},{\"@type\":[\"Person\"],\"@id\":\"https:\/\/www.oidossucios.com\/site\/#\/schema\/person\/24559eeb76bf83a63296fb072393a688\",\"name\":\"Oidossucios\",\"image\":{\"@type\":\"ImageObject\",\"@id\":\"https:\/\/www.oidossucios.com\/site\/#personlogo\",\"inLanguage\":\"es\",\"url\":\"https:\/\/secure.gravatar.com\/avatar\/74fcb480f42f1a33e50a0b6e6369a3f907be2e43dc84fa5f76c66e9c22b4a5ab?s=96&d=mm&r=g\",\"caption\":\"Oidossucios\"},\"sameAs\":[\"https:\/\/twitter.com\/oidossucios\"]}]}<\/script>\n<!-- \/ Yoast SEO plugin. -->","jetpack_sharing_enabled":true,"_links":{"self":[{"href":"https:\/\/www.oidossucios.com\/site\/wp-json\/wp\/v2\/posts\/8580","targetHints":{"allow":["GET"]}}],"collection":[{"href":"https:\/\/www.oidossucios.com\/site\/wp-json\/wp\/v2\/posts"}],"about":[{"href":"https:\/\/www.oidossucios.com\/site\/wp-json\/wp\/v2\/types\/post"}],"author":[{"embeddable":true,"href":"https:\/\/www.oidossucios.com\/site\/wp-json\/wp\/v2\/users\/4"}],"replies":[{"embeddable":true,"href":"https:\/\/www.oidossucios.com\/site\/wp-json\/wp\/v2\/comments?post=8580"}],"version-history":[{"count":0,"href":"https:\/\/www.oidossucios.com\/site\/wp-json\/wp\/v2\/posts\/8580\/revisions"}],"wp:featuredmedia":[{"embeddable":true,"href":"https:\/\/www.oidossucios.com\/site\/wp-json\/wp\/v2\/media\/100008580"}],"wp:attachment":[{"href":"https:\/\/www.oidossucios.com\/site\/wp-json\/wp\/v2\/media?parent=8580"}],"wp:term":[{"taxonomy":"category","embeddable":true,"href":"https:\/\/www.oidossucios.com\/site\/wp-json\/wp\/v2\/categories?post=8580"},{"taxonomy":"post_tag","embeddable":true,"href":"https:\/\/www.oidossucios.com\/site\/wp-json\/wp\/v2\/tags?post=8580"}],"curies":[{"name":"wp","href":"https:\/\/api.w.org\/{rel}","templated":true}]}}