{"id":8599,"date":"2014-04-21T17:01:00","date_gmt":"2014-04-21T17:01:00","guid":{"rendered":"https:\/\/www.oidossucios.com\/site\/2014\/04\/21\/michael-schenker-se-presentara-en-el-gillmanfest-2014\/"},"modified":"2014-04-21T17:01:00","modified_gmt":"2014-04-21T17:01:00","slug":"michael-schenker-se-presentara-en-el-gillmanfest-2014","status":"publish","type":"post","link":"https:\/\/www.oidossucios.com\/site\/michael-schenker-se-presentara-en-el-gillmanfest-2014\/","title":{"rendered":"Michael Schenker se presentar\u00e1 en el Gillmanfest 2014"},"content":{"rendered":"<p>Por <\/p>\n<div align=\"justify\">Uno de los eventos m\u00e1s populares del a\u00f1o, el Gillmanfest, ha anunciado su programaci\u00f3n para la edici\u00f3n 2014 llamada &#8220;Rock En La Capital&#8221;, que se celebrar\u00e1 el 21 de junio en el Poliedro de Caracas. Este festival cuenta con la participaci\u00f3n de numerosas bandas nacionales que har\u00e1n vida en la tarima del Gillman Fest y un artista internacional invitado que no ha sido anunciado oficialmente.<\/p>\n<p>Seg\u00fan hemos podido conocer en OidosSucios.com, el artista internacional invitado que ser\u00e1 el encargado de cerrar el festival ser\u00e1 Michael Schenker. El artista de origen alem\u00e1n&nbsp; con una trayectoria musical de casi 45 a\u00f1os, es conocido por su participaci\u00f3n en las agrupaciones Scorpions&nbsp; y UFO, para luego formar su grupo The Michael Schenker Group.<\/p>\n<p>Este evento abre sus puertas a las 10:00 a.m. y tiene planteado cerrarlas de 9:00 p.m. a 11:00 p.m. con la presentaci\u00f3n del artista invitado. Las bandas nacionales que se presentar\u00e1n en este festival son: Arritmia, Los Callejeros, Zicoticos Armados, Pu\u00f1o Alzao, Radio Guerrilla, La Reuni\u00f3n, Maquina y Gillman.<\/p>\n<p>Para obtener m\u00e1s informaci\u00f3n sobre el Gillmanfest 2014, pueden ingresar a la <a target=\"_blank\" title=\"P\u00e1gina Oficial Gillman Fest\" href=\"http:\/\/www.paulgillman.com.ve\/2014\/04\/13\/programacion-gillmanfest-rock-en-la-capital-21-de-junio-de-2014\/\" rel=\"noopener noreferrer\">p\u00e1gina oficial<\/a>. Aqu\u00ed les dejamos la programaci\u00f3n:<\/p>\n<p>Gillmanfest &#8220;Rock en la Capital&#8221; 21 de Junio de 2014<\/p>\n<p>10:00 am Apertura de puertas\u0085Videos<br \/>12:00 a 12:30 pm Arritmia<br \/>12:30 a 12:45 pm Videos<br \/>12:45 a 01:15 pm Los Callejeros<br \/>01:15 a 01:30 pm Videos<br \/>01:30 a 02:00 pm Zicoticos Armados<br \/>02:00 a 02:15 pm Videos<br \/>02:15 a 02:45 pm Pu\u00f1o Alzao<br \/>02:45 a 03:00 pm Videos<br \/>03:00 a 03:45 pm Radio Guerrilla<br \/>03:45 a 04:00 pm Videos<br \/>04:00 a 04:45 pm La Reuni\u00f3n<br \/>04:45 a 05:00 pm Videos<br \/>05:00 a 06:00 pm Maquina<br \/>06:00 a 06:30 pm Videos<br \/>06.30 a 8:30 pm Gillman<br \/>08:30 a 09:00 pm Videos<br \/>09:00 a 11:00 pm Banda Internacional Invitada  <\/div>\n<p> <iframe loading=\"lazy\" width=\"600\" height=\"400\" frameborder=\"0\" allowfullscreen=\"\" src=\"http:\/\/www.youtube.com\/embed\/F2x9SOu5QG4?feature=player_detailpage\"><\/iframe><\/p>\n","protected":false},"excerpt":{"rendered":"<p>El festival organizado por el m\u00fasico Paul Gillman ha anunciado su programaci\u00f3n oficial y OidosSucios.com pudo conocer el nombre del artista internacional invitado  <\/p>\n","protected":false},"author":4,"featured_media":100008599,"comment_status":"open","ping_status":"open","sticky":false,"template":"","format":"standard","meta":{"_jetpack_memberships_contains_paid_content":false,"footnotes":""},"categories":[640],"tags":[],"class_list":["post-8599","post","type-post","status-publish","format-standard","has-post-thumbnail","hentry","category-rumores"],"jetpack_featured_media_url":"https:\/\/www.oidossucios.com\/site\/wp-content\/uploads\/2014\/04\/8599.jpg","yoast_head":"<!-- This site is optimized with the Yoast SEO plugin v14.0.4 - https:\/\/yoast.com\/wordpress\/plugins\/seo\/ -->\n<title>Michael Schenker se presentar\u00e1 en el Gillmanfest 2014 - OidosSucios.Com<\/title>\n<meta name=\"description\" content=\"El festival organizado por el m\u00fasico Paul Gillman ha anunciado su programaci\u00f3n oficial y OidosSucios.com pudo conocer el nombre del artista internacional invitado\" \/>\n<meta name=\"robots\" content=\"index, follow\" \/>\n<meta name=\"googlebot\" content=\"index, follow, max-snippet:-1, max-image-preview:large, max-video-preview:-1\" \/>\n<meta name=\"bingbot\" content=\"index, follow, max-snippet:-1, max-image-preview:large, max-video-preview:-1\" \/>\n<link rel=\"canonical\" href=\"https:\/\/www.oidossucios.com\/site\/michael-schenker-se-presentara-en-el-gillmanfest-2014\/\" \/>\n<meta property=\"og:locale\" content=\"es_ES\" \/>\n<meta property=\"og:type\" content=\"article\" \/>\n<meta property=\"og:title\" content=\"Michael Schenker se presentar\u00e1 en el Gillmanfest 2014 - OidosSucios.Com\" \/>\n<meta property=\"og:description\" content=\"El festival organizado por el m\u00fasico Paul Gillman ha anunciado su programaci\u00f3n oficial y OidosSucios.com pudo conocer el nombre del artista internacional invitado\" \/>\n<meta property=\"og:url\" content=\"https:\/\/www.oidossucios.com\/site\/michael-schenker-se-presentara-en-el-gillmanfest-2014\/\" \/>\n<meta property=\"og:site_name\" content=\"OidosSucios.Com\" \/>\n<meta property=\"article:published_time\" content=\"2014-04-21T17:01:00+00:00\" \/>\n<meta property=\"og:image\" content=\"https:\/\/www.oidossucios.com\/site\/wp-content\/uploads\/2014\/04\/8599.jpg\" \/>\n\t<meta property=\"og:image:width\" content=\"350\" \/>\n\t<meta property=\"og:image:height\" content=\"300\" \/>\n<meta name=\"twitter:card\" content=\"summary_large_image\" \/>\n<meta name=\"twitter:creator\" content=\"@oidossucios\" \/>\n<script type=\"application\/ld+json\" class=\"yoast-schema-graph\">{\"@context\":\"https:\/\/schema.org\",\"@graph\":[{\"@type\":\"WebSite\",\"@id\":\"https:\/\/www.oidossucios.com\/site\/#website\",\"url\":\"https:\/\/www.oidossucios.com\/site\/\",\"name\":\"OidosSucios.Com\",\"description\":\"M\\u00fasica, conciertos, discos\",\"potentialAction\":[{\"@type\":\"SearchAction\",\"target\":\"https:\/\/www.oidossucios.com\/site\/?s={search_term_string}\",\"query-input\":\"required name=search_term_string\"}],\"inLanguage\":\"es\"},{\"@type\":\"ImageObject\",\"@id\":\"https:\/\/www.oidossucios.com\/site\/michael-schenker-se-presentara-en-el-gillmanfest-2014\/#primaryimage\",\"inLanguage\":\"es\",\"url\":\"https:\/\/www.oidossucios.com\/site\/wp-content\/uploads\/2014\/04\/8599.jpg\",\"width\":350,\"height\":300},{\"@type\":\"WebPage\",\"@id\":\"https:\/\/www.oidossucios.com\/site\/michael-schenker-se-presentara-en-el-gillmanfest-2014\/#webpage\",\"url\":\"https:\/\/www.oidossucios.com\/site\/michael-schenker-se-presentara-en-el-gillmanfest-2014\/\",\"name\":\"Michael Schenker se presentar\\u00e1 en el Gillmanfest 2014 - OidosSucios.Com\",\"isPartOf\":{\"@id\":\"https:\/\/www.oidossucios.com\/site\/#website\"},\"primaryImageOfPage\":{\"@id\":\"https:\/\/www.oidossucios.com\/site\/michael-schenker-se-presentara-en-el-gillmanfest-2014\/#primaryimage\"},\"datePublished\":\"2014-04-21T17:01:00+00:00\",\"dateModified\":\"2014-04-21T17:01:00+00:00\",\"author\":{\"@id\":\"https:\/\/www.oidossucios.com\/site\/#\/schema\/person\/24559eeb76bf83a63296fb072393a688\"},\"description\":\"El festival organizado por el m\\u00fasico Paul Gillman ha anunciado su programaci\\u00f3n oficial y OidosSucios.com pudo conocer el nombre del artista internacional invitado\",\"inLanguage\":\"es\",\"potentialAction\":[{\"@type\":\"ReadAction\",\"target\":[\"https:\/\/www.oidossucios.com\/site\/michael-schenker-se-presentara-en-el-gillmanfest-2014\/\"]}]},{\"@type\":[\"Person\"],\"@id\":\"https:\/\/www.oidossucios.com\/site\/#\/schema\/person\/24559eeb76bf83a63296fb072393a688\",\"name\":\"Oidossucios\",\"image\":{\"@type\":\"ImageObject\",\"@id\":\"https:\/\/www.oidossucios.com\/site\/#personlogo\",\"inLanguage\":\"es\",\"url\":\"https:\/\/secure.gravatar.com\/avatar\/74fcb480f42f1a33e50a0b6e6369a3f907be2e43dc84fa5f76c66e9c22b4a5ab?s=96&d=mm&r=g\",\"caption\":\"Oidossucios\"},\"sameAs\":[\"https:\/\/twitter.com\/oidossucios\"]}]}<\/script>\n<!-- \/ Yoast SEO plugin. -->","jetpack_sharing_enabled":true,"_links":{"self":[{"href":"https:\/\/www.oidossucios.com\/site\/wp-json\/wp\/v2\/posts\/8599","targetHints":{"allow":["GET"]}}],"collection":[{"href":"https:\/\/www.oidossucios.com\/site\/wp-json\/wp\/v2\/posts"}],"about":[{"href":"https:\/\/www.oidossucios.com\/site\/wp-json\/wp\/v2\/types\/post"}],"author":[{"embeddable":true,"href":"https:\/\/www.oidossucios.com\/site\/wp-json\/wp\/v2\/users\/4"}],"replies":[{"embeddable":true,"href":"https:\/\/www.oidossucios.com\/site\/wp-json\/wp\/v2\/comments?post=8599"}],"version-history":[{"count":0,"href":"https:\/\/www.oidossucios.com\/site\/wp-json\/wp\/v2\/posts\/8599\/revisions"}],"wp:featuredmedia":[{"embeddable":true,"href":"https:\/\/www.oidossucios.com\/site\/wp-json\/wp\/v2\/media\/100008599"}],"wp:attachment":[{"href":"https:\/\/www.oidossucios.com\/site\/wp-json\/wp\/v2\/media?parent=8599"}],"wp:term":[{"taxonomy":"category","embeddable":true,"href":"https:\/\/www.oidossucios.com\/site\/wp-json\/wp\/v2\/categories?post=8599"},{"taxonomy":"post_tag","embeddable":true,"href":"https:\/\/www.oidossucios.com\/site\/wp-json\/wp\/v2\/tags?post=8599"}],"curies":[{"name":"wp","href":"https:\/\/api.w.org\/{rel}","templated":true}]}}