{"id":8602,"date":"2014-04-21T23:49:00","date_gmt":"2014-04-21T23:49:00","guid":{"rendered":"https:\/\/www.oidossucios.com\/site\/2014\/04\/21\/videoclip-de-fe-de-elefreak-nominado-al-festival-de-cine-de-falls-paterson-new-jersey\/"},"modified":"2014-04-21T23:49:00","modified_gmt":"2014-04-21T23:49:00","slug":"videoclip-de-fe-de-elefreak-nominado-al-festival-de-cine-de-falls-paterson-new-jersey","status":"publish","type":"post","link":"https:\/\/www.oidossucios.com\/site\/videoclip-de-fe-de-elefreak-nominado-al-festival-de-cine-de-falls-paterson-new-jersey\/","title":{"rendered":"Videoclip de &#8220;FE&#8221; de Elefreak nominado al Festival de Cine de Falls Paterson, New Jersey"},"content":{"rendered":"\n<div align=\"justify\">El videoclip de &#8220;FE&#8221; primer sencillo promocional del \u00e1lbum EP02\/CONTRACORRIENTE&nbsp; de Elefreak, ha sido nominado en la categor\u00eda de &#8220;Video Musical&#8221; del&nbsp; Festival de Cine de Paterson del estado de New Jersey.<\/p>\n<p>El pol\u00e9mico video de alto contenido sexual dirigido por Vadim Lasca y producido por Mariale Fleitas fue prohibido&nbsp; por youtube donde actualmente solo&nbsp; se muestra la versi\u00f3n censurada. El video completo sin cortes&nbsp; se puede disfrutar en Vimeo con m\u00e1s de 50.000 visitas.<\/p>\n<p>El Festival de Cine de Falls Paterson en su tercera edici\u00f3n que se llevar\u00e1 a cabo los d\u00edas 14 y 15 de junio, es un festival creado por los propios artistas y cineastas de la ciudad para incentivar el intercambio cultural y dar a conocer la floreciente actividad art\u00edstica de la ciudad. Las proyecciones de las pel\u00edculas, cortometrajes, documentales y videos musicales se realizar\u00e1n en diferentes espacios del distrito hist\u00f3rico que rodea el parque nacional The Great Falls.<\/p>\n<p>Elefreak se encuentra actualmente en plena promoci\u00f3n del tercer promocional &#8220;Olv\u00eddame&#8221; de su m\u00e1s reciente trabajo discogr\u00e1fico.<\/p>\n<p>Descarga de &#8220;<a title=\"Descarga del single \" target=\"_blank\" href=\"http:\/\/elefreak.bandcamp.com\/track\/olv-dame\" rel=\"noopener noreferrer\">Olv\u00eddame<\/a>&#8221; <\/p>\n<p>Para mayor informaci\u00f3n de Elefreak, actualizaciones y futuras fechas s\u00edguelos en <a title=\"Twitter - Elefreak\" target=\"_blank\" href=\"https:\/\/twitter.com\/elefreak\" rel=\"noopener noreferrer\">Twitter<\/a> , <a title=\"Facebook - Elefreak\" target=\"_blank\" href=\"https:\/\/www.facebook.com\/elefreak\" rel=\"noopener noreferrer\">Facebook<\/a> , <a title=\"p\u00e1gina oficial de Elefreak\" target=\"_blank\" href=\"www.elefreak.com\" rel=\"noopener noreferrer\">www.elefreak.com<\/a><\/p>\n<p>Videoclip de &#8220;FE&#8221; versi\u00f3n expl\u00edcita:  <\/div>\n<p> <iframe loading=\"lazy\" width=\"500\" height=\"281\" frameborder=\"0\" webkitallowfullscreen=\"\" mozallowfullscreen=\"\" allowfullscreen=\"\" src=\"http:\/\/player.vimeo.com\/video\/72301104?portrait=0&amp;color=ffffff\"><\/iframe>  <\/p>\n<p><a href=\"http:\/\/vimeo.com\/72301104\">Elefreak &#8220;FE (Uncensored Version)&#8221;<\/a> from <a href=\"http:\/\/vimeo.com\/vadimlasca\">Vadim Lasca<\/a> on <a href=\"https:\/\/vimeo.com\/\">Vimeo<\/a>.<\/p>\n","protected":false},"excerpt":{"rendered":"<p>El festival se llevar\u00e1 a cabo el 14 y 15 de junio<\/p>\n","protected":false},"author":4,"featured_media":100008602,"comment_status":"open","ping_status":"open","sticky":false,"template":"","format":"standard","meta":{"_jetpack_memberships_contains_paid_content":false,"footnotes":""},"categories":[142],"tags":[],"class_list":["post-8602","post","type-post","status-publish","format-standard","has-post-thumbnail","hentry","category-buzznews"],"jetpack_featured_media_url":"https:\/\/www.oidossucios.com\/site\/wp-content\/uploads\/2014\/04\/8602.jpg","yoast_head":"<!-- This site is optimized with the Yoast SEO plugin v14.0.4 - https:\/\/yoast.com\/wordpress\/plugins\/seo\/ -->\n<title>Videoclip de &quot;FE&quot; de Elefreak nominado al Festival de Cine de Falls Paterson, New Jersey - OidosSucios.Com<\/title>\n<meta name=\"description\" content=\"El festival se llevar\u00e1 a cabo el 14 y 15 de junio\" \/>\n<meta name=\"robots\" content=\"index, follow\" \/>\n<meta name=\"googlebot\" content=\"index, follow, max-snippet:-1, max-image-preview:large, max-video-preview:-1\" \/>\n<meta name=\"bingbot\" content=\"index, follow, max-snippet:-1, max-image-preview:large, max-video-preview:-1\" \/>\n<link rel=\"canonical\" href=\"https:\/\/www.oidossucios.com\/site\/videoclip-de-fe-de-elefreak-nominado-al-festival-de-cine-de-falls-paterson-new-jersey\/\" \/>\n<meta property=\"og:locale\" content=\"es_ES\" \/>\n<meta property=\"og:type\" content=\"article\" \/>\n<meta property=\"og:title\" content=\"Videoclip de &quot;FE&quot; de Elefreak nominado al Festival de Cine de Falls Paterson, New Jersey - OidosSucios.Com\" \/>\n<meta property=\"og:description\" content=\"El festival se llevar\u00e1 a cabo el 14 y 15 de junio\" \/>\n<meta property=\"og:url\" content=\"https:\/\/www.oidossucios.com\/site\/videoclip-de-fe-de-elefreak-nominado-al-festival-de-cine-de-falls-paterson-new-jersey\/\" \/>\n<meta property=\"og:site_name\" content=\"OidosSucios.Com\" \/>\n<meta property=\"article:published_time\" content=\"2014-04-21T23:49:00+00:00\" \/>\n<meta property=\"og:image\" content=\"https:\/\/www.oidossucios.com\/site\/wp-content\/uploads\/2014\/04\/8602.jpg\" \/>\n\t<meta property=\"og:image:width\" content=\"350\" \/>\n\t<meta property=\"og:image:height\" content=\"300\" \/>\n<meta name=\"twitter:card\" content=\"summary_large_image\" \/>\n<meta name=\"twitter:creator\" content=\"@oidossucios\" \/>\n<script type=\"application\/ld+json\" class=\"yoast-schema-graph\">{\"@context\":\"https:\/\/schema.org\",\"@graph\":[{\"@type\":\"WebSite\",\"@id\":\"https:\/\/www.oidossucios.com\/site\/#website\",\"url\":\"https:\/\/www.oidossucios.com\/site\/\",\"name\":\"OidosSucios.Com\",\"description\":\"M\\u00fasica, conciertos, discos\",\"potentialAction\":[{\"@type\":\"SearchAction\",\"target\":\"https:\/\/www.oidossucios.com\/site\/?s={search_term_string}\",\"query-input\":\"required name=search_term_string\"}],\"inLanguage\":\"es\"},{\"@type\":\"ImageObject\",\"@id\":\"https:\/\/www.oidossucios.com\/site\/videoclip-de-fe-de-elefreak-nominado-al-festival-de-cine-de-falls-paterson-new-jersey\/#primaryimage\",\"inLanguage\":\"es\",\"url\":\"https:\/\/www.oidossucios.com\/site\/wp-content\/uploads\/2014\/04\/8602.jpg\",\"width\":350,\"height\":300},{\"@type\":\"WebPage\",\"@id\":\"https:\/\/www.oidossucios.com\/site\/videoclip-de-fe-de-elefreak-nominado-al-festival-de-cine-de-falls-paterson-new-jersey\/#webpage\",\"url\":\"https:\/\/www.oidossucios.com\/site\/videoclip-de-fe-de-elefreak-nominado-al-festival-de-cine-de-falls-paterson-new-jersey\/\",\"name\":\"Videoclip de \\\"FE\\\" de Elefreak nominado al Festival de Cine de Falls Paterson, New Jersey - OidosSucios.Com\",\"isPartOf\":{\"@id\":\"https:\/\/www.oidossucios.com\/site\/#website\"},\"primaryImageOfPage\":{\"@id\":\"https:\/\/www.oidossucios.com\/site\/videoclip-de-fe-de-elefreak-nominado-al-festival-de-cine-de-falls-paterson-new-jersey\/#primaryimage\"},\"datePublished\":\"2014-04-21T23:49:00+00:00\",\"dateModified\":\"2014-04-21T23:49:00+00:00\",\"author\":{\"@id\":\"https:\/\/www.oidossucios.com\/site\/#\/schema\/person\/24559eeb76bf83a63296fb072393a688\"},\"description\":\"El festival se llevar\\u00e1 a cabo el 14 y 15 de junio\",\"inLanguage\":\"es\",\"potentialAction\":[{\"@type\":\"ReadAction\",\"target\":[\"https:\/\/www.oidossucios.com\/site\/videoclip-de-fe-de-elefreak-nominado-al-festival-de-cine-de-falls-paterson-new-jersey\/\"]}]},{\"@type\":[\"Person\"],\"@id\":\"https:\/\/www.oidossucios.com\/site\/#\/schema\/person\/24559eeb76bf83a63296fb072393a688\",\"name\":\"Oidossucios\",\"image\":{\"@type\":\"ImageObject\",\"@id\":\"https:\/\/www.oidossucios.com\/site\/#personlogo\",\"inLanguage\":\"es\",\"url\":\"https:\/\/secure.gravatar.com\/avatar\/74fcb480f42f1a33e50a0b6e6369a3f907be2e43dc84fa5f76c66e9c22b4a5ab?s=96&d=mm&r=g\",\"caption\":\"Oidossucios\"},\"sameAs\":[\"https:\/\/twitter.com\/oidossucios\"]}]}<\/script>\n<!-- \/ Yoast SEO plugin. -->","jetpack_sharing_enabled":true,"_links":{"self":[{"href":"https:\/\/www.oidossucios.com\/site\/wp-json\/wp\/v2\/posts\/8602","targetHints":{"allow":["GET"]}}],"collection":[{"href":"https:\/\/www.oidossucios.com\/site\/wp-json\/wp\/v2\/posts"}],"about":[{"href":"https:\/\/www.oidossucios.com\/site\/wp-json\/wp\/v2\/types\/post"}],"author":[{"embeddable":true,"href":"https:\/\/www.oidossucios.com\/site\/wp-json\/wp\/v2\/users\/4"}],"replies":[{"embeddable":true,"href":"https:\/\/www.oidossucios.com\/site\/wp-json\/wp\/v2\/comments?post=8602"}],"version-history":[{"count":0,"href":"https:\/\/www.oidossucios.com\/site\/wp-json\/wp\/v2\/posts\/8602\/revisions"}],"wp:featuredmedia":[{"embeddable":true,"href":"https:\/\/www.oidossucios.com\/site\/wp-json\/wp\/v2\/media\/100008602"}],"wp:attachment":[{"href":"https:\/\/www.oidossucios.com\/site\/wp-json\/wp\/v2\/media?parent=8602"}],"wp:term":[{"taxonomy":"category","embeddable":true,"href":"https:\/\/www.oidossucios.com\/site\/wp-json\/wp\/v2\/categories?post=8602"},{"taxonomy":"post_tag","embeddable":true,"href":"https:\/\/www.oidossucios.com\/site\/wp-json\/wp\/v2\/tags?post=8602"}],"curies":[{"name":"wp","href":"https:\/\/api.w.org\/{rel}","templated":true}]}}