{"id":8603,"date":"2014-04-22T06:51:00","date_gmt":"2014-04-22T06:51:00","guid":{"rendered":"https:\/\/www.oidossucios.com\/site\/2014\/04\/22\/elecciones-en-sacven-el-domingo-27-de-abril\/"},"modified":"2014-04-22T06:51:00","modified_gmt":"2014-04-22T06:51:00","slug":"elecciones-en-sacven-el-domingo-27-de-abril","status":"publish","type":"post","link":"https:\/\/www.oidossucios.com\/site\/elecciones-en-sacven-el-domingo-27-de-abril\/","title":{"rendered":"Elecciones en SACVEN el domingo 27 de abril"},"content":{"rendered":"\n<div align=\"justify\">El&nbsp; domingo 27 de abril, en el Colegio de Ingenieros de Venezuela (de 8 am a 6 pm) (frente a la estaci\u00f3n de Metro Colegio de Ingenieros, Av. Principal de Quebrada Honda, Los Caobos, Caracas) los m\u00fasicos y autores venezolanos, tendremos&nbsp; la posibilidad de renovar la Sociedad de Autores y Compositores de Venezuela (SACVEN) con nuestro voto, eligiendo una nueva junta directiva con una visi\u00f3n actual&nbsp; que&nbsp; represente a&nbsp; los creadores de todas las generaciones y tendencias.   <\/div>\n<div align=\"justify\">La plancha N\u00ba 3, est\u00e1 conformada por la pianista, cantante y compositora Prisca D\u00e1vila, los compositores de \u00e9xitos musicales venezolanos&nbsp; como Manny Delgado y&nbsp; el Pollo Sifontes y&nbsp; los exponentes del folklore venezolano, Tom\u00e1s Torres y Magaly Su\u00e1rez. Cuenta con la asesor\u00eda de F\u00e9lix Allueva, director del Festival Nuevas Bandas y el apoyo del maestro Aquiles B\u00e1ez.<\/p>\n<p>El plan de trabajo de la plancha N\u00ba3&nbsp; para la nueva junta directiva de SACVEN (2014- 2018) est\u00e1 orientado a modernizar la asociaci\u00f3n, expandir el mercado de usuarios de los repertorios musicales, dar a conocer las obras de los autores, tanto a nivel internacional como nacional, realizando festivales que abarquen las m\u00e1s diversas tendencias de la m\u00fasica nacional, como el rock, folklore, jazz, m\u00fasica venezolana contempor\u00e1nea, cl\u00e1sica, pop, entre muchos m\u00e1s. Potenciar el programa de asistencia social y patrocinio de los socios y modernizar el manejo de las redes sociales y las comunicaciones. <\/p><\/div>\n<p>Fuente: Nota de Prensa<\/p>\n","protected":false},"excerpt":{"rendered":"<p>Para votar solo necesitas presentar tu c\u00e9dula de identidad o carnet de socio de SACVEN. <\/p>\n","protected":false},"author":4,"featured_media":100008603,"comment_status":"open","ping_status":"open","sticky":false,"template":"","format":"standard","meta":{"_jetpack_memberships_contains_paid_content":false,"footnotes":""},"categories":[142],"tags":[],"class_list":["post-8603","post","type-post","status-publish","format-standard","has-post-thumbnail","hentry","category-buzznews"],"jetpack_featured_media_url":"https:\/\/www.oidossucios.com\/site\/wp-content\/uploads\/2014\/04\/8603.jpg","yoast_head":"<!-- This site is optimized with the Yoast SEO plugin v14.0.4 - https:\/\/yoast.com\/wordpress\/plugins\/seo\/ -->\n<title>Elecciones en SACVEN el domingo 27 de abril - OidosSucios.Com<\/title>\n<meta name=\"description\" content=\"Para votar solo necesitas presentar tu c\u00e9dula de identidad o carnet de socio de SACVEN.\" \/>\n<meta name=\"robots\" content=\"index, follow\" \/>\n<meta name=\"googlebot\" content=\"index, follow, max-snippet:-1, max-image-preview:large, max-video-preview:-1\" \/>\n<meta name=\"bingbot\" content=\"index, follow, max-snippet:-1, max-image-preview:large, max-video-preview:-1\" \/>\n<link rel=\"canonical\" href=\"https:\/\/www.oidossucios.com\/site\/elecciones-en-sacven-el-domingo-27-de-abril\/\" \/>\n<meta property=\"og:locale\" content=\"es_ES\" \/>\n<meta property=\"og:type\" content=\"article\" \/>\n<meta property=\"og:title\" content=\"Elecciones en SACVEN el domingo 27 de abril - OidosSucios.Com\" \/>\n<meta property=\"og:description\" content=\"Para votar solo necesitas presentar tu c\u00e9dula de identidad o carnet de socio de SACVEN.\" \/>\n<meta property=\"og:url\" content=\"https:\/\/www.oidossucios.com\/site\/elecciones-en-sacven-el-domingo-27-de-abril\/\" \/>\n<meta property=\"og:site_name\" content=\"OidosSucios.Com\" \/>\n<meta property=\"article:published_time\" content=\"2014-04-22T06:51:00+00:00\" \/>\n<meta property=\"og:image\" content=\"https:\/\/www.oidossucios.com\/site\/wp-content\/uploads\/2014\/04\/8603.jpg\" \/>\n\t<meta property=\"og:image:width\" content=\"350\" \/>\n\t<meta property=\"og:image:height\" content=\"300\" \/>\n<meta name=\"twitter:card\" content=\"summary_large_image\" \/>\n<meta name=\"twitter:creator\" content=\"@oidossucios\" \/>\n<script type=\"application\/ld+json\" class=\"yoast-schema-graph\">{\"@context\":\"https:\/\/schema.org\",\"@graph\":[{\"@type\":\"WebSite\",\"@id\":\"https:\/\/www.oidossucios.com\/site\/#website\",\"url\":\"https:\/\/www.oidossucios.com\/site\/\",\"name\":\"OidosSucios.Com\",\"description\":\"M\\u00fasica, conciertos, discos\",\"potentialAction\":[{\"@type\":\"SearchAction\",\"target\":\"https:\/\/www.oidossucios.com\/site\/?s={search_term_string}\",\"query-input\":\"required name=search_term_string\"}],\"inLanguage\":\"es\"},{\"@type\":\"ImageObject\",\"@id\":\"https:\/\/www.oidossucios.com\/site\/elecciones-en-sacven-el-domingo-27-de-abril\/#primaryimage\",\"inLanguage\":\"es\",\"url\":\"https:\/\/www.oidossucios.com\/site\/wp-content\/uploads\/2014\/04\/8603.jpg\",\"width\":350,\"height\":300},{\"@type\":\"WebPage\",\"@id\":\"https:\/\/www.oidossucios.com\/site\/elecciones-en-sacven-el-domingo-27-de-abril\/#webpage\",\"url\":\"https:\/\/www.oidossucios.com\/site\/elecciones-en-sacven-el-domingo-27-de-abril\/\",\"name\":\"Elecciones en SACVEN el domingo 27 de abril - OidosSucios.Com\",\"isPartOf\":{\"@id\":\"https:\/\/www.oidossucios.com\/site\/#website\"},\"primaryImageOfPage\":{\"@id\":\"https:\/\/www.oidossucios.com\/site\/elecciones-en-sacven-el-domingo-27-de-abril\/#primaryimage\"},\"datePublished\":\"2014-04-22T06:51:00+00:00\",\"dateModified\":\"2014-04-22T06:51:00+00:00\",\"author\":{\"@id\":\"https:\/\/www.oidossucios.com\/site\/#\/schema\/person\/24559eeb76bf83a63296fb072393a688\"},\"description\":\"Para votar solo necesitas presentar tu c\\u00e9dula de identidad o carnet de socio de SACVEN.\",\"inLanguage\":\"es\",\"potentialAction\":[{\"@type\":\"ReadAction\",\"target\":[\"https:\/\/www.oidossucios.com\/site\/elecciones-en-sacven-el-domingo-27-de-abril\/\"]}]},{\"@type\":[\"Person\"],\"@id\":\"https:\/\/www.oidossucios.com\/site\/#\/schema\/person\/24559eeb76bf83a63296fb072393a688\",\"name\":\"Oidossucios\",\"image\":{\"@type\":\"ImageObject\",\"@id\":\"https:\/\/www.oidossucios.com\/site\/#personlogo\",\"inLanguage\":\"es\",\"url\":\"https:\/\/secure.gravatar.com\/avatar\/74fcb480f42f1a33e50a0b6e6369a3f907be2e43dc84fa5f76c66e9c22b4a5ab?s=96&d=mm&r=g\",\"caption\":\"Oidossucios\"},\"sameAs\":[\"https:\/\/twitter.com\/oidossucios\"]}]}<\/script>\n<!-- \/ Yoast SEO plugin. -->","jetpack_sharing_enabled":true,"_links":{"self":[{"href":"https:\/\/www.oidossucios.com\/site\/wp-json\/wp\/v2\/posts\/8603","targetHints":{"allow":["GET"]}}],"collection":[{"href":"https:\/\/www.oidossucios.com\/site\/wp-json\/wp\/v2\/posts"}],"about":[{"href":"https:\/\/www.oidossucios.com\/site\/wp-json\/wp\/v2\/types\/post"}],"author":[{"embeddable":true,"href":"https:\/\/www.oidossucios.com\/site\/wp-json\/wp\/v2\/users\/4"}],"replies":[{"embeddable":true,"href":"https:\/\/www.oidossucios.com\/site\/wp-json\/wp\/v2\/comments?post=8603"}],"version-history":[{"count":0,"href":"https:\/\/www.oidossucios.com\/site\/wp-json\/wp\/v2\/posts\/8603\/revisions"}],"wp:featuredmedia":[{"embeddable":true,"href":"https:\/\/www.oidossucios.com\/site\/wp-json\/wp\/v2\/media\/100008603"}],"wp:attachment":[{"href":"https:\/\/www.oidossucios.com\/site\/wp-json\/wp\/v2\/media?parent=8603"}],"wp:term":[{"taxonomy":"category","embeddable":true,"href":"https:\/\/www.oidossucios.com\/site\/wp-json\/wp\/v2\/categories?post=8603"},{"taxonomy":"post_tag","embeddable":true,"href":"https:\/\/www.oidossucios.com\/site\/wp-json\/wp\/v2\/tags?post=8603"}],"curies":[{"name":"wp","href":"https:\/\/api.w.org\/{rel}","templated":true}]}}