{"id":8634,"date":"2014-05-08T00:08:00","date_gmt":"2014-05-08T00:08:00","guid":{"rendered":"https:\/\/www.oidossucios.com\/site\/2014\/05\/08\/elefreak-estrena-videoclip-del-sencillo-olvidame\/"},"modified":"2014-05-08T00:08:00","modified_gmt":"2014-05-08T00:08:00","slug":"elefreak-estrena-videoclip-del-sencillo-olvidame","status":"publish","type":"post","link":"https:\/\/www.oidossucios.com\/site\/elefreak-estrena-videoclip-del-sencillo-olvidame\/","title":{"rendered":"Elefreak estrena videoclip del sencillo &#8220;Olv\u00eddame&#8221;"},"content":{"rendered":"\n<div align=\"justify\">El pr\u00f3ximo lunes 12 de mayo, Elefreak estar\u00e1 presentando el estreno del nuevo video de &#8220;Olv\u00eddame&#8221; en exclusiva en el programa de &#8220;Al Aire con Francisco Granados&#8221; a las 4:00 PM por el circuito Mega a nivel nacional.<\/p>\n<p>El videoclip de &#8220;Olv\u00eddame&#8221; producido en Circus Studio,&nbsp; dirigido por Marco Prato y Juan Riera, este \u00faltimo encargado de crear los personajes,&nbsp; story board y animaci\u00f3n 2D y compositing por Manuel Sarmiento. El video se desarrolla en un lugar desolado, apocal\u00edptico incluso, con una ciudad en ruinas de fondo y los personajes tocando sus instrumentos en diferentes situaciones.<\/p>\n<p>Elefreak conformada por Alberto Iacobellis (guitarra), Ian Infante (guitarra), David Le\u00f3n (Bater\u00eda) y Micky Sojo (Bajo y voz) con solo dos discos en su haber, EP01 (2010) y EP02\/CONTRACORRIENTE, siete videoclips, innumerables giras nacionales, es una de las bandas m\u00e1s activas en el escenario del rock en Venezuela con un potente performance en concierto que cada vez tiene m\u00e1s adeptos y se va consolidando como una de las mejores bandas de rock duro del pa\u00eds.<\/p>\n<p>Recuerda, estreno del videoclip de &#8220;Olv\u00eddame&#8221; el pr\u00f3ximo lunes 12 de mayo en el programa &#8220;Al Aire Francisco Granados&#8221; a las 4:00PM por La Mega a nivel nacional.<\/p>\n<p>Puedes descargar &#8220;Olv\u00eddame&#8221;&nbsp; en <a title=\"Bandcamp\" target=\"_blank\" href=\"http:\/\/elefreak.bandcamp.com\/track\/olv-dame\" rel=\"noopener noreferrer\">Bandcamp<\/a> y para mayor informaci\u00f3n de Elefreak, actualizaciones y futuras fechas s\u00edguelos en: <a title=\"Twitter\" href=\"https:\/\/twitter.com\/elefreak\">Twitter<\/a>, <a target=\"_blank\" title=\"Facebook\" href=\"https:\/\/www.facebook.com\/elefreak\" rel=\"noopener noreferrer\">Facebook<\/a> y su <a target=\"_blank\" title=\"P\u00e1gina Oficial\" href=\"www.elefreak.com\" rel=\"noopener noreferrer\">p\u00e1gina oficial<\/a>.  <\/div>\n<p>Fuente: Nota de Prensa<\/p>\n","protected":false},"excerpt":{"rendered":"<p>El videoclip de &#8220;Olv\u00eddame&#8221; producido en Circus Studio,  dirigido por Marco Prato y Juan Riera<\/p>\n","protected":false},"author":4,"featured_media":100008634,"comment_status":"open","ping_status":"open","sticky":false,"template":"","format":"standard","meta":{"_jetpack_memberships_contains_paid_content":false,"footnotes":""},"categories":[142],"tags":[],"class_list":["post-8634","post","type-post","status-publish","format-standard","has-post-thumbnail","hentry","category-buzznews"],"jetpack_featured_media_url":"https:\/\/www.oidossucios.com\/site\/wp-content\/uploads\/2014\/05\/8634.jpg","yoast_head":"<!-- This site is optimized with the Yoast SEO plugin v14.0.4 - https:\/\/yoast.com\/wordpress\/plugins\/seo\/ -->\n<title>Elefreak estrena videoclip del sencillo &quot;Olv\u00eddame&quot; - OidosSucios.Com<\/title>\n<meta name=\"description\" content=\"El videoclip de &quot;Olv\u00eddame&quot; producido en Circus Studio, dirigido por Marco Prato y Juan Riera\" \/>\n<meta name=\"robots\" content=\"index, follow\" \/>\n<meta name=\"googlebot\" content=\"index, follow, max-snippet:-1, max-image-preview:large, max-video-preview:-1\" \/>\n<meta name=\"bingbot\" content=\"index, follow, max-snippet:-1, max-image-preview:large, max-video-preview:-1\" \/>\n<link rel=\"canonical\" href=\"https:\/\/www.oidossucios.com\/site\/elefreak-estrena-videoclip-del-sencillo-olvidame\/\" \/>\n<meta property=\"og:locale\" content=\"es_ES\" \/>\n<meta property=\"og:type\" content=\"article\" \/>\n<meta property=\"og:title\" content=\"Elefreak estrena videoclip del sencillo &quot;Olv\u00eddame&quot; - OidosSucios.Com\" \/>\n<meta property=\"og:description\" content=\"El videoclip de &quot;Olv\u00eddame&quot; producido en Circus Studio, dirigido por Marco Prato y Juan Riera\" \/>\n<meta property=\"og:url\" content=\"https:\/\/www.oidossucios.com\/site\/elefreak-estrena-videoclip-del-sencillo-olvidame\/\" \/>\n<meta property=\"og:site_name\" content=\"OidosSucios.Com\" \/>\n<meta property=\"article:published_time\" content=\"2014-05-08T00:08:00+00:00\" \/>\n<meta property=\"og:image\" content=\"https:\/\/www.oidossucios.com\/site\/wp-content\/uploads\/2014\/05\/8634.jpg\" \/>\n\t<meta property=\"og:image:width\" content=\"350\" \/>\n\t<meta property=\"og:image:height\" content=\"300\" \/>\n<meta name=\"twitter:card\" content=\"summary_large_image\" \/>\n<meta name=\"twitter:creator\" content=\"@oidossucios\" \/>\n<script type=\"application\/ld+json\" class=\"yoast-schema-graph\">{\"@context\":\"https:\/\/schema.org\",\"@graph\":[{\"@type\":\"WebSite\",\"@id\":\"https:\/\/www.oidossucios.com\/site\/#website\",\"url\":\"https:\/\/www.oidossucios.com\/site\/\",\"name\":\"OidosSucios.Com\",\"description\":\"M\\u00fasica, conciertos, discos\",\"potentialAction\":[{\"@type\":\"SearchAction\",\"target\":\"https:\/\/www.oidossucios.com\/site\/?s={search_term_string}\",\"query-input\":\"required name=search_term_string\"}],\"inLanguage\":\"es\"},{\"@type\":\"ImageObject\",\"@id\":\"https:\/\/www.oidossucios.com\/site\/elefreak-estrena-videoclip-del-sencillo-olvidame\/#primaryimage\",\"inLanguage\":\"es\",\"url\":\"https:\/\/www.oidossucios.com\/site\/wp-content\/uploads\/2014\/05\/8634.jpg\",\"width\":350,\"height\":300},{\"@type\":\"WebPage\",\"@id\":\"https:\/\/www.oidossucios.com\/site\/elefreak-estrena-videoclip-del-sencillo-olvidame\/#webpage\",\"url\":\"https:\/\/www.oidossucios.com\/site\/elefreak-estrena-videoclip-del-sencillo-olvidame\/\",\"name\":\"Elefreak estrena videoclip del sencillo \\\"Olv\\u00eddame\\\" - OidosSucios.Com\",\"isPartOf\":{\"@id\":\"https:\/\/www.oidossucios.com\/site\/#website\"},\"primaryImageOfPage\":{\"@id\":\"https:\/\/www.oidossucios.com\/site\/elefreak-estrena-videoclip-del-sencillo-olvidame\/#primaryimage\"},\"datePublished\":\"2014-05-08T00:08:00+00:00\",\"dateModified\":\"2014-05-08T00:08:00+00:00\",\"author\":{\"@id\":\"https:\/\/www.oidossucios.com\/site\/#\/schema\/person\/24559eeb76bf83a63296fb072393a688\"},\"description\":\"El videoclip de \\\"Olv\\u00eddame\\\" producido en Circus Studio, dirigido por Marco Prato y Juan Riera\",\"inLanguage\":\"es\",\"potentialAction\":[{\"@type\":\"ReadAction\",\"target\":[\"https:\/\/www.oidossucios.com\/site\/elefreak-estrena-videoclip-del-sencillo-olvidame\/\"]}]},{\"@type\":[\"Person\"],\"@id\":\"https:\/\/www.oidossucios.com\/site\/#\/schema\/person\/24559eeb76bf83a63296fb072393a688\",\"name\":\"Oidossucios\",\"image\":{\"@type\":\"ImageObject\",\"@id\":\"https:\/\/www.oidossucios.com\/site\/#personlogo\",\"inLanguage\":\"es\",\"url\":\"https:\/\/secure.gravatar.com\/avatar\/74fcb480f42f1a33e50a0b6e6369a3f907be2e43dc84fa5f76c66e9c22b4a5ab?s=96&d=mm&r=g\",\"caption\":\"Oidossucios\"},\"sameAs\":[\"https:\/\/twitter.com\/oidossucios\"]}]}<\/script>\n<!-- \/ Yoast SEO plugin. -->","jetpack_sharing_enabled":true,"_links":{"self":[{"href":"https:\/\/www.oidossucios.com\/site\/wp-json\/wp\/v2\/posts\/8634","targetHints":{"allow":["GET"]}}],"collection":[{"href":"https:\/\/www.oidossucios.com\/site\/wp-json\/wp\/v2\/posts"}],"about":[{"href":"https:\/\/www.oidossucios.com\/site\/wp-json\/wp\/v2\/types\/post"}],"author":[{"embeddable":true,"href":"https:\/\/www.oidossucios.com\/site\/wp-json\/wp\/v2\/users\/4"}],"replies":[{"embeddable":true,"href":"https:\/\/www.oidossucios.com\/site\/wp-json\/wp\/v2\/comments?post=8634"}],"version-history":[{"count":0,"href":"https:\/\/www.oidossucios.com\/site\/wp-json\/wp\/v2\/posts\/8634\/revisions"}],"wp:featuredmedia":[{"embeddable":true,"href":"https:\/\/www.oidossucios.com\/site\/wp-json\/wp\/v2\/media\/100008634"}],"wp:attachment":[{"href":"https:\/\/www.oidossucios.com\/site\/wp-json\/wp\/v2\/media?parent=8634"}],"wp:term":[{"taxonomy":"category","embeddable":true,"href":"https:\/\/www.oidossucios.com\/site\/wp-json\/wp\/v2\/categories?post=8634"},{"taxonomy":"post_tag","embeddable":true,"href":"https:\/\/www.oidossucios.com\/site\/wp-json\/wp\/v2\/tags?post=8634"}],"curies":[{"name":"wp","href":"https:\/\/api.w.org\/{rel}","templated":true}]}}