{"id":8641,"date":"2014-05-10T06:47:00","date_gmt":"2014-05-10T06:47:00","guid":{"rendered":"https:\/\/www.oidossucios.com\/site\/2014\/05\/10\/caneria-y-reciclaje-este-31-de-mayo-en-el-teatro-bar-valencia\/"},"modified":"2014-05-10T06:47:00","modified_gmt":"2014-05-10T06:47:00","slug":"caneria-y-reciclaje-este-31-de-mayo-en-el-teatro-bar-valencia","status":"publish","type":"post","link":"https:\/\/www.oidossucios.com\/site\/caneria-y-reciclaje-este-31-de-mayo-en-el-teatro-bar-valencia\/","title":{"rendered":"Ca\u00f1eria y Reciclaje este 31 de Mayo en el Teatro Bar Valencia"},"content":{"rendered":"\n<div align=\"justify\">La agrupaci\u00f3n de Valencia &#8220;Ca\u00f1eria&#8221; presenta su primer evento del 2014 &#8220;Cloaca Fest 3&#8221; junto a la banda &#8220;Reciclaje&#8221; de Caracas en el Teatro Bar de Valencia a partir de las 9:00 PM. El s\u00e1bado 31 de mayo estar\u00e1 cargado del m\u00e1s puro punk, rock y metal para los m\u00e1s radicales y rebeldes.  <\/div>\n<div align=\"justify\">\n<div align=\"justify\">Ca\u00f1er\u00eda es una banda fundada en el a\u00f1o 2011, su m\u00fasica es de corte agresivo abarcando g\u00e9neros como el punk y metal dando como resultado su original mezcla &#8220;punk metal&#8221;. Sus letras tratan temas como la disconformidad social, pensamientos antiautoritarios y antipoliticos, siempre dejando en claro su punto de vista. La banda est\u00e1 compuesta por&nbsp; Daniel Camous (Bajista y Vocalista.), Reinaldo Bordones (Guitarrista.) y Mikel Iceta (Baterista).<\/p>\n<p>Ca\u00f1eria tiene disponible su primera su primer disco &#8220;Punk Metal&#8221; en descarga gratuita desde su web oficial http:\/\/www.caneria.com&nbsp; y este 31 de mayo estar\u00e1n presentan su segundo disco en el Teatro Bar de Valencia.<\/p>\n<p>Redes Sociales: <a title=\"Facebook - Ca\u00f1eria\" href=\"https:\/\/www.facebook.com\/caneria\">Facebook<\/a>, <a title=\"Twitter - Ca\u00f1eria\" target=\"_blank\" href=\"https:\/\/twitter.com\/CANERIArock\" rel=\"noopener noreferrer\">Twitter<\/a>, <a title=\"Soundcloud - Ca\u00f1eria\" target=\"_blank\" href=\"https:\/\/soundcloud.com\/caneria\" rel=\"noopener noreferrer\">Soundcloud<\/a>, <a title=\"Instagram - Ca\u00f1eria\" target=\"_blank\" href=\"http:\/\/instagram.com\/caneriarock\" rel=\"noopener noreferrer\">Instagram<\/a> y <a title=\"My space - Ca\u00f1eria\" target=\"_blank\" href=\"https:\/\/myspace.com\/caneria\" rel=\"noopener noreferrer\">MySpace<\/a><\/p>\n<p>Reciclaje es una banda de punk rock formada en 1994 , dentro de su g\u00e9nero es la que ha tenido m\u00e1s proyecci\u00f3n nacional e internacional, debido a sus letras de contenido social y antipol\u00edtico, con una actitud agresiva en sus presentaciones en vivo caracter\u00edsticas del punk rock m\u00e1s radical.<\/p>\n<p>Reciclaje cuentan con tres trabajos discogr\u00e1ficos: \u00bfCual Futuro? (1998), Caretas (2002) y Excomulgado (2008).<\/p>\n<p>Redes Sociales: <a title=\"My Space - Reciclaje\" target=\"_blank\" href=\"https:\/\/myspace.com\/reciclajepunkrock\" rel=\"noopener noreferrer\">My Space<\/a> y<a title=\"Facebook - Reciclaje\" target=\"_blank\" href=\"https:\/\/www.facebook.com\/reciclajepunkrock\" rel=\"noopener noreferrer\"> Facebook<\/a><\/p>\n<p>Recuerda &#8220;CLOACA FEST 3&#8221; con CA\u00d1ERIA Y RECICLAJE el s\u00e1bado 31 de mayo a partir de las 9:00PM en EL TEATRO BAR DE VALENCIA Cover en puerta Bs.50 SOLO PARA MAYORES DE 18 A\u00d1OS.<\/p>\n<p>M\u00e1s informaci\u00f3n en <a title=\"Twitter El Teatro Bar\" target=\"_blank\" href=\"https:\/\/twitter.com\/ElTeatroBar_VLN\" rel=\"noopener noreferrer\">Twitter<\/a> y <a title=\"Facebook\" target=\"_blank\" href=\"https:\/\/www.facebook.com\/ElTeatroBarValencia\" rel=\"noopener noreferrer\">Facebook<\/a>.     <\/div>\n<p>  <\/div>\n","protected":false},"excerpt":{"rendered":"<p>Ca\u00f1eria presenta su primer evento del 2014 &#8220;Cloaca Fest 3&#8221; junto a la banda Reciclaje de Caracas en el Teatro Bar de Valencia a partir de las 9:00 PM<\/p>\n","protected":false},"author":4,"featured_media":100008641,"comment_status":"open","ping_status":"open","sticky":false,"template":"","format":"standard","meta":{"_jetpack_memberships_contains_paid_content":false,"footnotes":""},"categories":[142],"tags":[],"class_list":["post-8641","post","type-post","status-publish","format-standard","has-post-thumbnail","hentry","category-buzznews"],"jetpack_featured_media_url":"https:\/\/www.oidossucios.com\/site\/wp-content\/uploads\/2014\/05\/8641.jpg","yoast_head":"<!-- This site is optimized with the Yoast SEO plugin v14.0.4 - https:\/\/yoast.com\/wordpress\/plugins\/seo\/ -->\n<title>Ca\u00f1eria y Reciclaje este 31 de Mayo en el Teatro Bar Valencia - OidosSucios.Com<\/title>\n<meta name=\"description\" content=\"Ca\u00f1eria presenta su primer evento del 2014 &quot;Cloaca Fest 3&quot; junto a la banda Reciclaje de Caracas en el Teatro Bar de Valencia a partir de las 9:00 PM\" \/>\n<meta name=\"robots\" content=\"index, follow\" \/>\n<meta name=\"googlebot\" content=\"index, follow, max-snippet:-1, max-image-preview:large, max-video-preview:-1\" \/>\n<meta name=\"bingbot\" content=\"index, follow, max-snippet:-1, max-image-preview:large, max-video-preview:-1\" \/>\n<link rel=\"canonical\" href=\"https:\/\/www.oidossucios.com\/site\/caneria-y-reciclaje-este-31-de-mayo-en-el-teatro-bar-valencia\/\" \/>\n<meta property=\"og:locale\" content=\"es_ES\" \/>\n<meta property=\"og:type\" content=\"article\" \/>\n<meta property=\"og:title\" content=\"Ca\u00f1eria y Reciclaje este 31 de Mayo en el Teatro Bar Valencia - OidosSucios.Com\" \/>\n<meta property=\"og:description\" content=\"Ca\u00f1eria presenta su primer evento del 2014 &quot;Cloaca Fest 3&quot; junto a la banda Reciclaje de Caracas en el Teatro Bar de Valencia a partir de las 9:00 PM\" \/>\n<meta property=\"og:url\" content=\"https:\/\/www.oidossucios.com\/site\/caneria-y-reciclaje-este-31-de-mayo-en-el-teatro-bar-valencia\/\" \/>\n<meta property=\"og:site_name\" content=\"OidosSucios.Com\" \/>\n<meta property=\"article:published_time\" content=\"2014-05-10T06:47:00+00:00\" \/>\n<meta property=\"og:image\" content=\"https:\/\/www.oidossucios.com\/site\/wp-content\/uploads\/2014\/05\/8641.jpg\" \/>\n\t<meta property=\"og:image:width\" content=\"350\" \/>\n\t<meta property=\"og:image:height\" content=\"300\" \/>\n<meta name=\"twitter:card\" content=\"summary_large_image\" \/>\n<meta name=\"twitter:creator\" content=\"@oidossucios\" \/>\n<script type=\"application\/ld+json\" class=\"yoast-schema-graph\">{\"@context\":\"https:\/\/schema.org\",\"@graph\":[{\"@type\":\"WebSite\",\"@id\":\"https:\/\/www.oidossucios.com\/site\/#website\",\"url\":\"https:\/\/www.oidossucios.com\/site\/\",\"name\":\"OidosSucios.Com\",\"description\":\"M\\u00fasica, conciertos, discos\",\"potentialAction\":[{\"@type\":\"SearchAction\",\"target\":\"https:\/\/www.oidossucios.com\/site\/?s={search_term_string}\",\"query-input\":\"required name=search_term_string\"}],\"inLanguage\":\"es\"},{\"@type\":\"ImageObject\",\"@id\":\"https:\/\/www.oidossucios.com\/site\/caneria-y-reciclaje-este-31-de-mayo-en-el-teatro-bar-valencia\/#primaryimage\",\"inLanguage\":\"es\",\"url\":\"https:\/\/www.oidossucios.com\/site\/wp-content\/uploads\/2014\/05\/8641.jpg\",\"width\":350,\"height\":300},{\"@type\":\"WebPage\",\"@id\":\"https:\/\/www.oidossucios.com\/site\/caneria-y-reciclaje-este-31-de-mayo-en-el-teatro-bar-valencia\/#webpage\",\"url\":\"https:\/\/www.oidossucios.com\/site\/caneria-y-reciclaje-este-31-de-mayo-en-el-teatro-bar-valencia\/\",\"name\":\"Ca\\u00f1eria y Reciclaje este 31 de Mayo en el Teatro Bar Valencia - OidosSucios.Com\",\"isPartOf\":{\"@id\":\"https:\/\/www.oidossucios.com\/site\/#website\"},\"primaryImageOfPage\":{\"@id\":\"https:\/\/www.oidossucios.com\/site\/caneria-y-reciclaje-este-31-de-mayo-en-el-teatro-bar-valencia\/#primaryimage\"},\"datePublished\":\"2014-05-10T06:47:00+00:00\",\"dateModified\":\"2014-05-10T06:47:00+00:00\",\"author\":{\"@id\":\"https:\/\/www.oidossucios.com\/site\/#\/schema\/person\/24559eeb76bf83a63296fb072393a688\"},\"description\":\"Ca\\u00f1eria presenta su primer evento del 2014 \\\"Cloaca Fest 3\\\" junto a la banda Reciclaje de Caracas en el Teatro Bar de Valencia a partir de las 9:00 PM\",\"inLanguage\":\"es\",\"potentialAction\":[{\"@type\":\"ReadAction\",\"target\":[\"https:\/\/www.oidossucios.com\/site\/caneria-y-reciclaje-este-31-de-mayo-en-el-teatro-bar-valencia\/\"]}]},{\"@type\":[\"Person\"],\"@id\":\"https:\/\/www.oidossucios.com\/site\/#\/schema\/person\/24559eeb76bf83a63296fb072393a688\",\"name\":\"Oidossucios\",\"image\":{\"@type\":\"ImageObject\",\"@id\":\"https:\/\/www.oidossucios.com\/site\/#personlogo\",\"inLanguage\":\"es\",\"url\":\"https:\/\/secure.gravatar.com\/avatar\/74fcb480f42f1a33e50a0b6e6369a3f907be2e43dc84fa5f76c66e9c22b4a5ab?s=96&d=mm&r=g\",\"caption\":\"Oidossucios\"},\"sameAs\":[\"https:\/\/twitter.com\/oidossucios\"]}]}<\/script>\n<!-- \/ Yoast SEO plugin. -->","jetpack_sharing_enabled":true,"_links":{"self":[{"href":"https:\/\/www.oidossucios.com\/site\/wp-json\/wp\/v2\/posts\/8641","targetHints":{"allow":["GET"]}}],"collection":[{"href":"https:\/\/www.oidossucios.com\/site\/wp-json\/wp\/v2\/posts"}],"about":[{"href":"https:\/\/www.oidossucios.com\/site\/wp-json\/wp\/v2\/types\/post"}],"author":[{"embeddable":true,"href":"https:\/\/www.oidossucios.com\/site\/wp-json\/wp\/v2\/users\/4"}],"replies":[{"embeddable":true,"href":"https:\/\/www.oidossucios.com\/site\/wp-json\/wp\/v2\/comments?post=8641"}],"version-history":[{"count":0,"href":"https:\/\/www.oidossucios.com\/site\/wp-json\/wp\/v2\/posts\/8641\/revisions"}],"wp:featuredmedia":[{"embeddable":true,"href":"https:\/\/www.oidossucios.com\/site\/wp-json\/wp\/v2\/media\/100008641"}],"wp:attachment":[{"href":"https:\/\/www.oidossucios.com\/site\/wp-json\/wp\/v2\/media?parent=8641"}],"wp:term":[{"taxonomy":"category","embeddable":true,"href":"https:\/\/www.oidossucios.com\/site\/wp-json\/wp\/v2\/categories?post=8641"},{"taxonomy":"post_tag","embeddable":true,"href":"https:\/\/www.oidossucios.com\/site\/wp-json\/wp\/v2\/tags?post=8641"}],"curies":[{"name":"wp","href":"https:\/\/api.w.org\/{rel}","templated":true}]}}