{"id":8644,"date":"2014-05-13T01:27:00","date_gmt":"2014-05-13T01:27:00","guid":{"rendered":"https:\/\/www.oidossucios.com\/site\/2014\/05\/13\/famasloop-en-concierto-en-el-ultrafest-%c2%96san-cristobal-2014\/"},"modified":"2014-05-13T01:27:00","modified_gmt":"2014-05-13T01:27:00","slug":"famasloop-en-concierto-en-el-ultrafest-%c2%96san-cristobal-2014","status":"publish","type":"post","link":"https:\/\/www.oidossucios.com\/site\/famasloop-en-concierto-en-el-ultrafest-%c2%96san-cristobal-2014\/","title":{"rendered":"Famasloop en concierto en el Ultrafest \u0096San Crist\u00f3bal 2014"},"content":{"rendered":"\n<div align=\"justify\">El Cucu Pop de Famasloop se reencuentra con el p\u00fablico andino el pr\u00f3ximo s\u00e1bado 07 de junio donde formar\u00e1n parte del cartel del Ultrafest \u0096San Crist\u00f3bal 2014 a llevarse a cabo en el Centro de Convenciones del Lidotel Sambil<\/p>\n<p>Con su participaci\u00f3n en el Ultrafest \u0096San Crist\u00f3bal 2014, donde compartir\u00e1n escenario con Lebronch, Tomates Fritos y Radio Motora,&nbsp; Famasloop contin\u00faa con la promoci\u00f3n de su m\u00e1s reciente trabajo discogr\u00e1fico &#8220;La Quema&#8221; y&nbsp; el actual sencillo promocional y ya cl\u00e1sico de la banda &#8220;All\u00ed Est\u00e1s&#8221; perteneciente al soundtrack de la pel\u00edcula venezolana &#8220;Nena sal\u00fadame al Diego&#8221;,&nbsp; pr\u00f3ximamente ser\u00e1 incluida en la nueva novela de Ibsen Mart\u00ednez transmitida por Televen.<\/p>\n<p>Famasloop pr\u00f3ximamente estar\u00e1 lanzando el EP titulado &#8220;Cenizas&#8221;: un compilado de B-Sides y temas in\u00e9ditos, entre los que se podr\u00e1 escuchar &#8220;All\u00ed Est\u00e1s&#8221;.<\/p>\n<p>Recuerden, el pr\u00f3ximo s\u00e1bado 07 de junio, Famasloop tocar\u00e1 en vivo en el Ultrafest \u0096 San Crist\u00f3bal 2014. Las entradas se encuentran disponibles&nbsp; a la venta en www.ticketmundo.com por un valor de Bs 480.<\/p>\n<p>Para mayor informaci\u00f3n de Famasloop visita su <a target=\"_blank\" title=\"P\u00e1gina Oficial - Famasloop\" href=\"http:\/\/famasloop.com\/\" rel=\"noopener noreferrer\">p\u00e1gina oficial<\/a>, <a title=\"Facebook - Famasloop\" href=\"https:\/\/www.facebook.com\/famasloop?fref=ts\">Facebook<\/a> y <a target=\"_blank\" title=\"Twitter - Famasloop\" href=\"https:\/\/twitter.com\/famasloop\" rel=\"noopener noreferrer\">Twitter<\/a>.<\/p>\n<p>Fuente: Nota de Prensa  <\/div>\n<p><\/p>\n","protected":false},"excerpt":{"rendered":"<p>Famasloop pr\u00f3ximamente estar\u00e1 lanzando el EP titulado &#8220;Cenizas&#8221;<\/p>\n","protected":false},"author":4,"featured_media":100008644,"comment_status":"open","ping_status":"open","sticky":false,"template":"","format":"standard","meta":{"_jetpack_memberships_contains_paid_content":false,"footnotes":""},"categories":[142],"tags":[],"class_list":["post-8644","post","type-post","status-publish","format-standard","has-post-thumbnail","hentry","category-buzznews"],"jetpack_featured_media_url":"https:\/\/www.oidossucios.com\/site\/wp-content\/uploads\/2014\/05\/8644.jpg","yoast_head":"<!-- This site is optimized with the Yoast SEO plugin v14.0.4 - https:\/\/yoast.com\/wordpress\/plugins\/seo\/ -->\n<title>Famasloop en concierto en el Ultrafest \u0096San Crist\u00f3bal 2014 - OidosSucios.Com<\/title>\n<meta name=\"description\" content=\"Famasloop pr\u00f3ximamente estar\u00e1 lanzando el EP titulado &quot;Cenizas&quot;\" \/>\n<meta name=\"robots\" content=\"index, follow\" \/>\n<meta name=\"googlebot\" content=\"index, follow, max-snippet:-1, max-image-preview:large, max-video-preview:-1\" \/>\n<meta name=\"bingbot\" content=\"index, follow, max-snippet:-1, max-image-preview:large, max-video-preview:-1\" \/>\n<link rel=\"canonical\" href=\"https:\/\/www.oidossucios.com\/site\/famasloop-en-concierto-en-el-ultrafest-\u0096san-cristobal-2014\/\" \/>\n<meta property=\"og:locale\" content=\"es_ES\" \/>\n<meta property=\"og:type\" content=\"article\" \/>\n<meta property=\"og:title\" content=\"Famasloop en concierto en el Ultrafest \u0096San Crist\u00f3bal 2014 - OidosSucios.Com\" \/>\n<meta property=\"og:description\" content=\"Famasloop pr\u00f3ximamente estar\u00e1 lanzando el EP titulado &quot;Cenizas&quot;\" \/>\n<meta property=\"og:url\" content=\"https:\/\/www.oidossucios.com\/site\/famasloop-en-concierto-en-el-ultrafest-\u0096san-cristobal-2014\/\" \/>\n<meta property=\"og:site_name\" content=\"OidosSucios.Com\" \/>\n<meta property=\"article:published_time\" content=\"2014-05-13T01:27:00+00:00\" \/>\n<meta property=\"og:image\" content=\"https:\/\/www.oidossucios.com\/site\/wp-content\/uploads\/2014\/05\/8644.jpg\" \/>\n\t<meta property=\"og:image:width\" content=\"350\" \/>\n\t<meta property=\"og:image:height\" content=\"300\" \/>\n<meta name=\"twitter:card\" content=\"summary_large_image\" \/>\n<meta name=\"twitter:creator\" content=\"@oidossucios\" \/>\n<script type=\"application\/ld+json\" class=\"yoast-schema-graph\">{\"@context\":\"https:\/\/schema.org\",\"@graph\":[{\"@type\":\"WebSite\",\"@id\":\"https:\/\/www.oidossucios.com\/site\/#website\",\"url\":\"https:\/\/www.oidossucios.com\/site\/\",\"name\":\"OidosSucios.Com\",\"description\":\"M\\u00fasica, conciertos, discos\",\"potentialAction\":[{\"@type\":\"SearchAction\",\"target\":\"https:\/\/www.oidossucios.com\/site\/?s={search_term_string}\",\"query-input\":\"required name=search_term_string\"}],\"inLanguage\":\"es\"},{\"@type\":\"ImageObject\",\"@id\":\"https:\/\/www.oidossucios.com\/site\/famasloop-en-concierto-en-el-ultrafest-%c2%96san-cristobal-2014\/#primaryimage\",\"inLanguage\":\"es\",\"url\":\"https:\/\/www.oidossucios.com\/site\/wp-content\/uploads\/2014\/05\/8644.jpg\",\"width\":350,\"height\":300},{\"@type\":\"WebPage\",\"@id\":\"https:\/\/www.oidossucios.com\/site\/famasloop-en-concierto-en-el-ultrafest-%c2%96san-cristobal-2014\/#webpage\",\"url\":\"https:\/\/www.oidossucios.com\/site\/famasloop-en-concierto-en-el-ultrafest-%c2%96san-cristobal-2014\/\",\"name\":\"Famasloop en concierto en el Ultrafest \\u0096San Crist\\u00f3bal 2014 - OidosSucios.Com\",\"isPartOf\":{\"@id\":\"https:\/\/www.oidossucios.com\/site\/#website\"},\"primaryImageOfPage\":{\"@id\":\"https:\/\/www.oidossucios.com\/site\/famasloop-en-concierto-en-el-ultrafest-%c2%96san-cristobal-2014\/#primaryimage\"},\"datePublished\":\"2014-05-13T01:27:00+00:00\",\"dateModified\":\"2014-05-13T01:27:00+00:00\",\"author\":{\"@id\":\"https:\/\/www.oidossucios.com\/site\/#\/schema\/person\/24559eeb76bf83a63296fb072393a688\"},\"description\":\"Famasloop pr\\u00f3ximamente estar\\u00e1 lanzando el EP titulado \\\"Cenizas\\\"\",\"inLanguage\":\"es\",\"potentialAction\":[{\"@type\":\"ReadAction\",\"target\":[\"https:\/\/www.oidossucios.com\/site\/famasloop-en-concierto-en-el-ultrafest-%c2%96san-cristobal-2014\/\"]}]},{\"@type\":[\"Person\"],\"@id\":\"https:\/\/www.oidossucios.com\/site\/#\/schema\/person\/24559eeb76bf83a63296fb072393a688\",\"name\":\"Oidossucios\",\"image\":{\"@type\":\"ImageObject\",\"@id\":\"https:\/\/www.oidossucios.com\/site\/#personlogo\",\"inLanguage\":\"es\",\"url\":\"https:\/\/secure.gravatar.com\/avatar\/74fcb480f42f1a33e50a0b6e6369a3f907be2e43dc84fa5f76c66e9c22b4a5ab?s=96&d=mm&r=g\",\"caption\":\"Oidossucios\"},\"sameAs\":[\"https:\/\/twitter.com\/oidossucios\"]}]}<\/script>\n<!-- \/ Yoast SEO plugin. -->","jetpack_sharing_enabled":true,"_links":{"self":[{"href":"https:\/\/www.oidossucios.com\/site\/wp-json\/wp\/v2\/posts\/8644","targetHints":{"allow":["GET"]}}],"collection":[{"href":"https:\/\/www.oidossucios.com\/site\/wp-json\/wp\/v2\/posts"}],"about":[{"href":"https:\/\/www.oidossucios.com\/site\/wp-json\/wp\/v2\/types\/post"}],"author":[{"embeddable":true,"href":"https:\/\/www.oidossucios.com\/site\/wp-json\/wp\/v2\/users\/4"}],"replies":[{"embeddable":true,"href":"https:\/\/www.oidossucios.com\/site\/wp-json\/wp\/v2\/comments?post=8644"}],"version-history":[{"count":0,"href":"https:\/\/www.oidossucios.com\/site\/wp-json\/wp\/v2\/posts\/8644\/revisions"}],"wp:featuredmedia":[{"embeddable":true,"href":"https:\/\/www.oidossucios.com\/site\/wp-json\/wp\/v2\/media\/100008644"}],"wp:attachment":[{"href":"https:\/\/www.oidossucios.com\/site\/wp-json\/wp\/v2\/media?parent=8644"}],"wp:term":[{"taxonomy":"category","embeddable":true,"href":"https:\/\/www.oidossucios.com\/site\/wp-json\/wp\/v2\/categories?post=8644"},{"taxonomy":"post_tag","embeddable":true,"href":"https:\/\/www.oidossucios.com\/site\/wp-json\/wp\/v2\/tags?post=8644"}],"curies":[{"name":"wp","href":"https:\/\/api.w.org\/{rel}","templated":true}]}}