{"id":865,"date":"2003-10-27T05:17:00","date_gmt":"2003-10-27T05:17:00","guid":{"rendered":"https:\/\/www.oidossucios.com\/site\/2003\/10\/27\/robbie-williams-vendra-a-sudamerica-en-febrero\/"},"modified":"2003-10-27T05:17:00","modified_gmt":"2003-10-27T05:17:00","slug":"robbie-williams-vendra-a-sudamerica-en-febrero","status":"publish","type":"post","link":"https:\/\/www.oidossucios.com\/site\/robbie-williams-vendra-a-sudamerica-en-febrero\/","title":{"rendered":"Robbie Williams vendr\u00e1 a Sudam\u00e9rica en febrero"},"content":{"rendered":"<p>El cantante brit\u00e1nico Robbie Williams, quien se encuentra en Europa promocionando su m\u00e1s reciente disco, &#8216;Live at Knebworth&#8217;, pisar\u00e1 Sudam\u00e9rica el pr\u00f3ximo mes de febrero, seg\u00fan el suplemento Si! del diario argentino Clar\u00edn.<\/p>\n<p>El empresario del mundo del f\u00fatbol y el espect\u00e1culo, Daniel Grinbank, confirm\u00f3 la primera fecha del astro ingl\u00e9s en nuestro territorio, el 21 de febrero en el estadio de V\u00e9lez (Argentina). Medios chilenos hab\u00edan especulado semanas atr\u00e1s con presentaciones en su pa\u00eds para el mismo mes. Grinbank adelant\u00f3 adem\u00e1s que est\u00e1n en conversaciones para llevar a los Rolling Stones a Argentina en octubre del 2004 o marzo del 2005, en medio de una hipot\u00e9tica gira sudamericana.<\/p>\n<p>&#8216;Live at Knebworth&#8217;, que tambi\u00e9n viene en versi\u00f3n DVD, es un \u00e9xito de ventas a nivel mundial y mantiene todas las fechas de la gira europea del cantante totalmente vendidas. El \u00e1lbum fue grabado el pasado mes de agosto durante tres d\u00edas en el parque Knebworth, convocando a m\u00e1s de 350 mil personas y rompiendo as\u00ed el r\u00e9cord brit\u00e1nico de asistencia que manten\u00eda Oasis cuando grab\u00f3 su disco &#8216;Familiar to Millions&#8217;, ante m\u00e1s de 80 mil personas durante dos noches en el estadio de Wembley.<\/p>\n","protected":false},"excerpt":{"rendered":"<p>Un empresario argentino confirm\u00f3 al diario Clar\u00edn la primera fecha de la gira sudamericana del astro brit\u00e1nico.<\/p>\n","protected":false},"author":4,"featured_media":10000861,"comment_status":"open","ping_status":"open","sticky":false,"template":"","format":"standard","meta":{"_jetpack_memberships_contains_paid_content":false,"footnotes":""},"categories":[250],"tags":[311],"class_list":["post-865","post","type-post","status-publish","format-standard","has-post-thumbnail","hentry","category-noticias","tag-robbie"],"jetpack_featured_media_url":"https:\/\/www.oidossucios.com\/site\/wp-content\/uploads\/2003\/10\/861.jpg","yoast_head":"<!-- This site is optimized with the Yoast SEO plugin v14.0.4 - https:\/\/yoast.com\/wordpress\/plugins\/seo\/ -->\n<title>Robbie Williams vendr\u00e1 a Sudam\u00e9rica en febrero - OidosSucios.Com<\/title>\n<meta name=\"description\" content=\"La banda suspendi\u00f3 su tour por Sudam\u00e9rica y Jap\u00f3n que comenzar\u00eda la semana que viene debido al cansancio f\u00edsico y mental de sus integrantes.\" \/>\n<meta name=\"robots\" content=\"index, follow\" \/>\n<meta name=\"googlebot\" content=\"index, follow, max-snippet:-1, max-image-preview:large, max-video-preview:-1\" \/>\n<meta name=\"bingbot\" content=\"index, follow, max-snippet:-1, max-image-preview:large, max-video-preview:-1\" \/>\n<link rel=\"canonical\" href=\"https:\/\/www.oidossucios.com\/site\/robbie-williams-vendra-a-sudamerica-en-febrero\/\" \/>\n<meta property=\"og:locale\" content=\"es_ES\" \/>\n<meta property=\"og:type\" content=\"article\" \/>\n<meta property=\"og:title\" content=\"Robbie Williams vendr\u00e1 a Sudam\u00e9rica en febrero - OidosSucios.Com\" \/>\n<meta property=\"og:description\" content=\"La banda suspendi\u00f3 su tour por Sudam\u00e9rica y Jap\u00f3n que comenzar\u00eda la semana que viene debido al cansancio f\u00edsico y mental de sus integrantes.\" \/>\n<meta property=\"og:url\" content=\"https:\/\/www.oidossucios.com\/site\/robbie-williams-vendra-a-sudamerica-en-febrero\/\" \/>\n<meta property=\"og:site_name\" content=\"OidosSucios.Com\" \/>\n<meta property=\"article:published_time\" content=\"2003-10-27T05:17:00+00:00\" \/>\n<meta property=\"og:image\" content=\"https:\/\/www.oidossucios.com\/site\/wp-content\/uploads\/2003\/10\/861.jpg\" \/>\n\t<meta property=\"og:image:width\" content=\"290\" \/>\n\t<meta property=\"og:image:height\" content=\"100\" \/>\n<meta name=\"twitter:card\" content=\"summary_large_image\" \/>\n<meta name=\"twitter:creator\" content=\"@oidossucios\" \/>\n<script type=\"application\/ld+json\" class=\"yoast-schema-graph\">{\"@context\":\"https:\/\/schema.org\",\"@graph\":[{\"@type\":\"WebSite\",\"@id\":\"https:\/\/www.oidossucios.com\/site\/#website\",\"url\":\"https:\/\/www.oidossucios.com\/site\/\",\"name\":\"OidosSucios.Com\",\"description\":\"M\\u00fasica, conciertos, discos\",\"potentialAction\":[{\"@type\":\"SearchAction\",\"target\":\"https:\/\/www.oidossucios.com\/site\/?s={search_term_string}\",\"query-input\":\"required name=search_term_string\"}],\"inLanguage\":\"es\"},{\"@type\":\"ImageObject\",\"@id\":\"https:\/\/www.oidossucios.com\/site\/robbie-williams-vendra-a-sudamerica-en-febrero\/#primaryimage\",\"inLanguage\":\"es\",\"url\":\"https:\/\/www.oidossucios.com\/site\/wp-content\/uploads\/2003\/10\/861.jpg\",\"width\":290,\"height\":100},{\"@type\":\"WebPage\",\"@id\":\"https:\/\/www.oidossucios.com\/site\/robbie-williams-vendra-a-sudamerica-en-febrero\/#webpage\",\"url\":\"https:\/\/www.oidossucios.com\/site\/robbie-williams-vendra-a-sudamerica-en-febrero\/\",\"name\":\"Robbie Williams vendr\\u00e1 a Sudam\\u00e9rica en febrero - OidosSucios.Com\",\"isPartOf\":{\"@id\":\"https:\/\/www.oidossucios.com\/site\/#website\"},\"primaryImageOfPage\":{\"@id\":\"https:\/\/www.oidossucios.com\/site\/robbie-williams-vendra-a-sudamerica-en-febrero\/#primaryimage\"},\"datePublished\":\"2003-10-27T05:17:00+00:00\",\"dateModified\":\"2003-10-27T05:17:00+00:00\",\"author\":{\"@id\":\"https:\/\/www.oidossucios.com\/site\/#\/schema\/person\/24559eeb76bf83a63296fb072393a688\"},\"description\":\"La banda suspendi\\u00f3 su tour por Sudam\\u00e9rica y Jap\\u00f3n que comenzar\\u00eda la semana que viene debido al cansancio f\\u00edsico y mental de sus integrantes.\",\"inLanguage\":\"es\",\"potentialAction\":[{\"@type\":\"ReadAction\",\"target\":[\"https:\/\/www.oidossucios.com\/site\/robbie-williams-vendra-a-sudamerica-en-febrero\/\"]}]},{\"@type\":[\"Person\"],\"@id\":\"https:\/\/www.oidossucios.com\/site\/#\/schema\/person\/24559eeb76bf83a63296fb072393a688\",\"name\":\"Oidossucios\",\"image\":{\"@type\":\"ImageObject\",\"@id\":\"https:\/\/www.oidossucios.com\/site\/#personlogo\",\"inLanguage\":\"es\",\"url\":\"https:\/\/secure.gravatar.com\/avatar\/74fcb480f42f1a33e50a0b6e6369a3f907be2e43dc84fa5f76c66e9c22b4a5ab?s=96&d=mm&r=g\",\"caption\":\"Oidossucios\"},\"sameAs\":[\"https:\/\/twitter.com\/oidossucios\"]}]}<\/script>\n<!-- \/ Yoast SEO plugin. -->","jetpack_sharing_enabled":true,"_links":{"self":[{"href":"https:\/\/www.oidossucios.com\/site\/wp-json\/wp\/v2\/posts\/865","targetHints":{"allow":["GET"]}}],"collection":[{"href":"https:\/\/www.oidossucios.com\/site\/wp-json\/wp\/v2\/posts"}],"about":[{"href":"https:\/\/www.oidossucios.com\/site\/wp-json\/wp\/v2\/types\/post"}],"author":[{"embeddable":true,"href":"https:\/\/www.oidossucios.com\/site\/wp-json\/wp\/v2\/users\/4"}],"replies":[{"embeddable":true,"href":"https:\/\/www.oidossucios.com\/site\/wp-json\/wp\/v2\/comments?post=865"}],"version-history":[{"count":0,"href":"https:\/\/www.oidossucios.com\/site\/wp-json\/wp\/v2\/posts\/865\/revisions"}],"wp:featuredmedia":[{"embeddable":true,"href":"https:\/\/www.oidossucios.com\/site\/wp-json\/wp\/v2\/media\/10000861"}],"wp:attachment":[{"href":"https:\/\/www.oidossucios.com\/site\/wp-json\/wp\/v2\/media?parent=865"}],"wp:term":[{"taxonomy":"category","embeddable":true,"href":"https:\/\/www.oidossucios.com\/site\/wp-json\/wp\/v2\/categories?post=865"},{"taxonomy":"post_tag","embeddable":true,"href":"https:\/\/www.oidossucios.com\/site\/wp-json\/wp\/v2\/tags?post=865"}],"curies":[{"name":"wp","href":"https:\/\/api.w.org\/{rel}","templated":true}]}}