{"id":8653,"date":"2014-05-15T05:31:00","date_gmt":"2014-05-15T05:31:00","guid":{"rendered":"https:\/\/www.oidossucios.com\/site\/2014\/05\/15\/desaparecer-nuevo-sencillo-y-videoclip-de-los-polaroid-se-estrenan-este-viernes-en-exclusiva\/"},"modified":"2014-05-15T05:31:00","modified_gmt":"2014-05-15T05:31:00","slug":"desaparecer-nuevo-sencillo-y-videoclip-de-los-polaroid-se-estrenan-este-viernes-en-exclusiva","status":"publish","type":"post","link":"https:\/\/www.oidossucios.com\/site\/desaparecer-nuevo-sencillo-y-videoclip-de-los-polaroid-se-estrenan-este-viernes-en-exclusiva\/","title":{"rendered":"&#8220;Desaparecer&#8221; nuevo sencillo y videoclip de Los Polaroid se estrenan este viernes en exclusiva"},"content":{"rendered":"\n<div align=\"justify\">Nuevamente el rock de Los Polaroid se har\u00e1 sentir en toda Venezuela a partir de este viernes 16 de mayo a trav\u00e9s de la se\u00f1al exclusiva de La Mega Estaci\u00f3n con su nuevo sencillo promocional &#8220;Desaparecer&#8221;.<\/p>\n<p>Tras lograr un rotundo \u00e9xito con su primer sencillo &#8220;Paradoja&#8221;, Los Polaroid nuevamente vuelven al ruedo para estrenar lo que ser\u00e1 el segundo promocional de su primera placa de larga duraci\u00f3n. &#8220;Desaparecer&#8221; es el nombre de este sencillo que adem\u00e1s, viene acompa\u00f1ado de un videoclip los cuales ser\u00e1n estrenados el d\u00eda viernes 16 de mayo.<\/p>\n<p>El audio, el cual se estrenar\u00e1 en primera instancia, ser\u00e1 transmitido para todos a partir de la 01:00pm en el programa &#8220;Play&#8221; conducido por Ram\u00f3n Castro en la se\u00f1al abierta de La Mega 107.3FM y en la web a trav\u00e9s de <a title=\"La Mega p\u00e1gina oficial\" target=\"_blank\" href=\"www.lamegaestacion.com\" rel=\"noopener noreferrer\">www.lamegaestacion.com<\/a>.<\/p>\n<p>Por otra parte, el videoclip ser\u00e1 estrenado de manera oficial a las 02:00pm del mismo d\u00eda viernes 16\/05 por el canal de YouTube de la agrupaci\u00f3n LosPolaroid justo al finalizar el programa radial de La Mega 107.3FM.<\/p>\n<p>Fuente: Nota de Prensa  <\/div>\n<p><\/p>\n","protected":false},"excerpt":{"rendered":"<p>&#8220;Desaparecer&#8221; es el nombre de este sencillo que adem\u00e1s, viene acompa\u00f1ado de un videoclip los cuales ser\u00e1n estrenados el d\u00eda viernes 16 de mayo.<\/p>\n","protected":false},"author":4,"featured_media":100008653,"comment_status":"open","ping_status":"open","sticky":false,"template":"","format":"standard","meta":{"_jetpack_memberships_contains_paid_content":false,"footnotes":""},"categories":[142],"tags":[],"class_list":["post-8653","post","type-post","status-publish","format-standard","has-post-thumbnail","hentry","category-buzznews"],"jetpack_featured_media_url":"https:\/\/www.oidossucios.com\/site\/wp-content\/uploads\/2014\/05\/8653.jpg","yoast_head":"<!-- This site is optimized with the Yoast SEO plugin v14.0.4 - https:\/\/yoast.com\/wordpress\/plugins\/seo\/ -->\n<title>&quot;Desaparecer&quot; nuevo sencillo y videoclip de Los Polaroid se estrenan este viernes en exclusiva - OidosSucios.Com<\/title>\n<meta name=\"description\" content=\"&quot;Desaparecer&quot; es el nombre de este sencillo que adem\u00e1s, viene acompa\u00f1ado de un videoclip los cuales ser\u00e1n estrenados el d\u00eda viernes 16 de mayo.\" \/>\n<meta name=\"robots\" content=\"index, follow\" \/>\n<meta name=\"googlebot\" content=\"index, follow, max-snippet:-1, max-image-preview:large, max-video-preview:-1\" \/>\n<meta name=\"bingbot\" content=\"index, follow, max-snippet:-1, max-image-preview:large, max-video-preview:-1\" \/>\n<link rel=\"canonical\" href=\"https:\/\/www.oidossucios.com\/site\/desaparecer-nuevo-sencillo-y-videoclip-de-los-polaroid-se-estrenan-este-viernes-en-exclusiva\/\" \/>\n<meta property=\"og:locale\" content=\"es_ES\" \/>\n<meta property=\"og:type\" content=\"article\" \/>\n<meta property=\"og:title\" content=\"&quot;Desaparecer&quot; nuevo sencillo y videoclip de Los Polaroid se estrenan este viernes en exclusiva - OidosSucios.Com\" \/>\n<meta property=\"og:description\" content=\"&quot;Desaparecer&quot; es el nombre de este sencillo que adem\u00e1s, viene acompa\u00f1ado de un videoclip los cuales ser\u00e1n estrenados el d\u00eda viernes 16 de mayo.\" \/>\n<meta property=\"og:url\" content=\"https:\/\/www.oidossucios.com\/site\/desaparecer-nuevo-sencillo-y-videoclip-de-los-polaroid-se-estrenan-este-viernes-en-exclusiva\/\" \/>\n<meta property=\"og:site_name\" content=\"OidosSucios.Com\" \/>\n<meta property=\"article:published_time\" content=\"2014-05-15T05:31:00+00:00\" \/>\n<meta property=\"og:image\" content=\"https:\/\/www.oidossucios.com\/site\/wp-content\/uploads\/2014\/05\/8653.jpg\" \/>\n\t<meta property=\"og:image:width\" content=\"350\" \/>\n\t<meta property=\"og:image:height\" content=\"300\" \/>\n<meta name=\"twitter:card\" content=\"summary_large_image\" \/>\n<meta name=\"twitter:creator\" content=\"@oidossucios\" \/>\n<script type=\"application\/ld+json\" class=\"yoast-schema-graph\">{\"@context\":\"https:\/\/schema.org\",\"@graph\":[{\"@type\":\"WebSite\",\"@id\":\"https:\/\/www.oidossucios.com\/site\/#website\",\"url\":\"https:\/\/www.oidossucios.com\/site\/\",\"name\":\"OidosSucios.Com\",\"description\":\"M\\u00fasica, conciertos, discos\",\"potentialAction\":[{\"@type\":\"SearchAction\",\"target\":\"https:\/\/www.oidossucios.com\/site\/?s={search_term_string}\",\"query-input\":\"required name=search_term_string\"}],\"inLanguage\":\"es\"},{\"@type\":\"ImageObject\",\"@id\":\"https:\/\/www.oidossucios.com\/site\/desaparecer-nuevo-sencillo-y-videoclip-de-los-polaroid-se-estrenan-este-viernes-en-exclusiva\/#primaryimage\",\"inLanguage\":\"es\",\"url\":\"https:\/\/www.oidossucios.com\/site\/wp-content\/uploads\/2014\/05\/8653.jpg\",\"width\":350,\"height\":300},{\"@type\":\"WebPage\",\"@id\":\"https:\/\/www.oidossucios.com\/site\/desaparecer-nuevo-sencillo-y-videoclip-de-los-polaroid-se-estrenan-este-viernes-en-exclusiva\/#webpage\",\"url\":\"https:\/\/www.oidossucios.com\/site\/desaparecer-nuevo-sencillo-y-videoclip-de-los-polaroid-se-estrenan-este-viernes-en-exclusiva\/\",\"name\":\"\\\"Desaparecer\\\" nuevo sencillo y videoclip de Los Polaroid se estrenan este viernes en exclusiva - OidosSucios.Com\",\"isPartOf\":{\"@id\":\"https:\/\/www.oidossucios.com\/site\/#website\"},\"primaryImageOfPage\":{\"@id\":\"https:\/\/www.oidossucios.com\/site\/desaparecer-nuevo-sencillo-y-videoclip-de-los-polaroid-se-estrenan-este-viernes-en-exclusiva\/#primaryimage\"},\"datePublished\":\"2014-05-15T05:31:00+00:00\",\"dateModified\":\"2014-05-15T05:31:00+00:00\",\"author\":{\"@id\":\"https:\/\/www.oidossucios.com\/site\/#\/schema\/person\/24559eeb76bf83a63296fb072393a688\"},\"description\":\"\\\"Desaparecer\\\" es el nombre de este sencillo que adem\\u00e1s, viene acompa\\u00f1ado de un videoclip los cuales ser\\u00e1n estrenados el d\\u00eda viernes 16 de mayo.\",\"inLanguage\":\"es\",\"potentialAction\":[{\"@type\":\"ReadAction\",\"target\":[\"https:\/\/www.oidossucios.com\/site\/desaparecer-nuevo-sencillo-y-videoclip-de-los-polaroid-se-estrenan-este-viernes-en-exclusiva\/\"]}]},{\"@type\":[\"Person\"],\"@id\":\"https:\/\/www.oidossucios.com\/site\/#\/schema\/person\/24559eeb76bf83a63296fb072393a688\",\"name\":\"Oidossucios\",\"image\":{\"@type\":\"ImageObject\",\"@id\":\"https:\/\/www.oidossucios.com\/site\/#personlogo\",\"inLanguage\":\"es\",\"url\":\"https:\/\/secure.gravatar.com\/avatar\/74fcb480f42f1a33e50a0b6e6369a3f907be2e43dc84fa5f76c66e9c22b4a5ab?s=96&d=mm&r=g\",\"caption\":\"Oidossucios\"},\"sameAs\":[\"https:\/\/twitter.com\/oidossucios\"]}]}<\/script>\n<!-- \/ Yoast SEO plugin. -->","jetpack_sharing_enabled":true,"_links":{"self":[{"href":"https:\/\/www.oidossucios.com\/site\/wp-json\/wp\/v2\/posts\/8653","targetHints":{"allow":["GET"]}}],"collection":[{"href":"https:\/\/www.oidossucios.com\/site\/wp-json\/wp\/v2\/posts"}],"about":[{"href":"https:\/\/www.oidossucios.com\/site\/wp-json\/wp\/v2\/types\/post"}],"author":[{"embeddable":true,"href":"https:\/\/www.oidossucios.com\/site\/wp-json\/wp\/v2\/users\/4"}],"replies":[{"embeddable":true,"href":"https:\/\/www.oidossucios.com\/site\/wp-json\/wp\/v2\/comments?post=8653"}],"version-history":[{"count":0,"href":"https:\/\/www.oidossucios.com\/site\/wp-json\/wp\/v2\/posts\/8653\/revisions"}],"wp:featuredmedia":[{"embeddable":true,"href":"https:\/\/www.oidossucios.com\/site\/wp-json\/wp\/v2\/media\/100008653"}],"wp:attachment":[{"href":"https:\/\/www.oidossucios.com\/site\/wp-json\/wp\/v2\/media?parent=8653"}],"wp:term":[{"taxonomy":"category","embeddable":true,"href":"https:\/\/www.oidossucios.com\/site\/wp-json\/wp\/v2\/categories?post=8653"},{"taxonomy":"post_tag","embeddable":true,"href":"https:\/\/www.oidossucios.com\/site\/wp-json\/wp\/v2\/tags?post=8653"}],"curies":[{"name":"wp","href":"https:\/\/api.w.org\/{rel}","templated":true}]}}