{"id":8663,"date":"2014-05-22T07:32:00","date_gmt":"2014-05-22T07:32:00","guid":{"rendered":"https:\/\/www.oidossucios.com\/site\/2014\/05\/22\/pink-floyd-revela-nueva-edicion-conmemorativa-de-the-division-bell\/"},"modified":"2014-05-22T07:32:00","modified_gmt":"2014-05-22T07:32:00","slug":"pink-floyd-revela-nueva-edicion-conmemorativa-de-the-division-bell","status":"publish","type":"post","link":"https:\/\/www.oidossucios.com\/site\/pink-floyd-revela-nueva-edicion-conmemorativa-de-the-division-bell\/","title":{"rendered":"Pink Floyd revela nueva edici\u00f3n conmemorativa de &quot;The Division Bell&quot;"},"content":{"rendered":"\n<div align=\"justify\">Despu\u00e9s de que en su p\u00e1gina de internet apareciera una cuenta regresiva que ten\u00eda por nombre #TDB20, Pink Floyd revel\u00f3 que pondr\u00e1 a disposici\u00f3n del p\u00fablico una caja conmemorativa del famoso \u00faltimo disco de la banda, The Division Bell, lanzado el 28 de marzo de 1994.<\/p>\n<p>Dicho boxset puede ser pre-ordenado desde el sitio web personalizado de esta edici\u00f3n e incluir\u00e1:<\/p>\n<p>&#8211; Una edici\u00f3n de colecci\u00f3n del \u00e1lbum remasterizado de las cintas an\u00e1logas originales.<br \/>&#8211; Una r\u00e9plica en 7 pulgadas de color rojo del vinilo del sencillo &#8220;Take It Back&#8221;<br \/>&#8211; Una r\u00e9plica transparente del original &#8220;High Hopes&#8221; &#8211; Un disco Blu-Ray que incluye &#8220;The Division Bell&#8221; en alta definici\u00f3n<br \/>&#8211; Un nuevo video musical de la canci\u00f3n ganadora del Grammy &#8220;Marooned&#8221;<br \/>Entre otros art\u00edculos para el perfecto aficionado de la banda de rock progresivo.<\/p>\n<p>Sin embargo, muchos fans quedaron un tanto decepcionados pues esperaban, dada la expectativa, una posible reuni\u00f3n de la banda como manera de celebrar su \u00faltima grabaci\u00f3n de hace 20 a\u00f1os. Los grandes coleccionistas, por su parte, deben de quedar muy entusiasmados con esta noticia. <\/p>\n<p>Fuente: Somos \u00cddolos  <\/div>\n","protected":false},"excerpt":{"rendered":"<p>Pink Floyd revel\u00f3 que pondr\u00e1 a disposici\u00f3n del p\u00fablico una caja conmemorativa del famoso \u00faltimo disco de la banda<\/p>\n","protected":false},"author":4,"featured_media":100008663,"comment_status":"open","ping_status":"open","sticky":false,"template":"","format":"standard","meta":{"_jetpack_memberships_contains_paid_content":false,"footnotes":""},"categories":[142],"tags":[],"class_list":["post-8663","post","type-post","status-publish","format-standard","has-post-thumbnail","hentry","category-buzznews"],"jetpack_featured_media_url":"https:\/\/www.oidossucios.com\/site\/wp-content\/uploads\/2014\/05\/8663.jpg","yoast_head":"<!-- This site is optimized with the Yoast SEO plugin v14.0.4 - https:\/\/yoast.com\/wordpress\/plugins\/seo\/ -->\n<title>Pink Floyd revela nueva edici\u00f3n conmemorativa de &quot;The Division Bell&quot; - OidosSucios.Com<\/title>\n<meta name=\"description\" content=\"Pink Floyd revel\u00f3 que pondr\u00e1 a disposici\u00f3n del p\u00fablico una caja conmemorativa del famoso \u00faltimo disco de la banda\" \/>\n<meta name=\"robots\" content=\"index, follow\" \/>\n<meta name=\"googlebot\" content=\"index, follow, max-snippet:-1, max-image-preview:large, max-video-preview:-1\" \/>\n<meta name=\"bingbot\" content=\"index, follow, max-snippet:-1, max-image-preview:large, max-video-preview:-1\" \/>\n<link rel=\"canonical\" href=\"https:\/\/www.oidossucios.com\/site\/pink-floyd-revela-nueva-edicion-conmemorativa-de-the-division-bell\/\" \/>\n<meta property=\"og:locale\" content=\"es_ES\" \/>\n<meta property=\"og:type\" content=\"article\" \/>\n<meta property=\"og:title\" content=\"Pink Floyd revela nueva edici\u00f3n conmemorativa de &quot;The Division Bell&quot; - OidosSucios.Com\" \/>\n<meta property=\"og:description\" content=\"Pink Floyd revel\u00f3 que pondr\u00e1 a disposici\u00f3n del p\u00fablico una caja conmemorativa del famoso \u00faltimo disco de la banda\" \/>\n<meta property=\"og:url\" content=\"https:\/\/www.oidossucios.com\/site\/pink-floyd-revela-nueva-edicion-conmemorativa-de-the-division-bell\/\" \/>\n<meta property=\"og:site_name\" content=\"OidosSucios.Com\" \/>\n<meta property=\"article:published_time\" content=\"2014-05-22T07:32:00+00:00\" \/>\n<meta property=\"og:image\" content=\"https:\/\/www.oidossucios.com\/site\/wp-content\/uploads\/2014\/05\/8663.jpg\" \/>\n\t<meta property=\"og:image:width\" content=\"350\" \/>\n\t<meta property=\"og:image:height\" content=\"300\" \/>\n<meta name=\"twitter:card\" content=\"summary_large_image\" \/>\n<meta name=\"twitter:creator\" content=\"@oidossucios\" \/>\n<script type=\"application\/ld+json\" class=\"yoast-schema-graph\">{\"@context\":\"https:\/\/schema.org\",\"@graph\":[{\"@type\":\"WebSite\",\"@id\":\"https:\/\/www.oidossucios.com\/site\/#website\",\"url\":\"https:\/\/www.oidossucios.com\/site\/\",\"name\":\"OidosSucios.Com\",\"description\":\"M\\u00fasica, conciertos, discos\",\"potentialAction\":[{\"@type\":\"SearchAction\",\"target\":\"https:\/\/www.oidossucios.com\/site\/?s={search_term_string}\",\"query-input\":\"required name=search_term_string\"}],\"inLanguage\":\"es\"},{\"@type\":\"ImageObject\",\"@id\":\"https:\/\/www.oidossucios.com\/site\/pink-floyd-revela-nueva-edicion-conmemorativa-de-the-division-bell\/#primaryimage\",\"inLanguage\":\"es\",\"url\":\"https:\/\/www.oidossucios.com\/site\/wp-content\/uploads\/2014\/05\/8663.jpg\",\"width\":350,\"height\":300},{\"@type\":\"WebPage\",\"@id\":\"https:\/\/www.oidossucios.com\/site\/pink-floyd-revela-nueva-edicion-conmemorativa-de-the-division-bell\/#webpage\",\"url\":\"https:\/\/www.oidossucios.com\/site\/pink-floyd-revela-nueva-edicion-conmemorativa-de-the-division-bell\/\",\"name\":\"Pink Floyd revela nueva edici\\u00f3n conmemorativa de &quot;The Division Bell&quot; - OidosSucios.Com\",\"isPartOf\":{\"@id\":\"https:\/\/www.oidossucios.com\/site\/#website\"},\"primaryImageOfPage\":{\"@id\":\"https:\/\/www.oidossucios.com\/site\/pink-floyd-revela-nueva-edicion-conmemorativa-de-the-division-bell\/#primaryimage\"},\"datePublished\":\"2014-05-22T07:32:00+00:00\",\"dateModified\":\"2014-05-22T07:32:00+00:00\",\"author\":{\"@id\":\"https:\/\/www.oidossucios.com\/site\/#\/schema\/person\/24559eeb76bf83a63296fb072393a688\"},\"description\":\"Pink Floyd revel\\u00f3 que pondr\\u00e1 a disposici\\u00f3n del p\\u00fablico una caja conmemorativa del famoso \\u00faltimo disco de la banda\",\"inLanguage\":\"es\",\"potentialAction\":[{\"@type\":\"ReadAction\",\"target\":[\"https:\/\/www.oidossucios.com\/site\/pink-floyd-revela-nueva-edicion-conmemorativa-de-the-division-bell\/\"]}]},{\"@type\":[\"Person\"],\"@id\":\"https:\/\/www.oidossucios.com\/site\/#\/schema\/person\/24559eeb76bf83a63296fb072393a688\",\"name\":\"Oidossucios\",\"image\":{\"@type\":\"ImageObject\",\"@id\":\"https:\/\/www.oidossucios.com\/site\/#personlogo\",\"inLanguage\":\"es\",\"url\":\"https:\/\/secure.gravatar.com\/avatar\/74fcb480f42f1a33e50a0b6e6369a3f907be2e43dc84fa5f76c66e9c22b4a5ab?s=96&d=mm&r=g\",\"caption\":\"Oidossucios\"},\"sameAs\":[\"https:\/\/twitter.com\/oidossucios\"]}]}<\/script>\n<!-- \/ Yoast SEO plugin. -->","jetpack_sharing_enabled":true,"_links":{"self":[{"href":"https:\/\/www.oidossucios.com\/site\/wp-json\/wp\/v2\/posts\/8663","targetHints":{"allow":["GET"]}}],"collection":[{"href":"https:\/\/www.oidossucios.com\/site\/wp-json\/wp\/v2\/posts"}],"about":[{"href":"https:\/\/www.oidossucios.com\/site\/wp-json\/wp\/v2\/types\/post"}],"author":[{"embeddable":true,"href":"https:\/\/www.oidossucios.com\/site\/wp-json\/wp\/v2\/users\/4"}],"replies":[{"embeddable":true,"href":"https:\/\/www.oidossucios.com\/site\/wp-json\/wp\/v2\/comments?post=8663"}],"version-history":[{"count":0,"href":"https:\/\/www.oidossucios.com\/site\/wp-json\/wp\/v2\/posts\/8663\/revisions"}],"wp:featuredmedia":[{"embeddable":true,"href":"https:\/\/www.oidossucios.com\/site\/wp-json\/wp\/v2\/media\/100008663"}],"wp:attachment":[{"href":"https:\/\/www.oidossucios.com\/site\/wp-json\/wp\/v2\/media?parent=8663"}],"wp:term":[{"taxonomy":"category","embeddable":true,"href":"https:\/\/www.oidossucios.com\/site\/wp-json\/wp\/v2\/categories?post=8663"},{"taxonomy":"post_tag","embeddable":true,"href":"https:\/\/www.oidossucios.com\/site\/wp-json\/wp\/v2\/tags?post=8663"}],"curies":[{"name":"wp","href":"https:\/\/api.w.org\/{rel}","templated":true}]}}