{"id":8665,"date":"2014-05-22T05:45:00","date_gmt":"2014-05-22T05:45:00","guid":{"rendered":"https:\/\/www.oidossucios.com\/site\/2014\/05\/22\/rock-en-tacones-con-la-clem-de-la-clem-y-andrea-lacoste\/"},"modified":"2014-05-22T05:45:00","modified_gmt":"2014-05-22T05:45:00","slug":"rock-en-tacones-con-la-clem-de-la-clem-y-andrea-lacoste","status":"publish","type":"post","link":"https:\/\/www.oidossucios.com\/site\/rock-en-tacones-con-la-clem-de-la-clem-y-andrea-lacoste\/","title":{"rendered":"\u00a1Rock en Tacones! con La Clem de la Clem y Andrea Lacoste"},"content":{"rendered":"\n<div align=\"justify\">El Rock suena mejor en tacones este s\u00e1bado 24 de Mayo en el Teatro Bar (Caracas) a partir de las 9pm, donde se presentar\u00e1n Andrea Lacoste y La Clem de la Clem.<\/p>\n<p>Andrea Lacoste con un sonido que combina atm\u00f3sferas electr\u00f3nicas y ac\u00fasticas, sintetizadores, sonidos industriales y arpegios de guitarra (el\u00e9ctrica, en ocasiones) que contrastan con su voz, letras que abarcan desde el espa\u00f1ol, franc\u00e9s, alem\u00e1n e ingl\u00e9s siendo instrumentos que le dan matices distintos a cada canci\u00f3n. <\/p>\n<p>Por su parte La Clem de la Clem con una nueva configuraci\u00f3n, tres en escena, reinterpretan la naturaleza electr\u00f3nica del disco &#8220;esto no es una banda&#8221; del a\u00f1o 2012 a un sonido crudo, con toques disco y funk, un power tr\u00edo rock, una reintrepretaci\u00f3n, sin secuencia, sin la m\u00e1quina&#8230; los beats y sintetizadores suenan ahora en un bajo, una guitarra y una bater\u00eda.<\/p>\n<p>Para m\u00e1s informaci\u00f3n, ubiquen sus redes sociales @LaClemdeLaClem \/ @AndreaLacoste Cover en la puerta.<\/p>\n<p>Fuente: Nota de Prensa  <\/div>\n","protected":false},"excerpt":{"rendered":"<p>El Rock suena mejor en tacones este s\u00e1bado 24 de Mayo en el Teatro Bar (Caracas) a partir de las 9pm, donde se presentar\u00e1n Andrea Lacoste y La Clem de la Clem.<\/p>\n","protected":false},"author":4,"featured_media":100008665,"comment_status":"open","ping_status":"open","sticky":false,"template":"","format":"standard","meta":{"_jetpack_memberships_contains_paid_content":false,"footnotes":""},"categories":[142],"tags":[],"class_list":["post-8665","post","type-post","status-publish","format-standard","has-post-thumbnail","hentry","category-buzznews"],"jetpack_featured_media_url":"https:\/\/www.oidossucios.com\/site\/wp-content\/uploads\/2014\/05\/8665.jpg","yoast_head":"<!-- This site is optimized with the Yoast SEO plugin v14.0.4 - https:\/\/yoast.com\/wordpress\/plugins\/seo\/ -->\n<title>\u00a1Rock en Tacones! con La Clem de la Clem y Andrea Lacoste - OidosSucios.Com<\/title>\n<meta name=\"description\" content=\"El Rock suena mejor en tacones este s\u00e1bado 24 de Mayo en el Teatro Bar (Caracas) a partir de las 9pm, donde se presentar\u00e1n Andrea Lacoste y La Clem de la Clem.\" \/>\n<meta name=\"robots\" content=\"index, follow\" \/>\n<meta name=\"googlebot\" content=\"index, follow, max-snippet:-1, max-image-preview:large, max-video-preview:-1\" \/>\n<meta name=\"bingbot\" content=\"index, follow, max-snippet:-1, max-image-preview:large, max-video-preview:-1\" \/>\n<link rel=\"canonical\" href=\"https:\/\/www.oidossucios.com\/site\/rock-en-tacones-con-la-clem-de-la-clem-y-andrea-lacoste\/\" \/>\n<meta property=\"og:locale\" content=\"es_ES\" \/>\n<meta property=\"og:type\" content=\"article\" \/>\n<meta property=\"og:title\" content=\"\u00a1Rock en Tacones! con La Clem de la Clem y Andrea Lacoste - OidosSucios.Com\" \/>\n<meta property=\"og:description\" content=\"El Rock suena mejor en tacones este s\u00e1bado 24 de Mayo en el Teatro Bar (Caracas) a partir de las 9pm, donde se presentar\u00e1n Andrea Lacoste y La Clem de la Clem.\" \/>\n<meta property=\"og:url\" content=\"https:\/\/www.oidossucios.com\/site\/rock-en-tacones-con-la-clem-de-la-clem-y-andrea-lacoste\/\" \/>\n<meta property=\"og:site_name\" content=\"OidosSucios.Com\" \/>\n<meta property=\"article:published_time\" content=\"2014-05-22T05:45:00+00:00\" \/>\n<meta property=\"og:image\" content=\"https:\/\/www.oidossucios.com\/site\/wp-content\/uploads\/2014\/05\/8665.jpg\" \/>\n\t<meta property=\"og:image:width\" content=\"350\" \/>\n\t<meta property=\"og:image:height\" content=\"300\" \/>\n<meta name=\"twitter:card\" content=\"summary_large_image\" \/>\n<meta name=\"twitter:creator\" content=\"@oidossucios\" \/>\n<script type=\"application\/ld+json\" class=\"yoast-schema-graph\">{\"@context\":\"https:\/\/schema.org\",\"@graph\":[{\"@type\":\"WebSite\",\"@id\":\"https:\/\/www.oidossucios.com\/site\/#website\",\"url\":\"https:\/\/www.oidossucios.com\/site\/\",\"name\":\"OidosSucios.Com\",\"description\":\"M\\u00fasica, conciertos, discos\",\"potentialAction\":[{\"@type\":\"SearchAction\",\"target\":\"https:\/\/www.oidossucios.com\/site\/?s={search_term_string}\",\"query-input\":\"required name=search_term_string\"}],\"inLanguage\":\"es\"},{\"@type\":\"ImageObject\",\"@id\":\"https:\/\/www.oidossucios.com\/site\/rock-en-tacones-con-la-clem-de-la-clem-y-andrea-lacoste\/#primaryimage\",\"inLanguage\":\"es\",\"url\":\"https:\/\/www.oidossucios.com\/site\/wp-content\/uploads\/2014\/05\/8665.jpg\",\"width\":350,\"height\":300},{\"@type\":\"WebPage\",\"@id\":\"https:\/\/www.oidossucios.com\/site\/rock-en-tacones-con-la-clem-de-la-clem-y-andrea-lacoste\/#webpage\",\"url\":\"https:\/\/www.oidossucios.com\/site\/rock-en-tacones-con-la-clem-de-la-clem-y-andrea-lacoste\/\",\"name\":\"\\u00a1Rock en Tacones! con La Clem de la Clem y Andrea Lacoste - OidosSucios.Com\",\"isPartOf\":{\"@id\":\"https:\/\/www.oidossucios.com\/site\/#website\"},\"primaryImageOfPage\":{\"@id\":\"https:\/\/www.oidossucios.com\/site\/rock-en-tacones-con-la-clem-de-la-clem-y-andrea-lacoste\/#primaryimage\"},\"datePublished\":\"2014-05-22T05:45:00+00:00\",\"dateModified\":\"2014-05-22T05:45:00+00:00\",\"author\":{\"@id\":\"https:\/\/www.oidossucios.com\/site\/#\/schema\/person\/24559eeb76bf83a63296fb072393a688\"},\"description\":\"El Rock suena mejor en tacones este s\\u00e1bado 24 de Mayo en el Teatro Bar (Caracas) a partir de las 9pm, donde se presentar\\u00e1n Andrea Lacoste y La Clem de la Clem.\",\"inLanguage\":\"es\",\"potentialAction\":[{\"@type\":\"ReadAction\",\"target\":[\"https:\/\/www.oidossucios.com\/site\/rock-en-tacones-con-la-clem-de-la-clem-y-andrea-lacoste\/\"]}]},{\"@type\":[\"Person\"],\"@id\":\"https:\/\/www.oidossucios.com\/site\/#\/schema\/person\/24559eeb76bf83a63296fb072393a688\",\"name\":\"Oidossucios\",\"image\":{\"@type\":\"ImageObject\",\"@id\":\"https:\/\/www.oidossucios.com\/site\/#personlogo\",\"inLanguage\":\"es\",\"url\":\"https:\/\/secure.gravatar.com\/avatar\/74fcb480f42f1a33e50a0b6e6369a3f907be2e43dc84fa5f76c66e9c22b4a5ab?s=96&d=mm&r=g\",\"caption\":\"Oidossucios\"},\"sameAs\":[\"https:\/\/twitter.com\/oidossucios\"]}]}<\/script>\n<!-- \/ Yoast SEO plugin. -->","jetpack_sharing_enabled":true,"_links":{"self":[{"href":"https:\/\/www.oidossucios.com\/site\/wp-json\/wp\/v2\/posts\/8665","targetHints":{"allow":["GET"]}}],"collection":[{"href":"https:\/\/www.oidossucios.com\/site\/wp-json\/wp\/v2\/posts"}],"about":[{"href":"https:\/\/www.oidossucios.com\/site\/wp-json\/wp\/v2\/types\/post"}],"author":[{"embeddable":true,"href":"https:\/\/www.oidossucios.com\/site\/wp-json\/wp\/v2\/users\/4"}],"replies":[{"embeddable":true,"href":"https:\/\/www.oidossucios.com\/site\/wp-json\/wp\/v2\/comments?post=8665"}],"version-history":[{"count":0,"href":"https:\/\/www.oidossucios.com\/site\/wp-json\/wp\/v2\/posts\/8665\/revisions"}],"wp:featuredmedia":[{"embeddable":true,"href":"https:\/\/www.oidossucios.com\/site\/wp-json\/wp\/v2\/media\/100008665"}],"wp:attachment":[{"href":"https:\/\/www.oidossucios.com\/site\/wp-json\/wp\/v2\/media?parent=8665"}],"wp:term":[{"taxonomy":"category","embeddable":true,"href":"https:\/\/www.oidossucios.com\/site\/wp-json\/wp\/v2\/categories?post=8665"},{"taxonomy":"post_tag","embeddable":true,"href":"https:\/\/www.oidossucios.com\/site\/wp-json\/wp\/v2\/tags?post=8665"}],"curies":[{"name":"wp","href":"https:\/\/api.w.org\/{rel}","templated":true}]}}