{"id":869,"date":"2003-11-05T17:14:00","date_gmt":"2003-11-05T17:14:00","guid":{"rendered":"https:\/\/www.oidossucios.com\/site\/2003\/11\/05\/liquet-parte-a-miami\/"},"modified":"2003-11-05T17:14:00","modified_gmt":"2003-11-05T17:14:00","slug":"liquet-parte-a-miami","status":"publish","type":"post","link":"https:\/\/www.oidossucios.com\/site\/liquet-parte-a-miami\/","title":{"rendered":"Liq\u00fcet parte a Miami"},"content":{"rendered":"<p>La banda caraque\u00f1a Liq\u00fcet estar\u00e1 el pr\u00f3ximo 16 de noviembre en el Bay Front Park de Miami, present\u00e1ndose en el evento Bud Light Rock en Miami II, donde estar\u00e1n compartiendo tarima con artistas como Charly Garc\u00eda, Miguel Mateos, Rata Blanca y Bersuit Vergarabat, entre otros.<\/p>\n<p>Liq\u00fcet viene de participar como invitados en el Festival Nuevas Bandas 2003, evento en el cual salieron ganadores el a\u00f1o pasado, y continuar\u00e1 durante el mes de diciembre con su gira nacional, a la cual bautizaron con el nombre de &#8216;Mu\u00f1eco Tour&#8217;.<\/p>\n<p>El disco debut de Liq\u00fcet saldr\u00e1 a principios del 2004 bajo el sello disquero Latin World.<\/p>\n","protected":false},"excerpt":{"rendered":"<p>La banda caraque\u00f1a estar\u00e1 durante el mes de noviembre en la ciudad norteamericana compartiendo tarima con Charly Garc\u00eda, Miguel Mateos y Bersuit Vergarabat, entre otros.<\/p>\n","protected":false},"author":4,"featured_media":10000865,"comment_status":"open","ping_status":"open","sticky":false,"template":"","format":"standard","meta":{"_jetpack_memberships_contains_paid_content":false,"footnotes":""},"categories":[250],"tags":[157],"class_list":["post-869","post","type-post","status-publish","format-standard","has-post-thumbnail","hentry","category-noticias","tag-liquet"],"jetpack_featured_media_url":"https:\/\/www.oidossucios.com\/site\/wp-content\/uploads\/2003\/10\/865.jpg","yoast_head":"<!-- This site is optimized with the Yoast SEO plugin v14.0.4 - https:\/\/yoast.com\/wordpress\/plugins\/seo\/ -->\n<title>Liq\u00fcet parte a Miami - OidosSucios.Com<\/title>\n<meta name=\"description\" content=\"Un empresario argentino confirm\u00f3 al diario Clar\u00edn la primera fecha de la gira sudamericana del astro brit\u00e1nico.\" \/>\n<meta name=\"robots\" content=\"index, follow\" \/>\n<meta name=\"googlebot\" content=\"index, follow, max-snippet:-1, max-image-preview:large, max-video-preview:-1\" \/>\n<meta name=\"bingbot\" content=\"index, follow, max-snippet:-1, max-image-preview:large, max-video-preview:-1\" \/>\n<link rel=\"canonical\" href=\"https:\/\/www.oidossucios.com\/site\/liquet-parte-a-miami\/\" \/>\n<meta property=\"og:locale\" content=\"es_ES\" \/>\n<meta property=\"og:type\" content=\"article\" \/>\n<meta property=\"og:title\" content=\"Liq\u00fcet parte a Miami - OidosSucios.Com\" \/>\n<meta property=\"og:description\" content=\"Un empresario argentino confirm\u00f3 al diario Clar\u00edn la primera fecha de la gira sudamericana del astro brit\u00e1nico.\" \/>\n<meta property=\"og:url\" content=\"https:\/\/www.oidossucios.com\/site\/liquet-parte-a-miami\/\" \/>\n<meta property=\"og:site_name\" content=\"OidosSucios.Com\" \/>\n<meta property=\"article:published_time\" content=\"2003-11-05T17:14:00+00:00\" \/>\n<meta property=\"og:image\" content=\"https:\/\/www.oidossucios.com\/site\/wp-content\/uploads\/2003\/10\/865.jpg\" \/>\n\t<meta property=\"og:image:width\" content=\"290\" \/>\n\t<meta property=\"og:image:height\" content=\"100\" \/>\n<meta name=\"twitter:card\" content=\"summary_large_image\" \/>\n<meta name=\"twitter:creator\" content=\"@oidossucios\" \/>\n<script type=\"application\/ld+json\" class=\"yoast-schema-graph\">{\"@context\":\"https:\/\/schema.org\",\"@graph\":[{\"@type\":\"WebSite\",\"@id\":\"https:\/\/www.oidossucios.com\/site\/#website\",\"url\":\"https:\/\/www.oidossucios.com\/site\/\",\"name\":\"OidosSucios.Com\",\"description\":\"M\\u00fasica, conciertos, discos\",\"potentialAction\":[{\"@type\":\"SearchAction\",\"target\":\"https:\/\/www.oidossucios.com\/site\/?s={search_term_string}\",\"query-input\":\"required name=search_term_string\"}],\"inLanguage\":\"es\"},{\"@type\":\"ImageObject\",\"@id\":\"https:\/\/www.oidossucios.com\/site\/liquet-parte-a-miami\/#primaryimage\",\"inLanguage\":\"es\",\"url\":\"https:\/\/www.oidossucios.com\/site\/wp-content\/uploads\/2003\/10\/865.jpg\",\"width\":290,\"height\":100},{\"@type\":\"WebPage\",\"@id\":\"https:\/\/www.oidossucios.com\/site\/liquet-parte-a-miami\/#webpage\",\"url\":\"https:\/\/www.oidossucios.com\/site\/liquet-parte-a-miami\/\",\"name\":\"Liq\\u00fcet parte a Miami - OidosSucios.Com\",\"isPartOf\":{\"@id\":\"https:\/\/www.oidossucios.com\/site\/#website\"},\"primaryImageOfPage\":{\"@id\":\"https:\/\/www.oidossucios.com\/site\/liquet-parte-a-miami\/#primaryimage\"},\"datePublished\":\"2003-11-05T17:14:00+00:00\",\"dateModified\":\"2003-11-05T17:14:00+00:00\",\"author\":{\"@id\":\"https:\/\/www.oidossucios.com\/site\/#\/schema\/person\/24559eeb76bf83a63296fb072393a688\"},\"description\":\"Un empresario argentino confirm\\u00f3 al diario Clar\\u00edn la primera fecha de la gira sudamericana del astro brit\\u00e1nico.\",\"inLanguage\":\"es\",\"potentialAction\":[{\"@type\":\"ReadAction\",\"target\":[\"https:\/\/www.oidossucios.com\/site\/liquet-parte-a-miami\/\"]}]},{\"@type\":[\"Person\"],\"@id\":\"https:\/\/www.oidossucios.com\/site\/#\/schema\/person\/24559eeb76bf83a63296fb072393a688\",\"name\":\"Oidossucios\",\"image\":{\"@type\":\"ImageObject\",\"@id\":\"https:\/\/www.oidossucios.com\/site\/#personlogo\",\"inLanguage\":\"es\",\"url\":\"https:\/\/secure.gravatar.com\/avatar\/74fcb480f42f1a33e50a0b6e6369a3f907be2e43dc84fa5f76c66e9c22b4a5ab?s=96&d=mm&r=g\",\"caption\":\"Oidossucios\"},\"sameAs\":[\"https:\/\/twitter.com\/oidossucios\"]}]}<\/script>\n<!-- \/ Yoast SEO plugin. -->","jetpack_sharing_enabled":true,"_links":{"self":[{"href":"https:\/\/www.oidossucios.com\/site\/wp-json\/wp\/v2\/posts\/869","targetHints":{"allow":["GET"]}}],"collection":[{"href":"https:\/\/www.oidossucios.com\/site\/wp-json\/wp\/v2\/posts"}],"about":[{"href":"https:\/\/www.oidossucios.com\/site\/wp-json\/wp\/v2\/types\/post"}],"author":[{"embeddable":true,"href":"https:\/\/www.oidossucios.com\/site\/wp-json\/wp\/v2\/users\/4"}],"replies":[{"embeddable":true,"href":"https:\/\/www.oidossucios.com\/site\/wp-json\/wp\/v2\/comments?post=869"}],"version-history":[{"count":0,"href":"https:\/\/www.oidossucios.com\/site\/wp-json\/wp\/v2\/posts\/869\/revisions"}],"wp:featuredmedia":[{"embeddable":true,"href":"https:\/\/www.oidossucios.com\/site\/wp-json\/wp\/v2\/media\/10000865"}],"wp:attachment":[{"href":"https:\/\/www.oidossucios.com\/site\/wp-json\/wp\/v2\/media?parent=869"}],"wp:term":[{"taxonomy":"category","embeddable":true,"href":"https:\/\/www.oidossucios.com\/site\/wp-json\/wp\/v2\/categories?post=869"},{"taxonomy":"post_tag","embeddable":true,"href":"https:\/\/www.oidossucios.com\/site\/wp-json\/wp\/v2\/tags?post=869"}],"curies":[{"name":"wp","href":"https:\/\/api.w.org\/{rel}","templated":true}]}}