{"id":8690,"date":"2014-06-04T05:56:00","date_gmt":"2014-06-04T05:56:00","guid":{"rendered":"https:\/\/www.oidossucios.com\/site\/2014\/06\/04\/dr-strange-ya-tiene-un-director-scott-derrickson\/"},"modified":"2014-06-04T05:56:00","modified_gmt":"2014-06-04T05:56:00","slug":"dr-strange-ya-tiene-un-director-scott-derrickson","status":"publish","type":"post","link":"https:\/\/www.oidossucios.com\/site\/dr-strange-ya-tiene-un-director-scott-derrickson\/","title":{"rendered":"Dr Strange ya tiene un director: Scott Derrickson"},"content":{"rendered":"<p>Por <\/p>\n<div align=\"justify\">Otra pel\u00edcula basada en las famosas historietas de Stan Lee est\u00e1 tomando forma. Se habla de Dr. Strange, el c\u00f3mic creado por Lee&nbsp; Steve Ditko que apareci\u00f3 por primera vez en 1963. Desde hace algunos meses, ha habido rumores en cuanto a la realizaci\u00f3n de una pel\u00edcula basada en este c\u00f3mic. Este rumor toma forma al anunciarse &#8220;oficialmente&#8221; el director.<\/p>\n<p>Scott Derrickson es el nuevo director de Dr. Strange. As\u00ed lo anunci\u00f3 Derrickson a trav\u00e9s de su cuenta de Twitter, en la que public\u00f3 &#8220;Mi nueva pel\u00edcula ser\u00e1 Extra\u00f1a:&#8221; (My new movie will be STRANGE), a\u00f1adiendo una selfie con el c\u00f3mic. <\/p>\n<p>Derrickson es conocido por haber dirigido la terror\u00edfica pel\u00edcula &#8220;El Exorcismo de Emily Rose&#8221;, con Jennifer Carpenter como protagonista. Otra pel\u00edcula conocida del director y escritor es Sinister, tambi\u00e9n de terror.<\/p>\n<p>Pocos detalles se conocen de este film. Por ahora, queda esperar el anuncio de qui\u00e9n interpretar\u00e1 al mago y superh\u00e9roe Dr. Strange. <\/p><\/div>\n<p> <\/p>\n<blockquote lang=\"en\" class=\"twitter-tweet\">\n<p>My next movie will be STRANGE: <a href=\"http:\/\/t.co\/5pdbO6Op6j\">pic.twitter.com\/5pdbO6Op6j<\/a><\/p>\n<p>\u0097 Scott Derrickson (@scottderrickson) <a href=\"https:\/\/twitter.com\/scottderrickson\/statuses\/473948123702628354\">June 3, 2014<\/a><\/p><\/blockquote>\n<p>  <script charset=\"utf-8\" async=\"\" src=\"http:\/\/platform.twitter.com\/widgets.js\"> <\/script><\/p>\n","protected":false},"excerpt":{"rendered":"<p>Desde hace algunos meses, ha habido rumores en cuanto a la realizaci\u00f3n de una pel\u00edcula basada en este c\u00f3mic. Este rumor toma forma al anunciarse &#8220;oficialmente&#8221; el director<\/p>\n","protected":false},"author":4,"featured_media":100008690,"comment_status":"open","ping_status":"open","sticky":false,"template":"","format":"standard","meta":{"_jetpack_memberships_contains_paid_content":false,"footnotes":""},"categories":[672],"tags":[],"class_list":["post-8690","post","type-post","status-publish","format-standard","has-post-thumbnail","hentry","category-tv"],"jetpack_featured_media_url":"https:\/\/www.oidossucios.com\/site\/wp-content\/uploads\/2014\/06\/8690.jpg","yoast_head":"<!-- This site is optimized with the Yoast SEO plugin v14.0.4 - https:\/\/yoast.com\/wordpress\/plugins\/seo\/ -->\n<title>Dr Strange ya tiene un director: Scott Derrickson - OidosSucios.Com<\/title>\n<meta name=\"description\" content=\"Desde hace algunos meses, ha habido rumores en cuanto a la realizaci\u00f3n de una pel\u00edcula basada en este c\u00f3mic. Este rumor toma forma al anunciarse &quot;oficialmente&quot; el director\" \/>\n<meta name=\"robots\" content=\"index, follow\" \/>\n<meta name=\"googlebot\" content=\"index, follow, max-snippet:-1, max-image-preview:large, max-video-preview:-1\" \/>\n<meta name=\"bingbot\" content=\"index, follow, max-snippet:-1, max-image-preview:large, max-video-preview:-1\" \/>\n<link rel=\"canonical\" href=\"https:\/\/www.oidossucios.com\/site\/dr-strange-ya-tiene-un-director-scott-derrickson\/\" \/>\n<meta property=\"og:locale\" content=\"es_ES\" \/>\n<meta property=\"og:type\" content=\"article\" \/>\n<meta property=\"og:title\" content=\"Dr Strange ya tiene un director: Scott Derrickson - OidosSucios.Com\" \/>\n<meta property=\"og:description\" content=\"Desde hace algunos meses, ha habido rumores en cuanto a la realizaci\u00f3n de una pel\u00edcula basada en este c\u00f3mic. Este rumor toma forma al anunciarse &quot;oficialmente&quot; el director\" \/>\n<meta property=\"og:url\" content=\"https:\/\/www.oidossucios.com\/site\/dr-strange-ya-tiene-un-director-scott-derrickson\/\" \/>\n<meta property=\"og:site_name\" content=\"OidosSucios.Com\" \/>\n<meta property=\"article:published_time\" content=\"2014-06-04T05:56:00+00:00\" \/>\n<meta property=\"og:image\" content=\"https:\/\/www.oidossucios.com\/site\/wp-content\/uploads\/2014\/06\/8690.jpg\" \/>\n\t<meta property=\"og:image:width\" content=\"350\" \/>\n\t<meta property=\"og:image:height\" content=\"300\" \/>\n<meta name=\"twitter:card\" content=\"summary_large_image\" \/>\n<meta name=\"twitter:creator\" content=\"@oidossucios\" \/>\n<script type=\"application\/ld+json\" class=\"yoast-schema-graph\">{\"@context\":\"https:\/\/schema.org\",\"@graph\":[{\"@type\":\"WebSite\",\"@id\":\"https:\/\/www.oidossucios.com\/site\/#website\",\"url\":\"https:\/\/www.oidossucios.com\/site\/\",\"name\":\"OidosSucios.Com\",\"description\":\"M\\u00fasica, conciertos, discos\",\"potentialAction\":[{\"@type\":\"SearchAction\",\"target\":\"https:\/\/www.oidossucios.com\/site\/?s={search_term_string}\",\"query-input\":\"required name=search_term_string\"}],\"inLanguage\":\"es\"},{\"@type\":\"ImageObject\",\"@id\":\"https:\/\/www.oidossucios.com\/site\/dr-strange-ya-tiene-un-director-scott-derrickson\/#primaryimage\",\"inLanguage\":\"es\",\"url\":\"https:\/\/www.oidossucios.com\/site\/wp-content\/uploads\/2014\/06\/8690.jpg\",\"width\":350,\"height\":300},{\"@type\":\"WebPage\",\"@id\":\"https:\/\/www.oidossucios.com\/site\/dr-strange-ya-tiene-un-director-scott-derrickson\/#webpage\",\"url\":\"https:\/\/www.oidossucios.com\/site\/dr-strange-ya-tiene-un-director-scott-derrickson\/\",\"name\":\"Dr Strange ya tiene un director: Scott Derrickson - OidosSucios.Com\",\"isPartOf\":{\"@id\":\"https:\/\/www.oidossucios.com\/site\/#website\"},\"primaryImageOfPage\":{\"@id\":\"https:\/\/www.oidossucios.com\/site\/dr-strange-ya-tiene-un-director-scott-derrickson\/#primaryimage\"},\"datePublished\":\"2014-06-04T05:56:00+00:00\",\"dateModified\":\"2014-06-04T05:56:00+00:00\",\"author\":{\"@id\":\"https:\/\/www.oidossucios.com\/site\/#\/schema\/person\/24559eeb76bf83a63296fb072393a688\"},\"description\":\"Desde hace algunos meses, ha habido rumores en cuanto a la realizaci\\u00f3n de una pel\\u00edcula basada en este c\\u00f3mic. Este rumor toma forma al anunciarse \\\"oficialmente\\\" el director\",\"inLanguage\":\"es\",\"potentialAction\":[{\"@type\":\"ReadAction\",\"target\":[\"https:\/\/www.oidossucios.com\/site\/dr-strange-ya-tiene-un-director-scott-derrickson\/\"]}]},{\"@type\":[\"Person\"],\"@id\":\"https:\/\/www.oidossucios.com\/site\/#\/schema\/person\/24559eeb76bf83a63296fb072393a688\",\"name\":\"Oidossucios\",\"image\":{\"@type\":\"ImageObject\",\"@id\":\"https:\/\/www.oidossucios.com\/site\/#personlogo\",\"inLanguage\":\"es\",\"url\":\"https:\/\/secure.gravatar.com\/avatar\/74fcb480f42f1a33e50a0b6e6369a3f907be2e43dc84fa5f76c66e9c22b4a5ab?s=96&d=mm&r=g\",\"caption\":\"Oidossucios\"},\"sameAs\":[\"https:\/\/twitter.com\/oidossucios\"]}]}<\/script>\n<!-- \/ Yoast SEO plugin. -->","jetpack_sharing_enabled":true,"_links":{"self":[{"href":"https:\/\/www.oidossucios.com\/site\/wp-json\/wp\/v2\/posts\/8690","targetHints":{"allow":["GET"]}}],"collection":[{"href":"https:\/\/www.oidossucios.com\/site\/wp-json\/wp\/v2\/posts"}],"about":[{"href":"https:\/\/www.oidossucios.com\/site\/wp-json\/wp\/v2\/types\/post"}],"author":[{"embeddable":true,"href":"https:\/\/www.oidossucios.com\/site\/wp-json\/wp\/v2\/users\/4"}],"replies":[{"embeddable":true,"href":"https:\/\/www.oidossucios.com\/site\/wp-json\/wp\/v2\/comments?post=8690"}],"version-history":[{"count":0,"href":"https:\/\/www.oidossucios.com\/site\/wp-json\/wp\/v2\/posts\/8690\/revisions"}],"wp:featuredmedia":[{"embeddable":true,"href":"https:\/\/www.oidossucios.com\/site\/wp-json\/wp\/v2\/media\/100008690"}],"wp:attachment":[{"href":"https:\/\/www.oidossucios.com\/site\/wp-json\/wp\/v2\/media?parent=8690"}],"wp:term":[{"taxonomy":"category","embeddable":true,"href":"https:\/\/www.oidossucios.com\/site\/wp-json\/wp\/v2\/categories?post=8690"},{"taxonomy":"post_tag","embeddable":true,"href":"https:\/\/www.oidossucios.com\/site\/wp-json\/wp\/v2\/tags?post=8690"}],"curies":[{"name":"wp","href":"https:\/\/api.w.org\/{rel}","templated":true}]}}