{"id":8691,"date":"2014-06-04T23:59:00","date_gmt":"2014-06-04T23:59:00","guid":{"rendered":"https:\/\/www.oidossucios.com\/site\/2014\/06\/04\/surge-survenir\/"},"modified":"2014-06-04T23:59:00","modified_gmt":"2014-06-04T23:59:00","slug":"surge-survenir","status":"publish","type":"post","link":"https:\/\/www.oidossucios.com\/site\/surge-survenir\/","title":{"rendered":"Surge &quot;Survenir&quot;"},"content":{"rendered":"\n<div align=\"justify\">Motivados por la contundencia del rock, consolidada en la ciudad de M\u00e9rida llega SURVENIR, cuarteto que persigue compenetrarse en el mercado venezolano con un sonido fresco sin perder de vista la fortaleza caracter\u00edstica de esta tendencia.<\/p>\n<p>&#8220;A Todos Nos Pasa&#8221; es el primer sencillo que formar\u00e1 parte su primer corte en formato EP destinado a salir en el \u00faltimo trimestre de \u00e9ste a\u00f1o, contando con la tutela de Diego M\u00e1rquez (Zapato3-Pac\u00edfica) en la producci\u00f3n musical;&nbsp; y que podr\u00e1s escuchar a partir este 01 Junio de 2014 en tu emisora de preferencia \u00f3 a trav\u00e9s&nbsp; de sus redes sociales.<\/p>\n<li>Letra y M\u00fasica: David Uzc\u00e1tegui<\/li>\n<li>Producci\u00f3n y grabaci\u00f3n: David Uzc\u00e1tegui y Diego M\u00e1rquez<\/li>\n<li>Mezcla y m\u00e1ster: Diego M\u00e1rquez<\/li>\n<p>Integrantes:<\/p>\n<ul>\n<li>David Uzc\u00e1tegui. (Guitarra-Voz)<\/li>\n<li>Jaime Gaviria. (Guitarra)<\/li>\n<li>C\u00e9sar Sosa. (Bajo)<\/li>\n<li>Jos\u00e9 Altuve. (Bater\u00eda)<\/li>\n<\/ul>\n<p>Redes Sociales:<\/p>\n<p><a target=\"_blank\" title=\"Facebook - survenir\" href=\"https:\/\/www.facebook.com\/Survenir\" rel=\"noopener noreferrer\">Facebook<\/a>, <a target=\"_blank\" title=\"Twitter Survenir\" href=\"https:\/\/twitter.com\/Survenirband\" rel=\"noopener noreferrer\">Twitter<\/a> y <a target=\"_blank\" title=\"Soundcloud - Survenir\" href=\"https:\/\/soundcloud.com\/Survenir\" rel=\"noopener noreferrer\">Soundcloud<\/a><\/p>\n<p> <iframe loading=\"lazy\" width=\"70%\" height=\"156\" frameborder=\"no\" scrolling=\"no\" src=\"https:\/\/w.soundcloud.com\/player\/?url=https%3A\/\/api.soundcloud.com\/tracks\/152362916&amp;color=ff5500&amp;auto_play=false&amp;hide_related=false&amp;show_artwork=true&amp;show_comments=true&amp;show_user=true&amp;show_reposts=false\"><\/iframe>    <\/p>\n<ul>    <\/ul>\n<\/p><\/div>\n<p>Fuente: Nota de Prensa<\/p>\n","protected":false},"excerpt":{"rendered":"<p>&quot;A Todos Nos Pasa&quot; es el primer sencillo que formar\u00e1 parte su primer corte en formato EP destinado a salir en el \u00faltimo trimestre de \u00e9ste a\u00f1o.<\/p>\n","protected":false},"author":4,"featured_media":100008691,"comment_status":"open","ping_status":"open","sticky":false,"template":"","format":"standard","meta":{"_jetpack_memberships_contains_paid_content":false,"footnotes":""},"categories":[142],"tags":[],"class_list":["post-8691","post","type-post","status-publish","format-standard","has-post-thumbnail","hentry","category-buzznews"],"jetpack_featured_media_url":"https:\/\/www.oidossucios.com\/site\/wp-content\/uploads\/2014\/06\/8691.jpg","yoast_head":"<!-- This site is optimized with the Yoast SEO plugin v14.0.4 - https:\/\/yoast.com\/wordpress\/plugins\/seo\/ -->\n<title>Surge &quot;Survenir&quot; - OidosSucios.Com<\/title>\n<meta name=\"description\" content=\"&quot;A Todos Nos Pasa&quot; es el primer sencillo que formar\u00e1 parte su primer corte en formato EP destinado a salir en el \u00faltimo trimestre de \u00e9ste a\u00f1o.\" \/>\n<meta name=\"robots\" content=\"index, follow\" \/>\n<meta name=\"googlebot\" content=\"index, follow, max-snippet:-1, max-image-preview:large, max-video-preview:-1\" \/>\n<meta name=\"bingbot\" content=\"index, follow, max-snippet:-1, max-image-preview:large, max-video-preview:-1\" \/>\n<link rel=\"canonical\" href=\"https:\/\/www.oidossucios.com\/site\/surge-survenir\/\" \/>\n<meta property=\"og:locale\" content=\"es_ES\" \/>\n<meta property=\"og:type\" content=\"article\" \/>\n<meta property=\"og:title\" content=\"Surge &quot;Survenir&quot; - OidosSucios.Com\" \/>\n<meta property=\"og:description\" content=\"&quot;A Todos Nos Pasa&quot; es el primer sencillo que formar\u00e1 parte su primer corte en formato EP destinado a salir en el \u00faltimo trimestre de \u00e9ste a\u00f1o.\" \/>\n<meta property=\"og:url\" content=\"https:\/\/www.oidossucios.com\/site\/surge-survenir\/\" \/>\n<meta property=\"og:site_name\" content=\"OidosSucios.Com\" \/>\n<meta property=\"article:published_time\" content=\"2014-06-04T23:59:00+00:00\" \/>\n<meta property=\"og:image\" content=\"https:\/\/www.oidossucios.com\/site\/wp-content\/uploads\/2014\/06\/8691.jpg\" \/>\n\t<meta property=\"og:image:width\" content=\"350\" \/>\n\t<meta property=\"og:image:height\" content=\"300\" \/>\n<meta name=\"twitter:card\" content=\"summary_large_image\" \/>\n<meta name=\"twitter:creator\" content=\"@oidossucios\" \/>\n<script type=\"application\/ld+json\" class=\"yoast-schema-graph\">{\"@context\":\"https:\/\/schema.org\",\"@graph\":[{\"@type\":\"WebSite\",\"@id\":\"https:\/\/www.oidossucios.com\/site\/#website\",\"url\":\"https:\/\/www.oidossucios.com\/site\/\",\"name\":\"OidosSucios.Com\",\"description\":\"M\\u00fasica, conciertos, discos\",\"potentialAction\":[{\"@type\":\"SearchAction\",\"target\":\"https:\/\/www.oidossucios.com\/site\/?s={search_term_string}\",\"query-input\":\"required name=search_term_string\"}],\"inLanguage\":\"es\"},{\"@type\":\"ImageObject\",\"@id\":\"https:\/\/www.oidossucios.com\/site\/surge-survenir\/#primaryimage\",\"inLanguage\":\"es\",\"url\":\"https:\/\/www.oidossucios.com\/site\/wp-content\/uploads\/2014\/06\/8691.jpg\",\"width\":350,\"height\":300},{\"@type\":\"WebPage\",\"@id\":\"https:\/\/www.oidossucios.com\/site\/surge-survenir\/#webpage\",\"url\":\"https:\/\/www.oidossucios.com\/site\/surge-survenir\/\",\"name\":\"Surge &quot;Survenir&quot; - OidosSucios.Com\",\"isPartOf\":{\"@id\":\"https:\/\/www.oidossucios.com\/site\/#website\"},\"primaryImageOfPage\":{\"@id\":\"https:\/\/www.oidossucios.com\/site\/surge-survenir\/#primaryimage\"},\"datePublished\":\"2014-06-04T23:59:00+00:00\",\"dateModified\":\"2014-06-04T23:59:00+00:00\",\"author\":{\"@id\":\"https:\/\/www.oidossucios.com\/site\/#\/schema\/person\/24559eeb76bf83a63296fb072393a688\"},\"description\":\"&quot;A Todos Nos Pasa&quot; es el primer sencillo que formar\\u00e1 parte su primer corte en formato EP destinado a salir en el \\u00faltimo trimestre de \\u00e9ste a\\u00f1o.\",\"inLanguage\":\"es\",\"potentialAction\":[{\"@type\":\"ReadAction\",\"target\":[\"https:\/\/www.oidossucios.com\/site\/surge-survenir\/\"]}]},{\"@type\":[\"Person\"],\"@id\":\"https:\/\/www.oidossucios.com\/site\/#\/schema\/person\/24559eeb76bf83a63296fb072393a688\",\"name\":\"Oidossucios\",\"image\":{\"@type\":\"ImageObject\",\"@id\":\"https:\/\/www.oidossucios.com\/site\/#personlogo\",\"inLanguage\":\"es\",\"url\":\"https:\/\/secure.gravatar.com\/avatar\/74fcb480f42f1a33e50a0b6e6369a3f907be2e43dc84fa5f76c66e9c22b4a5ab?s=96&d=mm&r=g\",\"caption\":\"Oidossucios\"},\"sameAs\":[\"https:\/\/twitter.com\/oidossucios\"]}]}<\/script>\n<!-- \/ Yoast SEO plugin. -->","jetpack_sharing_enabled":true,"_links":{"self":[{"href":"https:\/\/www.oidossucios.com\/site\/wp-json\/wp\/v2\/posts\/8691","targetHints":{"allow":["GET"]}}],"collection":[{"href":"https:\/\/www.oidossucios.com\/site\/wp-json\/wp\/v2\/posts"}],"about":[{"href":"https:\/\/www.oidossucios.com\/site\/wp-json\/wp\/v2\/types\/post"}],"author":[{"embeddable":true,"href":"https:\/\/www.oidossucios.com\/site\/wp-json\/wp\/v2\/users\/4"}],"replies":[{"embeddable":true,"href":"https:\/\/www.oidossucios.com\/site\/wp-json\/wp\/v2\/comments?post=8691"}],"version-history":[{"count":0,"href":"https:\/\/www.oidossucios.com\/site\/wp-json\/wp\/v2\/posts\/8691\/revisions"}],"wp:featuredmedia":[{"embeddable":true,"href":"https:\/\/www.oidossucios.com\/site\/wp-json\/wp\/v2\/media\/100008691"}],"wp:attachment":[{"href":"https:\/\/www.oidossucios.com\/site\/wp-json\/wp\/v2\/media?parent=8691"}],"wp:term":[{"taxonomy":"category","embeddable":true,"href":"https:\/\/www.oidossucios.com\/site\/wp-json\/wp\/v2\/categories?post=8691"},{"taxonomy":"post_tag","embeddable":true,"href":"https:\/\/www.oidossucios.com\/site\/wp-json\/wp\/v2\/tags?post=8691"}],"curies":[{"name":"wp","href":"https:\/\/api.w.org\/{rel}","templated":true}]}}