{"id":8694,"date":"2014-06-05T01:51:00","date_gmt":"2014-06-05T01:51:00","guid":{"rendered":"https:\/\/www.oidossucios.com\/site\/2014\/06\/05\/video-de-elefreak-fe-consigue-nominacion-en-el-costa-rica-international-film-festival\/"},"modified":"2014-06-05T01:51:00","modified_gmt":"2014-06-05T01:51:00","slug":"video-de-elefreak-fe-consigue-nominacion-en-el-costa-rica-international-film-festival","status":"publish","type":"post","link":"https:\/\/www.oidossucios.com\/site\/video-de-elefreak-fe-consigue-nominacion-en-el-costa-rica-international-film-festival\/","title":{"rendered":"Video de Elefreak &#8220;FE&#8221; consigue nominaci\u00f3n en el Costa Rica International  Film Festival"},"content":{"rendered":"\n<div align=\"justify\">Elefreak logra nueva nominaci\u00f3n por el videoclip de &#8220;FE&#8221; en la categor\u00eda de Mejor Video Musical en la octava edici\u00f3n del Festival de Cine Internacional de Costa Rica a llevarse a cabo en Montezuma, Costa Rica del 23 al 27 de julio del presente a\u00f1o.<\/p>\n<p>The 8th annual <a target=\"_blank\" title=\"Costa Rica Film Festival - p\u00e1gina oficial\" href=\"http:\/\/costaricafilmfestival.org\/\" rel=\"noopener noreferrer\">Costa Rica International Film Festival <\/a>es una importante vitrina para los cineastas y creadores independientes del mundo. El festival se lleva a cabo en el centro del famoso pueblo Montezuma, uno de los lugares m\u00e1s paradisiacos y ex\u00f3ticos de Costa Rica.<\/p>\n<p>El Videoclip de &#8220;FE&#8221; dirigido por Vadim Lasca y producido por Mariale Fleitas, cuenta con dos nominaciones ya que en este mes junio tambi\u00e9n compite en la categor\u00eda Mejor Video en el Festival de Cine de Paterson del estado de New Jersey, USA. Elefreak se encuentra actualmente en plena promoci\u00f3n del tercer promocional &#8220;Olv\u00eddame&#8221; de su m\u00e1s reciente trabajo discogr\u00e1fico.<\/p>\n<p>Videoclip de &#8220;FE&#8221; versi\u00f3n expl\u00edcita:  <\/div>\n<p> <iframe loading=\"lazy\" width=\"500\" height=\"281\" frameborder=\"0\" allowfullscreen=\"\" mozallowfullscreen=\"\" webkitallowfullscreen=\"\" src=\"http:\/\/player.vimeo.com\/video\/72301104?portrait=0&amp;color=ffffff\"><\/iframe>  <\/p>\n<p align=\"justify\"><a href=\"http:\/\/vimeo.com\/72301104\">Elefreak &#8220;FE (Uncensored Version)&#8221;<\/a> from <a href=\"http:\/\/vimeo.com\/vadimlasca\">Vadim Lasca<\/a> on <a href=\"https:\/\/vimeo.com\/\">Vimeo<\/a>.<\/p>\n<div align=\"justify\">Descarga de &#8220;Olv\u00eddame&#8221; haciendo <a title=\"Elefreak - bandcamp\" target=\"_blank\" href=\"http:\/\/elefreak.bandcamp.com\/track\/olv-dame\" rel=\"noopener noreferrer\">click aqu\u00ed<\/a>. Para mayor informaci\u00f3n de Elefreak, actualizaciones y futuras fechas s\u00edguelos en <a title=\"Twitter - Elefreak\" target=\"_blank\" href=\"https:\/\/twitter.com\/elefreak\" rel=\"noopener noreferrer\">Twitter<\/a>, <a title=\"Facebook - Elefreak\" target=\"_blank\" href=\"https:\/\/www.facebook.com\/elefreak\" rel=\"noopener noreferrer\">Facebook<\/a>, <a target=\"_blank\" title=\"p\u00e1gina oficial de Elefreak\" href=\"www.elefreak.com\" rel=\"noopener noreferrer\">p\u00e1gina oficial<\/a>.   <\/div>\n<p>Fuente: Nota de Prensa<\/p>\n","protected":false},"excerpt":{"rendered":"<p>El Videoclip de &#8220;FE&#8221; dirigido por Vadim Lasca y producido por Mariale Fleitas, cuenta con dos nominaciones <\/p>\n","protected":false},"author":4,"featured_media":100008694,"comment_status":"open","ping_status":"open","sticky":false,"template":"","format":"standard","meta":{"_jetpack_memberships_contains_paid_content":false,"footnotes":""},"categories":[142],"tags":[],"class_list":["post-8694","post","type-post","status-publish","format-standard","has-post-thumbnail","hentry","category-buzznews"],"jetpack_featured_media_url":"https:\/\/www.oidossucios.com\/site\/wp-content\/uploads\/2014\/06\/8694.jpg","yoast_head":"<!-- This site is optimized with the Yoast SEO plugin v14.0.4 - https:\/\/yoast.com\/wordpress\/plugins\/seo\/ -->\n<title>Video de Elefreak &quot;FE&quot; consigue nominaci\u00f3n en el Costa Rica International Film Festival - OidosSucios.Com<\/title>\n<meta name=\"description\" content=\"El Videoclip de &quot;FE&quot; dirigido por Vadim Lasca y producido por Mariale Fleitas, cuenta con dos nominaciones\" \/>\n<meta name=\"robots\" content=\"index, follow\" \/>\n<meta name=\"googlebot\" content=\"index, follow, max-snippet:-1, max-image-preview:large, max-video-preview:-1\" \/>\n<meta name=\"bingbot\" content=\"index, follow, max-snippet:-1, max-image-preview:large, max-video-preview:-1\" \/>\n<link rel=\"canonical\" href=\"https:\/\/www.oidossucios.com\/site\/video-de-elefreak-fe-consigue-nominacion-en-el-costa-rica-international-film-festival\/\" \/>\n<meta property=\"og:locale\" content=\"es_ES\" \/>\n<meta property=\"og:type\" content=\"article\" \/>\n<meta property=\"og:title\" content=\"Video de Elefreak &quot;FE&quot; consigue nominaci\u00f3n en el Costa Rica International Film Festival - OidosSucios.Com\" \/>\n<meta property=\"og:description\" content=\"El Videoclip de &quot;FE&quot; dirigido por Vadim Lasca y producido por Mariale Fleitas, cuenta con dos nominaciones\" \/>\n<meta property=\"og:url\" content=\"https:\/\/www.oidossucios.com\/site\/video-de-elefreak-fe-consigue-nominacion-en-el-costa-rica-international-film-festival\/\" \/>\n<meta property=\"og:site_name\" content=\"OidosSucios.Com\" \/>\n<meta property=\"article:published_time\" content=\"2014-06-05T01:51:00+00:00\" \/>\n<meta property=\"og:image\" content=\"https:\/\/www.oidossucios.com\/site\/wp-content\/uploads\/2014\/06\/8694.jpg\" \/>\n\t<meta property=\"og:image:width\" content=\"350\" \/>\n\t<meta property=\"og:image:height\" content=\"300\" \/>\n<meta name=\"twitter:card\" content=\"summary_large_image\" \/>\n<meta name=\"twitter:creator\" content=\"@oidossucios\" \/>\n<script type=\"application\/ld+json\" class=\"yoast-schema-graph\">{\"@context\":\"https:\/\/schema.org\",\"@graph\":[{\"@type\":\"WebSite\",\"@id\":\"https:\/\/www.oidossucios.com\/site\/#website\",\"url\":\"https:\/\/www.oidossucios.com\/site\/\",\"name\":\"OidosSucios.Com\",\"description\":\"M\\u00fasica, conciertos, discos\",\"potentialAction\":[{\"@type\":\"SearchAction\",\"target\":\"https:\/\/www.oidossucios.com\/site\/?s={search_term_string}\",\"query-input\":\"required name=search_term_string\"}],\"inLanguage\":\"es\"},{\"@type\":\"ImageObject\",\"@id\":\"https:\/\/www.oidossucios.com\/site\/video-de-elefreak-fe-consigue-nominacion-en-el-costa-rica-international-film-festival\/#primaryimage\",\"inLanguage\":\"es\",\"url\":\"https:\/\/www.oidossucios.com\/site\/wp-content\/uploads\/2014\/06\/8694.jpg\",\"width\":350,\"height\":300},{\"@type\":\"WebPage\",\"@id\":\"https:\/\/www.oidossucios.com\/site\/video-de-elefreak-fe-consigue-nominacion-en-el-costa-rica-international-film-festival\/#webpage\",\"url\":\"https:\/\/www.oidossucios.com\/site\/video-de-elefreak-fe-consigue-nominacion-en-el-costa-rica-international-film-festival\/\",\"name\":\"Video de Elefreak \\\"FE\\\" consigue nominaci\\u00f3n en el Costa Rica International Film Festival - OidosSucios.Com\",\"isPartOf\":{\"@id\":\"https:\/\/www.oidossucios.com\/site\/#website\"},\"primaryImageOfPage\":{\"@id\":\"https:\/\/www.oidossucios.com\/site\/video-de-elefreak-fe-consigue-nominacion-en-el-costa-rica-international-film-festival\/#primaryimage\"},\"datePublished\":\"2014-06-05T01:51:00+00:00\",\"dateModified\":\"2014-06-05T01:51:00+00:00\",\"author\":{\"@id\":\"https:\/\/www.oidossucios.com\/site\/#\/schema\/person\/24559eeb76bf83a63296fb072393a688\"},\"description\":\"El Videoclip de \\\"FE\\\" dirigido por Vadim Lasca y producido por Mariale Fleitas, cuenta con dos nominaciones\",\"inLanguage\":\"es\",\"potentialAction\":[{\"@type\":\"ReadAction\",\"target\":[\"https:\/\/www.oidossucios.com\/site\/video-de-elefreak-fe-consigue-nominacion-en-el-costa-rica-international-film-festival\/\"]}]},{\"@type\":[\"Person\"],\"@id\":\"https:\/\/www.oidossucios.com\/site\/#\/schema\/person\/24559eeb76bf83a63296fb072393a688\",\"name\":\"Oidossucios\",\"image\":{\"@type\":\"ImageObject\",\"@id\":\"https:\/\/www.oidossucios.com\/site\/#personlogo\",\"inLanguage\":\"es\",\"url\":\"https:\/\/secure.gravatar.com\/avatar\/74fcb480f42f1a33e50a0b6e6369a3f907be2e43dc84fa5f76c66e9c22b4a5ab?s=96&d=mm&r=g\",\"caption\":\"Oidossucios\"},\"sameAs\":[\"https:\/\/twitter.com\/oidossucios\"]}]}<\/script>\n<!-- \/ Yoast SEO plugin. -->","jetpack_sharing_enabled":true,"_links":{"self":[{"href":"https:\/\/www.oidossucios.com\/site\/wp-json\/wp\/v2\/posts\/8694","targetHints":{"allow":["GET"]}}],"collection":[{"href":"https:\/\/www.oidossucios.com\/site\/wp-json\/wp\/v2\/posts"}],"about":[{"href":"https:\/\/www.oidossucios.com\/site\/wp-json\/wp\/v2\/types\/post"}],"author":[{"embeddable":true,"href":"https:\/\/www.oidossucios.com\/site\/wp-json\/wp\/v2\/users\/4"}],"replies":[{"embeddable":true,"href":"https:\/\/www.oidossucios.com\/site\/wp-json\/wp\/v2\/comments?post=8694"}],"version-history":[{"count":0,"href":"https:\/\/www.oidossucios.com\/site\/wp-json\/wp\/v2\/posts\/8694\/revisions"}],"wp:featuredmedia":[{"embeddable":true,"href":"https:\/\/www.oidossucios.com\/site\/wp-json\/wp\/v2\/media\/100008694"}],"wp:attachment":[{"href":"https:\/\/www.oidossucios.com\/site\/wp-json\/wp\/v2\/media?parent=8694"}],"wp:term":[{"taxonomy":"category","embeddable":true,"href":"https:\/\/www.oidossucios.com\/site\/wp-json\/wp\/v2\/categories?post=8694"},{"taxonomy":"post_tag","embeddable":true,"href":"https:\/\/www.oidossucios.com\/site\/wp-json\/wp\/v2\/tags?post=8694"}],"curies":[{"name":"wp","href":"https:\/\/api.w.org\/{rel}","templated":true}]}}