{"id":8695,"date":"2014-06-05T01:43:00","date_gmt":"2014-06-05T01:43:00","guid":{"rendered":"https:\/\/www.oidossucios.com\/site\/2014\/06\/05\/union-rock-show-celebra-su-sexto-aniversario-con-un-concierto-en-la-plaza-la-castellana\/"},"modified":"2014-06-05T01:43:00","modified_gmt":"2014-06-05T01:43:00","slug":"union-rock-show-celebra-su-sexto-aniversario-con-un-concierto-en-la-plaza-la-castellana","status":"publish","type":"post","link":"https:\/\/www.oidossucios.com\/site\/union-rock-show-celebra-su-sexto-aniversario-con-un-concierto-en-la-plaza-la-castellana\/","title":{"rendered":"Union Rock Show celebra su Sexto Aniversario con un concierto en la Plaza La Castellana"},"content":{"rendered":"\n<div align=\"justify\">Este s\u00e1bado 07 de junio regresa el Ciclo Union Rock Show para celebrar su sexto aniversario con un concierto que tendr\u00e1 lugar a las 3:00 p.m. en La Plaza La Castellana, bajo la organizaci\u00f3n de la Fundaci\u00f3n Union Rock Show con el apoyo de Cultura Chacao en el marco de su programa &#8220;Arte en la Calle&#8221;, con el patrocinio de Samba.<\/p>\n<p>El concierto contar\u00e1 con la participaci\u00f3n de las agrupaciones Resistor, Praise No One, Reckless, y Terra Nullius como invitada especial, las cuales ofrecer\u00e1n una muestra de sus diferentes propuestas musicales concebidas a partir del g\u00e9nero rock. La selecci\u00f3n musical estar\u00e1 a cargo de Bambi Shaker.<\/p>\n<p><b>Resistor<\/b> es una agrupaci\u00f3n de Power Metal y Hard Core, conformada en el 2000, proveniente de San Antonio de Los Altos, y conformada por Oscar Requena, Romer Rosales, Jos\u00e9 Miguel Salcedo y Sim\u00f3n Bustamante.<\/p>\n<p><b>Praise No One<\/b> es una banda caraque\u00f1a de Groove Metal. Conformada por Elei Zambrano, Jonathan Gonz\u00e1les, Ra\u00fal Linares, Alonso Moreno y V\u00edctor Rond\u00f3n, esta agrupaci\u00f3n estren\u00f3 a finales de 2012 su primer sencillo &#8220;Lost In Oblivion&#8221;.<\/p>\n<p><b>Reckless<\/b>, banda de Hard Rock y Classic Rock originaria de Caracas, se caracteriza por tener un sonido fresco y s\u00f3lido. En julio de 2012 estrenan &#8220;On My Own&#8221;, su primer E.P grabado totalmente en vivo, bajo la producci\u00f3n, grabaci\u00f3n y mezcla de Marcel Fern\u00e1ndez.<\/p>\n<p>Por su parte, agrupaci\u00f3n caraque\u00f1a Terra Nullius se presentar\u00e1 como invitada especial con su propuesta musical de Power Metal Sinf\u00f3nico. Fundada en 2007 por Arnaldo Acosta y Nelson Guti\u00e9rrez, esta agrupaci\u00f3n ha desarrollado el g\u00e9nero con influencias de Un Metal, Metalcore y Metal Progresivo. En octubre de 2013 estren\u00f3 su primera producci\u00f3n bajo el t\u00edtulo de &#8220;Overcome&#8221;, que consta de 10 temas, nueve en ingl\u00e9s y uno en espa\u00f1ol. A lo largo de su trayectoria se ha presentando en importantes festivales a nivel nacional, y entre sus presentaciones m\u00e1s destacadas figura su participaci\u00f3n como banda soporte de la agrupaci\u00f3n Rhapsody of Fire. En 2013 su vocalista Nelson M\u00fcller obtuvo el reconocimiento como mejor voz masculina en Los Premios Union Rock Show.<\/p>\n<p>El p\u00fablico podr\u00e1 disfrutar de este nuevo concierto del Ciclo Union Rock Show 2014, el s\u00e1bado 07 de junio a partir de las 3:00 p.m., en la Plaza La Castellana, donde se estar\u00e1n presentando las bandas Resistor (Twitter: @resistoroficial), Praise No One (Twitter: @praisenoone), Reckless (Twitter:@Recklessccs), y Terra Nullius (Twitter: @Terranulliusve), con el patrocinio de Samba y el apoyo de La Mega, Zona Escolar, Fotostage, Moy Moy y Rumbacaracas. La entrada es libre.<\/p>\n<p>Mayor informaci\u00f3n puede ser solicitada por la p\u00e1gina web: <a target=\"_blank\" title=\"P\u00e1gina Oficial Cultura Chacao\" href=\"www.culturachacao.org\" rel=\"noopener noreferrer\">www.culturachacao.org<\/a>, a trav\u00e9s de la cuenta de Twitter: @<a href=\"https:\/\/twitter.com\/culturachacao\">culturachacao<\/a> o Facebook: <a target=\"_blank\" title=\"Facebook - Centro Cultural Chacao\" href=\"https:\/\/www.facebook.com\/pages\/Centro-Cultural-Chacao\/305093379598244?ref=ts&amp;fref=ts\" rel=\"noopener noreferrer\">culturachacao.org<\/a> <\/p>\n<p>Fuente: Nota de Prensa  <\/div>\n","protected":false},"excerpt":{"rendered":"<p>Participar\u00e1n los grupos Resistor, Praise No One, Reckless, y Terra Nullius<\/p>\n","protected":false},"author":4,"featured_media":100008695,"comment_status":"open","ping_status":"open","sticky":false,"template":"","format":"standard","meta":{"_jetpack_memberships_contains_paid_content":false,"footnotes":""},"categories":[142],"tags":[],"class_list":["post-8695","post","type-post","status-publish","format-standard","has-post-thumbnail","hentry","category-buzznews"],"jetpack_featured_media_url":"https:\/\/www.oidossucios.com\/site\/wp-content\/uploads\/2014\/06\/8695.jpg","yoast_head":"<!-- This site is optimized with the Yoast SEO plugin v14.0.4 - https:\/\/yoast.com\/wordpress\/plugins\/seo\/ -->\n<title>Union Rock Show celebra su Sexto Aniversario con un concierto en la Plaza La Castellana - OidosSucios.Com<\/title>\n<meta name=\"description\" content=\"Participar\u00e1n los grupos Resistor, Praise No One, Reckless, y Terra Nullius\" \/>\n<meta name=\"robots\" content=\"index, follow\" \/>\n<meta name=\"googlebot\" content=\"index, follow, max-snippet:-1, max-image-preview:large, max-video-preview:-1\" \/>\n<meta name=\"bingbot\" content=\"index, follow, max-snippet:-1, max-image-preview:large, max-video-preview:-1\" \/>\n<link rel=\"canonical\" href=\"https:\/\/www.oidossucios.com\/site\/union-rock-show-celebra-su-sexto-aniversario-con-un-concierto-en-la-plaza-la-castellana\/\" \/>\n<meta property=\"og:locale\" content=\"es_ES\" \/>\n<meta property=\"og:type\" content=\"article\" \/>\n<meta property=\"og:title\" content=\"Union Rock Show celebra su Sexto Aniversario con un concierto en la Plaza La Castellana - OidosSucios.Com\" \/>\n<meta property=\"og:description\" content=\"Participar\u00e1n los grupos Resistor, Praise No One, Reckless, y Terra Nullius\" \/>\n<meta property=\"og:url\" content=\"https:\/\/www.oidossucios.com\/site\/union-rock-show-celebra-su-sexto-aniversario-con-un-concierto-en-la-plaza-la-castellana\/\" \/>\n<meta property=\"og:site_name\" content=\"OidosSucios.Com\" \/>\n<meta property=\"article:published_time\" content=\"2014-06-05T01:43:00+00:00\" \/>\n<meta property=\"og:image\" content=\"https:\/\/www.oidossucios.com\/site\/wp-content\/uploads\/2014\/06\/8695.jpg\" \/>\n\t<meta property=\"og:image:width\" content=\"350\" \/>\n\t<meta property=\"og:image:height\" content=\"300\" \/>\n<meta name=\"twitter:card\" content=\"summary_large_image\" \/>\n<meta name=\"twitter:creator\" content=\"@oidossucios\" \/>\n<script type=\"application\/ld+json\" class=\"yoast-schema-graph\">{\"@context\":\"https:\/\/schema.org\",\"@graph\":[{\"@type\":\"WebSite\",\"@id\":\"https:\/\/www.oidossucios.com\/site\/#website\",\"url\":\"https:\/\/www.oidossucios.com\/site\/\",\"name\":\"OidosSucios.Com\",\"description\":\"M\\u00fasica, conciertos, discos\",\"potentialAction\":[{\"@type\":\"SearchAction\",\"target\":\"https:\/\/www.oidossucios.com\/site\/?s={search_term_string}\",\"query-input\":\"required name=search_term_string\"}],\"inLanguage\":\"es\"},{\"@type\":\"ImageObject\",\"@id\":\"https:\/\/www.oidossucios.com\/site\/union-rock-show-celebra-su-sexto-aniversario-con-un-concierto-en-la-plaza-la-castellana\/#primaryimage\",\"inLanguage\":\"es\",\"url\":\"https:\/\/www.oidossucios.com\/site\/wp-content\/uploads\/2014\/06\/8695.jpg\",\"width\":350,\"height\":300},{\"@type\":\"WebPage\",\"@id\":\"https:\/\/www.oidossucios.com\/site\/union-rock-show-celebra-su-sexto-aniversario-con-un-concierto-en-la-plaza-la-castellana\/#webpage\",\"url\":\"https:\/\/www.oidossucios.com\/site\/union-rock-show-celebra-su-sexto-aniversario-con-un-concierto-en-la-plaza-la-castellana\/\",\"name\":\"Union Rock Show celebra su Sexto Aniversario con un concierto en la Plaza La Castellana - OidosSucios.Com\",\"isPartOf\":{\"@id\":\"https:\/\/www.oidossucios.com\/site\/#website\"},\"primaryImageOfPage\":{\"@id\":\"https:\/\/www.oidossucios.com\/site\/union-rock-show-celebra-su-sexto-aniversario-con-un-concierto-en-la-plaza-la-castellana\/#primaryimage\"},\"datePublished\":\"2014-06-05T01:43:00+00:00\",\"dateModified\":\"2014-06-05T01:43:00+00:00\",\"author\":{\"@id\":\"https:\/\/www.oidossucios.com\/site\/#\/schema\/person\/24559eeb76bf83a63296fb072393a688\"},\"description\":\"Participar\\u00e1n los grupos Resistor, Praise No One, Reckless, y Terra Nullius\",\"inLanguage\":\"es\",\"potentialAction\":[{\"@type\":\"ReadAction\",\"target\":[\"https:\/\/www.oidossucios.com\/site\/union-rock-show-celebra-su-sexto-aniversario-con-un-concierto-en-la-plaza-la-castellana\/\"]}]},{\"@type\":[\"Person\"],\"@id\":\"https:\/\/www.oidossucios.com\/site\/#\/schema\/person\/24559eeb76bf83a63296fb072393a688\",\"name\":\"Oidossucios\",\"image\":{\"@type\":\"ImageObject\",\"@id\":\"https:\/\/www.oidossucios.com\/site\/#personlogo\",\"inLanguage\":\"es\",\"url\":\"https:\/\/secure.gravatar.com\/avatar\/74fcb480f42f1a33e50a0b6e6369a3f907be2e43dc84fa5f76c66e9c22b4a5ab?s=96&d=mm&r=g\",\"caption\":\"Oidossucios\"},\"sameAs\":[\"https:\/\/twitter.com\/oidossucios\"]}]}<\/script>\n<!-- \/ Yoast SEO plugin. -->","jetpack_sharing_enabled":true,"_links":{"self":[{"href":"https:\/\/www.oidossucios.com\/site\/wp-json\/wp\/v2\/posts\/8695","targetHints":{"allow":["GET"]}}],"collection":[{"href":"https:\/\/www.oidossucios.com\/site\/wp-json\/wp\/v2\/posts"}],"about":[{"href":"https:\/\/www.oidossucios.com\/site\/wp-json\/wp\/v2\/types\/post"}],"author":[{"embeddable":true,"href":"https:\/\/www.oidossucios.com\/site\/wp-json\/wp\/v2\/users\/4"}],"replies":[{"embeddable":true,"href":"https:\/\/www.oidossucios.com\/site\/wp-json\/wp\/v2\/comments?post=8695"}],"version-history":[{"count":0,"href":"https:\/\/www.oidossucios.com\/site\/wp-json\/wp\/v2\/posts\/8695\/revisions"}],"wp:featuredmedia":[{"embeddable":true,"href":"https:\/\/www.oidossucios.com\/site\/wp-json\/wp\/v2\/media\/100008695"}],"wp:attachment":[{"href":"https:\/\/www.oidossucios.com\/site\/wp-json\/wp\/v2\/media?parent=8695"}],"wp:term":[{"taxonomy":"category","embeddable":true,"href":"https:\/\/www.oidossucios.com\/site\/wp-json\/wp\/v2\/categories?post=8695"},{"taxonomy":"post_tag","embeddable":true,"href":"https:\/\/www.oidossucios.com\/site\/wp-json\/wp\/v2\/tags?post=8695"}],"curies":[{"name":"wp","href":"https:\/\/api.w.org\/{rel}","templated":true}]}}