{"id":8698,"date":"2014-06-06T00:25:00","date_gmt":"2014-06-06T00:25:00","guid":{"rendered":"https:\/\/www.oidossucios.com\/site\/2014\/06\/06\/electrocirkus-presenta-el-tributo-a-las-leyendas-del-rock\/"},"modified":"2014-06-06T00:25:00","modified_gmt":"2014-06-06T00:25:00","slug":"electrocirkus-presenta-el-tributo-a-las-leyendas-del-rock","status":"publish","type":"post","link":"https:\/\/www.oidossucios.com\/site\/electrocirkus-presenta-el-tributo-a-las-leyendas-del-rock\/","title":{"rendered":"Electrocirkus presenta el tributo a las Leyendas del Rock"},"content":{"rendered":"\n<div align=\"justify\">Sin duda Electrocirkus se ha consagrado como una de las principales agrupaciones de hard rock y rock and roll de Venezuela. Se han dado a conocer tanto por los temas sus dos discos Grandes \u00c9xitos y Rock On, como por sus populares y exitosos tributos a diferentes bandas. Han tenido el honor de abrir los conciertos de \u00edconos del rock como Kiss, Gun\u00b4s N\u00b4 Roses, Slash, Saxon y Lou Gramm, dejando en alto al talento nacional.  <\/div>\n<div align=\"justify\">Ahora, esta agrupaci\u00f3n caraque\u00f1a trae el espect\u00e1culo musical TRIBUTO A LAS LEYENDAS DEL ROCK, donde tocar\u00e1n sus mejores temas junto a los cl\u00e1sicos que interpretaron grupos inmortales como Journey, Pink Floyd, Black Sabbath, Queen, Aerosmith, The Beatles, Gun\u00b4s N\u00b4 Roses, Deep Purple, Bon Jovi, Scorpions, Judas Priest, Iron Maiden, AC\/DC, Ozzy Osbourne, Van Halen, Kiss y Whitesnake entre otros.<\/p>\n<p>La cita es el jueves 10 de julio en el auditorio del Centro Cultural BOD a las 8:00 p.m. El show tendr\u00e1 una duraci\u00f3n de dos horas y contara con invitados especiales de la talla de Nicky Scarola, Eduardo Nieto, Eduardo Viloria, Tito Fierro y Nelson Muller. Las entradas est\u00e1n a la venta en www.ticketmundo.com y en las taquillas del teatro.<\/p>\n<p>&nbsp;&#8220;Decidimos de un universo extenso seleccionar las bandas&nbsp; m\u00e1s representativas que de alguna manera marcaron la influencia musical del rock en sus diferentes vertientes, fue una selecci\u00f3n dif\u00edcil y compleja de casi 80 bandas, tuvimos que priorizar por el tiempo y muchos temas quedaron fuera, esperamos poder agregarlas en otra oportunidad&#8221;, expresaron los miembros de la agrupaci\u00f3n al referirse a la selecci\u00f3n del repertorio.<\/p>\n<p>Los integrantes de la banda agregaron que para ellos &#8220;es&nbsp; una completa emoci\u00f3n y placer disfrutar el compartir con nuestro p\u00fablico la m\u00fasica todas estas grandiosas bandas que nos marcaron como m\u00fasicos y nos llevaron a querer so\u00f1ar y luchar por lo que m\u00e1s nos gusta que es hacer buena m\u00fasica, en este caso pasando desde Los Beatles a Black Sabbath y que decir de Pink Floyd y Jorney, la influencia de las guitarras con Van Halen,&nbsp; y la grandeza de cantantes tan importantes como David Coberdale con Whitesnake y Freddy Mercury con Queen, entre otros.&#8221;<\/p>\n<p>Este concierto representa una oportunidad \u00fanica de disfrutar a una de las mejores bandas de hard rock del pa\u00eds con excelente calidad de sonido, luces rob\u00f3ticas y en una de las mejores salas del pa\u00eds, con seguridad, estacionamiento y servicio de refrigerios y bebidas.<\/p>\n<p>Fuente: Nota de Prensa  <\/div>\n<p> <iframe loading=\"lazy\" width=\"600\" height=\"400\" src=\"\/\/www.youtube.com\/embed\/dIPLlwfa-ac?feature=player_detailpage\" frameborder=\"0\" allowfullscreen><\/iframe><\/p>\n","protected":false},"excerpt":{"rendered":"<p>El 10 de julio en el Centro Cultural BOD<\/p>\n","protected":false},"author":4,"featured_media":100008698,"comment_status":"open","ping_status":"open","sticky":false,"template":"","format":"standard","meta":{"_jetpack_memberships_contains_paid_content":false,"footnotes":""},"categories":[142],"tags":[],"class_list":["post-8698","post","type-post","status-publish","format-standard","has-post-thumbnail","hentry","category-buzznews"],"jetpack_featured_media_url":"https:\/\/www.oidossucios.com\/site\/wp-content\/uploads\/2014\/06\/8698.jpg","yoast_head":"<!-- This site is optimized with the Yoast SEO plugin v14.0.4 - https:\/\/yoast.com\/wordpress\/plugins\/seo\/ -->\n<title>Electrocirkus presenta el tributo a las Leyendas del Rock - OidosSucios.Com<\/title>\n<meta name=\"description\" content=\"El 10 de julio en el Centro Cultural BOD\" \/>\n<meta name=\"robots\" content=\"index, follow\" \/>\n<meta name=\"googlebot\" content=\"index, follow, max-snippet:-1, max-image-preview:large, max-video-preview:-1\" \/>\n<meta name=\"bingbot\" content=\"index, follow, max-snippet:-1, max-image-preview:large, max-video-preview:-1\" \/>\n<link rel=\"canonical\" href=\"https:\/\/www.oidossucios.com\/site\/electrocirkus-presenta-el-tributo-a-las-leyendas-del-rock\/\" \/>\n<meta property=\"og:locale\" content=\"es_ES\" \/>\n<meta property=\"og:type\" content=\"article\" \/>\n<meta property=\"og:title\" content=\"Electrocirkus presenta el tributo a las Leyendas del Rock - OidosSucios.Com\" \/>\n<meta property=\"og:description\" content=\"El 10 de julio en el Centro Cultural BOD\" \/>\n<meta property=\"og:url\" content=\"https:\/\/www.oidossucios.com\/site\/electrocirkus-presenta-el-tributo-a-las-leyendas-del-rock\/\" \/>\n<meta property=\"og:site_name\" content=\"OidosSucios.Com\" \/>\n<meta property=\"article:published_time\" content=\"2014-06-06T00:25:00+00:00\" \/>\n<meta property=\"og:image\" content=\"https:\/\/www.oidossucios.com\/site\/wp-content\/uploads\/2014\/06\/8698.jpg\" \/>\n\t<meta property=\"og:image:width\" content=\"350\" \/>\n\t<meta property=\"og:image:height\" content=\"300\" \/>\n<meta name=\"twitter:card\" content=\"summary_large_image\" \/>\n<meta name=\"twitter:creator\" content=\"@oidossucios\" \/>\n<script type=\"application\/ld+json\" class=\"yoast-schema-graph\">{\"@context\":\"https:\/\/schema.org\",\"@graph\":[{\"@type\":\"WebSite\",\"@id\":\"https:\/\/www.oidossucios.com\/site\/#website\",\"url\":\"https:\/\/www.oidossucios.com\/site\/\",\"name\":\"OidosSucios.Com\",\"description\":\"M\\u00fasica, conciertos, discos\",\"potentialAction\":[{\"@type\":\"SearchAction\",\"target\":\"https:\/\/www.oidossucios.com\/site\/?s={search_term_string}\",\"query-input\":\"required name=search_term_string\"}],\"inLanguage\":\"es\"},{\"@type\":\"ImageObject\",\"@id\":\"https:\/\/www.oidossucios.com\/site\/electrocirkus-presenta-el-tributo-a-las-leyendas-del-rock\/#primaryimage\",\"inLanguage\":\"es\",\"url\":\"https:\/\/www.oidossucios.com\/site\/wp-content\/uploads\/2014\/06\/8698.jpg\",\"width\":350,\"height\":300},{\"@type\":\"WebPage\",\"@id\":\"https:\/\/www.oidossucios.com\/site\/electrocirkus-presenta-el-tributo-a-las-leyendas-del-rock\/#webpage\",\"url\":\"https:\/\/www.oidossucios.com\/site\/electrocirkus-presenta-el-tributo-a-las-leyendas-del-rock\/\",\"name\":\"Electrocirkus presenta el tributo a las Leyendas del Rock - OidosSucios.Com\",\"isPartOf\":{\"@id\":\"https:\/\/www.oidossucios.com\/site\/#website\"},\"primaryImageOfPage\":{\"@id\":\"https:\/\/www.oidossucios.com\/site\/electrocirkus-presenta-el-tributo-a-las-leyendas-del-rock\/#primaryimage\"},\"datePublished\":\"2014-06-06T00:25:00+00:00\",\"dateModified\":\"2014-06-06T00:25:00+00:00\",\"author\":{\"@id\":\"https:\/\/www.oidossucios.com\/site\/#\/schema\/person\/24559eeb76bf83a63296fb072393a688\"},\"description\":\"El 10 de julio en el Centro Cultural BOD\",\"inLanguage\":\"es\",\"potentialAction\":[{\"@type\":\"ReadAction\",\"target\":[\"https:\/\/www.oidossucios.com\/site\/electrocirkus-presenta-el-tributo-a-las-leyendas-del-rock\/\"]}]},{\"@type\":[\"Person\"],\"@id\":\"https:\/\/www.oidossucios.com\/site\/#\/schema\/person\/24559eeb76bf83a63296fb072393a688\",\"name\":\"Oidossucios\",\"image\":{\"@type\":\"ImageObject\",\"@id\":\"https:\/\/www.oidossucios.com\/site\/#personlogo\",\"inLanguage\":\"es\",\"url\":\"https:\/\/secure.gravatar.com\/avatar\/74fcb480f42f1a33e50a0b6e6369a3f907be2e43dc84fa5f76c66e9c22b4a5ab?s=96&d=mm&r=g\",\"caption\":\"Oidossucios\"},\"sameAs\":[\"https:\/\/twitter.com\/oidossucios\"]}]}<\/script>\n<!-- \/ Yoast SEO plugin. -->","jetpack_sharing_enabled":true,"_links":{"self":[{"href":"https:\/\/www.oidossucios.com\/site\/wp-json\/wp\/v2\/posts\/8698","targetHints":{"allow":["GET"]}}],"collection":[{"href":"https:\/\/www.oidossucios.com\/site\/wp-json\/wp\/v2\/posts"}],"about":[{"href":"https:\/\/www.oidossucios.com\/site\/wp-json\/wp\/v2\/types\/post"}],"author":[{"embeddable":true,"href":"https:\/\/www.oidossucios.com\/site\/wp-json\/wp\/v2\/users\/4"}],"replies":[{"embeddable":true,"href":"https:\/\/www.oidossucios.com\/site\/wp-json\/wp\/v2\/comments?post=8698"}],"version-history":[{"count":0,"href":"https:\/\/www.oidossucios.com\/site\/wp-json\/wp\/v2\/posts\/8698\/revisions"}],"wp:featuredmedia":[{"embeddable":true,"href":"https:\/\/www.oidossucios.com\/site\/wp-json\/wp\/v2\/media\/100008698"}],"wp:attachment":[{"href":"https:\/\/www.oidossucios.com\/site\/wp-json\/wp\/v2\/media?parent=8698"}],"wp:term":[{"taxonomy":"category","embeddable":true,"href":"https:\/\/www.oidossucios.com\/site\/wp-json\/wp\/v2\/categories?post=8698"},{"taxonomy":"post_tag","embeddable":true,"href":"https:\/\/www.oidossucios.com\/site\/wp-json\/wp\/v2\/tags?post=8698"}],"curies":[{"name":"wp","href":"https:\/\/api.w.org\/{rel}","templated":true}]}}