{"id":8700,"date":"2014-06-06T00:35:00","date_gmt":"2014-06-06T00:35:00","guid":{"rendered":"https:\/\/www.oidossucios.com\/site\/2014\/06\/06\/festival-de-cine-italiano-2014-llega-para-complacer-a-los-caraquenos\/"},"modified":"2014-06-06T00:35:00","modified_gmt":"2014-06-06T00:35:00","slug":"festival-de-cine-italiano-2014-llega-para-complacer-a-los-caraquenos","status":"publish","type":"post","link":"https:\/\/www.oidossucios.com\/site\/festival-de-cine-italiano-2014-llega-para-complacer-a-los-caraquenos\/","title":{"rendered":"Festival de Cine Italiano 2014 llega para complacer a los caraque\u00f1os"},"content":{"rendered":"\n<div align=\"justify\">Una muestra de las recientes producciones cinematogr\u00e1ficas de Italia podr\u00e1 ser apreciada en el Festival de Cine Italiano 2014, gracias al respaldo de la Embajada de Italia en nuestro pa\u00eds, el Consulado General de Italia, el Instituto Italiano de Cultura de Caracas, la Fundaci\u00f3n Trasnocho Cultural y el Circuito Gran Cine.<\/p>\n<p>Del 6 al 19 de junio los caraque\u00f1os podr\u00e1n disfrutar de esta exhibici\u00f3n tan esperada por el p\u00fablico amante de las producciones mediterr\u00e1neas, con su alt\u00edsima factura e historias emocionantes. La selecci\u00f3n del Festival de Cine Italiano 2014 est\u00e1 encabezada por la reciente ganadora del premio Oscar a la Mejor Pel\u00edcula Extranjera: La Gran Belleza (La Grande Bellezza, 2013) con Toni Servillo, Carlo Verdone, Sabrina Ferilli, Serena Grandi, Isabella Ferrari y Giulia Di Quilio. Esta pel\u00edcula en particular ha logrado que nuevamente los ojos del mundo se vuelvan hacia Italia, para apreciar este filme de Paolo Sorrentino, merecedor adem\u00e1s de otros numerosos e importantes premios, entre ellos 4 reconocimientos otorgados por la Academia de Cine Europeo en las categor\u00edas de mejor pel\u00edcula, director, actor principal y montaje.<\/p>\n<p>Para ahondar m\u00e1s en la experiencia de las mejores pel\u00edculas italianas se presente el Cineforo con &#8220;C\u00e9sar deve morire&#8221; (C\u00e9sar debe morir) el s\u00e1bado 7 de junio a las 10:30 a.m. Participan Robert G\u00f3mez -periodista y cr\u00edtico de cine; Jos\u00e9 Pisano, director general de Cinematogr\u00e1fica Blancica y director de Programaci\u00f3n de Cines Paseo y Luigi Sciamanna, director y actor.&nbsp; <\/p>\n<p>El Festival de Cine Italiano 2014 cuenta con la proyecci\u00f3n de nueve (09) filmes desde el 6 al 19 de junio en la sala de cine Paseo Plus 2 de la Fundaci\u00f3n Trasnocho Cultural. La agenda con los horarios de las pel\u00edculas est\u00e1 disponible enwww.trasnochocultural.com y en www.iicaracas.esteri.it as\u00ed como tambi\u00e9n en Facebook por IIC de Caracas y en Twitter @iicdecaracas.<\/p>\n<p>Entre las producciones a presentarse en esta muestra destaca C\u00e9sar Debe Morir (Cesare Deve Morire) de los veteranos hermanos Taviani, cinta que llega a Venezuela gracias a la gesti\u00f3n del reconocido Circuito Gran Cine. Esta pel\u00edcula fue ganadora del Oso de Oro en el Festival de Cine de Berl\u00edn 2012 y 5 premios David de Donatello, incluyendo los de mejor pel\u00edcula y mejor director. La trama gira sobre un duro y conmovedor retrato de un grupo de presidiarios en su preparaci\u00f3n para un montaje teatral de la obra Julio C\u00e9sar de William Shakespeare.<\/p>\n<p>En estas dos semanas del Festival de Cine Italiano 2014 tambi\u00e9n el p\u00fablico podr\u00e1 recrearse con t\u00edtulos como Due\u00f1os de Casa (Padroni di Casa, 2012) de Edoardo Gabriellini con Valerio Mastrandea, Elio Germano, Gianni Morandi y Valeria Bruni Tedeschi; El Descubrimiento del Amanecer (La Scoperta dell\u00b4Alba, 2012) con Margherita Buy, Sergio Rubini, y Lina Sastri; El Intervalo (L\u00b4Intervallo, 2012) con Antonio Bu\u00edl, Alessio Gallo y Carmine Paternoster; Fue El Hijo (\u00c9 Stato il Figlio, 2012) de Daniele Cipr\u00ed con Toni Servillo (protagonista de La Gran Belleza), Giselda Volodi y Aurora Quattrocchi; Los Equilibristas (Gli Equilibristi, 2012) de Ivano De Matteo con Valerio Mastrandea, Barbara Bobulova y Maurizio Casagrande; Los Tocados (Gli Sfiorati, 2011) de Matteo Rovere con Andrea Bosca y Miriam Giovanelli y finalmente, Magn\u00edfica Presencia (Magnifica Presenza, 2012) de Ferzan Ozpetek (realizador de pel\u00edculas como La Ventana de Enfrente y Hombres Al Dente, entre otras), que protagonizan Elio Germano, Margherita Buy, Vittoria Puccini y Beppe Fiorello, entre otros.<\/p>\n<p>La edici\u00f3n de este a\u00f1o nos trae un Festival de Cine Italiano muy variado, donde se hace un recorrido lleno de personajes que dramatizan situaciones cotidianas intensas y a veces tr\u00e1gicas con un toque de comedia. El cine contempor\u00e1neo italiano ha evolucionado y contin\u00faa llevando al mundo el mensaje de la Italia actual que prosigue haciendo cine siguiendo los modelos establecidos desde sus or\u00edgenes.<\/p>\n<p>Desde hace algunos a\u00f1os, los venezolanos disfrutan peri\u00f3dicamente de esta cita con lo mejor de la expresi\u00f3n art\u00edstica de Italia en la gran pantalla. Ciencia ficci\u00f3n, drama, comedias e historias de la vida real, cobran vida en este medio art\u00edstico de una manera muy especial, gracias a la finura de los realizadores mediterr\u00e1neos que nos han acostumbrado a un estilo de cine muy particular, pleno de gran realismo, belleza y expresi\u00f3n art\u00edstica. El cine italiano ha aportado t\u00edtulos considerados grandes cl\u00e1sicos a nivel mundial. Y en Venezuela, gracias a la labor permanente del Instituto Italiano de Cultura de Caracas con el apoyo de la Embajada de Italia en nuestro pa\u00eds y del Consulado General de Italia, cada edici\u00f3n del Festival de Cine Italiano sigue aport\u00e1ndonos una vitrina para conocer m\u00e1s sobre el arte, el idioma, la m\u00fasica, la tradici\u00f3n y la cultura de una naci\u00f3n muy cercana a la nuestra, estrech\u00e1ndose los lazos a trav\u00e9s de una agenda de actividades continua.<\/p>\n<p><b>Festival de Cine Italiano 2014 | Agenda Detallada y Sinopsis<\/b><\/p>\n<p><b>C\u00e9sar debe morir<\/b><br \/>(Cesare Deve Morire. Italia, 2012, 76 min.)<br \/>Viernes 6, Lunes 9, Martes 10, Mi\u00e9rcoles 11 y Jueves 12 de junio 5:00; 6:45 y 8:30 pm.<br \/>S\u00e1bado 7: 5:15; 7:00; 8:45 pm.<br \/>Domingo 8: 5:15; 7:00; 8:40 pm.*<br \/>*Del 13 al 19 de junio, consultar horarios en el cine y en www.trasnochocultural.com<br \/>Docuficci\u00f3n sobre los talleres teatrales que organiza en la c\u00e1rcel romana de Rebibbia el director Fabio Cavalli, que ensaya con los presos obras de Shakespeare. Los ensayos y la representaci\u00f3n final del &#8220;Julio C\u00e9sar&#8221; se alternan con la vida cotidiana de los reclusos. Ganadora del Oso de Oro en el Festival de cine de Berl\u00edn, y 5 premios David di Donatello, incluyendo los de mejor pel\u00edcula y mejor director.<\/p>\n<p>Direcci\u00f3n: Paolo y Vittorio Taviani. Gui\u00f3n: Paolo y Vittorio Taviani, basado en la obra de William Shakespeare. Fotograf\u00eda: Simone Zampagni. Int\u00e9rpretes: Fabio Cavalli, Salvatore Striano, Giovanni Arcuri, Antonio Frasca y Juan Dario Bonetti entre otros. Distribuye: Circuito Gran Cine.<\/p>\n<p>2011&nbsp;&nbsp;&nbsp; 5 Premios David di Donatello, incluyendo mejor pel\u00edcula y director. 8 Nominaciones<br \/>2012&nbsp;&nbsp;&nbsp; Festival de Berl\u00edn: Oso de Oro mejor pel\u00edcula<br \/>2012&nbsp;&nbsp;&nbsp; Premios del Cine Europeo: 4 nominaciones, incluyendo mejor pel\u00edcula y director<br \/>2012&nbsp;&nbsp;&nbsp; Satellite Awards:Nominada a Mejor pel\u00edcula extranjera<\/p>\n<p><b>El Intervalo<\/b><br \/>(L\u00b4Intervallo. Italia, 2012, 90 min.)<br \/>Viernes 6 y Lunes 16 de junio<br \/>4:15; 6:30 y 8:45 pm.<\/p>\n<p>Un ni\u00f1o, una ni\u00f1a encerrados en un enorme edificio abandonado de un barrio. Tienen que vigilarse mutuamente. Ella es la prisionera, \u00e9l est\u00e1 obligado a actuar como carcelero por el cacique de la zona. A pesar de su corta edad, ambos son bastante maduros. Frente a la violencia de la prisi\u00f3n, los dos j\u00f3venes tienen reacciones diferentes: Ver\u00f3nica una actitud rebelde; Salvatore es m\u00e1s sumiso y complaciente, quiz\u00e1s por miedo.<br \/>&nbsp;<br \/>Ambos son v\u00edctimas, pero es como si el uno diera la culpa al otro de su encarcelamiento. Conforme pasan las horas, la hostilidad entre los dos se convierte en una inevitable intimidad. Los dos chicos viven una temprana y repentina ruptura de su vida adulta.<\/p>\n<p>Direcci\u00f3n: Leonardo di Costanzo Gui\u00f3n: Maurizio Braucci, Leonardo di Costanzo, Mariangela Barbanente. Fotograf\u00eda: Luca Bigazzi. Int\u00e9rpretes: Antonio Bu\u00edl, Alessio Gallo, Carmine Paternoster, Francesca Riso y Salvatore Ruocco entre otros.<\/p>\n<p>2012 Premios David di Donatello: Mejor \u00f3pera prima (Nuevo director)<br \/>2012 Festival de Lisboa: Mejor pel\u00edcula<br \/>2013 Cinta de Plata: Mejor Fotograf\u00eda en Luca Bigazzi; Nominaci\u00f3n Mejor sujetos en Mauricio Braucci y Leonardo DiCostanzo; Nominado Mejor Director Novel en el Leonardo Di Costanzo<br \/>2013 Globo de Oro: Mejor pel\u00edcula con Leonardo Di Costanzo; Nominaci\u00f3n Mejor Director Leonardo Di Costanzo; Nominado Mejor \u00d3pera de Leonardo Di Cos<br \/>\ntanzo<br \/>2013 Ciak d\u0092oro: Mejor productor Carlo Cresto Dina, Tiziana Soudani y Paolo Del Brocco; Mejor \u00d3pera de Leonardo Di Costanzo<\/p>\n<p><b>La Gran Belleza<\/b><br \/>(La Grande Bellezza. Italia, Francia, 2013, 142 min.)<br \/>S\u00e1bado 7 y Domingo 15 de junio<br \/>2:00; 5:00 y 8:00 pm.<\/p>\n<p>En Roma, durante el verano, nobles decadentes, arribistas, pol\u00edticos, criminales de altos vuelos, periodistas, actores, prelados, artistas e intelectuales tejen una trama de relaciones inconsistentes que se desarrollan en fastuosos palacios y villas. El centro de todas las reuniones es Jep Gambardella (Toni Servillo), un escritor de 65 a\u00f1os que escribi\u00f3 un solo libro y practica el periodismo. Dominado por la indolencia y el hast\u00edo, asiste a este desfile de personajes poderosos pero insustanciales, huecos y deprimentes. Ganadora del Oscar a la mejor pel\u00edcula extranjera 2014, adem\u00e1s del Globo de Oro, Bafta y 4 premios del cine europeo (mejor pel\u00edcula, director, actor y montaje).<\/p>\n<p>Direcci\u00f3n: Paolo Sorrentino. Gui\u00f3n: Paolo Sorrentino y Umberto Concarello. Fotograf\u00eda: Luca Bigazzi. Int\u00e9rpretes: Toni Servillo, Carlo Verdone, Sabrina Ferilli, Serena Grandi, Isabella Ferrari y Giulia Di Quilio entre otros.<\/p>\n<p>2013: Oscars: Mejor pel\u00edcula de habla no inglesa<br \/>2013: Globos de Oro: Mejor pel\u00edcula de habla no inglesa<br \/>2013: Premios BAFTA: Mejor pel\u00edcula de habla no inglesa<br \/>2013: Festival de Cannes: Secci\u00f3n oficial largometrajes a concurso<br \/>2013: Festival de Sevilla: Mejor actor (Servillo)<br \/>2013: 4 Premios del Cine Europeo: incluyendo Mejor pel\u00edcula y director<br \/>2013: Independent Spirit Awards: Nominada a Mejor pel\u00edcula extranjera<br \/>2013: Satellite Awards: Nominada a Mejor pel\u00edcula extranjera<br \/>2013: Premios Goya: Nominada a Mejor pel\u00edcula europea<br \/>2013: Premios C\u00e9sar: Nominada a Mejor pel\u00edcula extranjera<\/p>\n<p><b>Magn\u00edfica Presencia<\/b><br \/>(Magnifica Presenza. Italia, 2012, 105 min.)<br \/>Domingo 8 de junio<br \/>2:00; 4:15; 6:30 y 8:45 pm.<br \/>Jueves 19 de junio<br \/>4:15; 6:30 y 8:45 pm.<\/p>\n<p>Pietro es un joven siciliano que se va a vivir a Roma persiguiendo un ef\u00edmero amor y el sue\u00f1o de ser actor. Por la noche trabaja en una panader\u00eda, y durante el d\u00eda participa en infinitos castings. As\u00ed transcurre su vida hasta que alquila el segundo piso de una antigua casa y empieza a ver fantasmas. Se trata de actores, de una compa\u00f1\u00eda teatral de los a\u00f1os 40, muertos en tr\u00e1gicas circunstancias. Nueva producci\u00f3n del realizador de HOMBRES AL DENTE (Mine vaganti), LA VENTANA DE ENFRENTE y HAMAM EL BA\u00d1O TURCO entre otras.<\/p>\n<p>Direcci\u00f3n: Ferzan Ozpetek. Gui\u00f3n: Ferzan Ozpetek y Federica Pontremoli. Fotograf\u00eda: Maurizio Calvesi. Int\u00e9rpretes: Elio Germano, Margherita Buy, Vittoria Puccini, Beppe Fiorello, Andrea Bosca y Alessandro Roja entre otros.<\/p>\n<p>2011: 8 Nominaciones David di Donatello, incluyendo mejor director y actor<\/p>\n<p><b>Los Tocados<\/b><br \/>(Gli Sfiorati. Italia, 2011, 111 min.)<br \/>Lunes 9 de junio<br \/>4:15; 6:30 y 8:45 pm.<br \/>Martes 17 de junio<br \/>8:00 pm.<\/p>\n<p>Belinda es una joven de 17 a\u00f1os cuya custodia le viene encargada a su medio hermano M\u00e9te. A partir de ello, se nos presenta el drama existencial de unos personajes perdidos y atormentados en una Roma ca\u00f3tica, prepotente e inmersa en sus ruinas y sus ritos cotidianos. Son j\u00f3venes h\u00e9roes de una generaci\u00f3n que lo tuvo todo sin poseer nada. Basada en la novela de Sandro Veronesi (1959), autor de CAOS CALMO y LA FUERZA DEL PASADO entre otras obras.<\/p>\n<p>Direcci\u00f3n: Matteo Rovere. Gui\u00f3n: Matteo Rovere, Laura Paolucci y Francesco Piccolo, basado en la novela de Sandro Veronesi. Fotograf\u00eda: Vladan Radovic. Int\u00e9rpretes: Andrea Bosca, Miriam Giovanelli, Michele Riondino, Asia Argento, Claudio Santamaria y Aitana S\u00e1nchez-Gij\u00f3n entre otros.<\/p>\n<p>2011: BFI LONDON FILM FESTIVAL: Secci\u00f3n Cinema Europa<\/p>\n<p><b>Fue el hijo<\/b><br \/>(\u00c9 Stato il Figlio. Italia, Francia, 2012, 90 min.)<br \/>Martes 10 de junio<br \/>7:15 y 9:00 pm.<\/p>\n<p>Entre lo grotesco y lo tr\u00e1gico de una Palermo surrealista y atemporal (reconstruida en el barrio Paradiso de Brindisi, en Apulia), sobreviven los Ciraulo. Nicola es el padre de la familia, una especie de Homer Simpson siciliano, como ha dicho el propio autor del libro Alaimo. Mantiene a su familia, formada por la madre Loredana, los abuelos Fonzio y Rosa y los hijos Tancredi y Serenella, vendiendo el hierro que extrae de barcos abandonados. La tragedia estalla tras un d\u00eda en la playa. En un ajuste de cuentas mafioso, una bala perdida mata a la peque\u00f1a Serenella. Tras el luto, llueve el man\u00e1 del cielo. La familia, tiene derecho a una indemnizaci\u00f3n por parte del Estado de 113.000 euros.<\/p>\n<p>Direcci\u00f3n: Daniele Cipr\u00ed. Gui\u00f3n: Daniele Cipr\u00ed y Massimo Gaudioso, basado en la novela de Roberto Alaimo. Fotograf\u00eda: Daniele Cipr\u00ed. Int\u00e9rpretes: Toni Servillo, Giselda Volodi, Alfredo Castro, Fabrizio Falco y Aurora Quattrocchi entre otros.<\/p>\n<p>2012: Premios David di Donatello: Nominada a mejor dise\u00f1o de producci\u00f3n y vestuario<br \/>2012: Festival de Venecia: Premio a la contribuci\u00f3n t\u00e9cnica y Actor joven (Fabrizio Falco)<\/p>\n<p><b>Due\u00f1os de Casa<\/b><br \/>(Padroni di Casa. Italia, 2012, 90 min.)<br \/>Mi\u00e9rcoles 11<br \/>4:45; 6:30 y 8:45 p.m.<br \/>S\u00e1bado 14 de junio<br \/>2:00; 4:15; 6:30 y 8:45 pm.<\/p>\n<p>Dos hermanos alba\u00f1iles acuden a Roma desde un peque\u00f1o pueblo en las monta\u00f1as para reparar la terraza de un c\u00e9lebre cantante. El veterano artista, que abandon\u00f3 su carrera para ocuparse de su enferma esposa, est\u00e1 preparando un concierto para atraer el turismo. Sin embargo, no tardar\u00e1 en mostrarse como un peque\u00f1o monstruo de vanidad e hipocres\u00eda. Por su parte, los dos hermanos pondr\u00e1n en peligro el fr\u00e1gil equilibrio de la peque\u00f1a comunidad y tendr\u00e1n que v\u00e9rselas con los j\u00f3venes del lugar.<\/p>\n<p>Direcci\u00f3n: Edoardo Gabriellini. Gui\u00f3n: Valerio Mastandrea, Edoardo Gabbriellini, Francesco Cenni, y Michele Pellegrini sobre una historia de Edoardo Gabbriellini y Pier Paolo Piciarelli. Fotograf\u00eda: Daria D\u00b4Antonio. Int\u00e9rpretes: Valerio Mastrandea, Elio Germano, Gianni Morandi, Valeria Bruni Tedeschi, Francesca Rabbi y Mauro Marchese entre otros.<\/p>\n<p>2012: Festival de Locarno: Secci\u00f3n oficial largometrajes a concurso<\/p>\n<p><b>El Descubrimiento del Amanecer<\/b><br \/>(La Scoperta dell\u00b4Alba. Italia, 2012, 95 min.)<br \/>Jueves 12 de junio<br \/>&nbsp;4:15; 6:30 y 8:45 pm.<\/p>\n<p>Roma, 1981: dos miembros de las Brigadas Rojas asesinan a tiros al profesor Mario Tessandori en pleno campus y a la vista de todos. Unas semanas despu\u00e9s, desaparece el profesor Lucio Astengo, amigo de Tessandori. En 2011. Caterina y Barbara Astengo, que eran unas ni\u00f1as cuando su padre muri\u00f3, han puesto a la venta la vivienda familiar de la playa, que lleva mucho tiempo abandonada. La casa est\u00e1 llena de memorias de una infancia interrumpida por la desaparici\u00f3n del padre, de una familia rota y nunca reparada.<\/p>\n<p>Direcci\u00f3n: Susana Nicchiarelli. Gui\u00f3n: Susana Nicchiarelli y Michele Pellegrini. Fotograf\u00eda: Gherardo Gossi. Int\u00e9rpretes: Margherita Buy, Sergio Rubini, Lino Guanciale, Gabriele Spinelli y Lina Sastri entre otros.<br \/><b><br \/><\/b>2013 &#8211; Globo d\u0092oro: Nomination Migliore attrice a Margherita Buy<\/p>\n<p><b>Los Equilibristas<\/b><br \/>(Gli Equilibristi. Italia, 2012, 100 min.)<br \/>Viernes 13 y Mi\u00e9rcoles 18 de junio<br \/>4:15; 6:30 y 8: 45 pm.<\/p>\n<p>Julio es un hombre de cuarenta a\u00f1os de edad que lleva una vida aparentemente tranquila. Una casa alquilada, un trabajo estable, un coche comprado a plazos, una hija rebelde y un ni\u00f1o guapo, dulce y so\u00f1ador, y una esposa a la que ama pero traiciona. Julio es descubierto y se va, y su historia se derrumba de repente. Pero, \u00bfqu\u00e9 le sucede a una pareja en nuestros d\u00edas cuando &#8220;se atreve&#8221; a separarse? La pel\u00edcula, a trav\u00e9s de una serie de eventos dram\u00e1ticos, nos lleva a un mundo a manos de un hombre que de repente se descubre en el l\u00edmite entre la salud y la pobreza. Premio David di Donatello para Valerio Mastra<br \/>\nndea como mejor actor protagonista.<\/p>\n<p>Direcci\u00f3n: Ivano De Matteo. Gui\u00f3n: Ivano De Matteo y Valentina Ferlan. Fotograf\u00eda: Vittorio Omodei Zorini. Int\u00e9rpretes: Valerio Mastrandea, Barbara Bobulova, Maurizio Casagrande, Rolando Ravello y Rosabell Laurentis Sellers entre otros.<\/p>\n<p>2012: Premios David di Donatello: Mejor actor (Valerio Mastandrea).<\/p>\n<p>Fuente: Nota de Prensa  <\/div>\n<p><\/p>\n","protected":false},"excerpt":{"rendered":"<p>La Embajada de Italia, el Consulado General de Italia, el Instituto Italiano de Cultura de Caracas y la Fundaci\u00f3n Trasnocho Cultural invitan a esta cita imperdible con lo mejor de la cinematograf\u00eda italiana. <\/p>\n","protected":false},"author":4,"featured_media":100008700,"comment_status":"open","ping_status":"open","sticky":false,"template":"","format":"standard","meta":{"_jetpack_memberships_contains_paid_content":false,"footnotes":""},"categories":[142],"tags":[],"class_list":["post-8700","post","type-post","status-publish","format-standard","has-post-thumbnail","hentry","category-buzznews"],"jetpack_featured_media_url":"https:\/\/www.oidossucios.com\/site\/wp-content\/uploads\/2014\/06\/8700.jpg","yoast_head":"<!-- This site is optimized with the Yoast SEO plugin v14.0.4 - https:\/\/yoast.com\/wordpress\/plugins\/seo\/ -->\n<title>Festival de Cine Italiano 2014 llega para complacer a los caraque\u00f1os - OidosSucios.Com<\/title>\n<meta name=\"description\" content=\"La Embajada de Italia, el Consulado General de Italia, el Instituto Italiano de Cultura de Caracas y la Fundaci\u00f3n Trasnocho Cultural invitan a esta cita imperdible con lo mejor de la cinematograf\u00eda italiana.\" \/>\n<meta name=\"robots\" content=\"index, follow\" \/>\n<meta name=\"googlebot\" content=\"index, follow, max-snippet:-1, max-image-preview:large, max-video-preview:-1\" \/>\n<meta name=\"bingbot\" content=\"index, follow, max-snippet:-1, max-image-preview:large, max-video-preview:-1\" \/>\n<link rel=\"canonical\" href=\"https:\/\/www.oidossucios.com\/site\/festival-de-cine-italiano-2014-llega-para-complacer-a-los-caraquenos\/\" \/>\n<meta property=\"og:locale\" content=\"es_ES\" \/>\n<meta property=\"og:type\" content=\"article\" \/>\n<meta property=\"og:title\" content=\"Festival de Cine Italiano 2014 llega para complacer a los caraque\u00f1os - OidosSucios.Com\" \/>\n<meta property=\"og:description\" content=\"La Embajada de Italia, el Consulado General de Italia, el Instituto Italiano de Cultura de Caracas y la Fundaci\u00f3n Trasnocho Cultural invitan a esta cita imperdible con lo mejor de la cinematograf\u00eda italiana.\" \/>\n<meta property=\"og:url\" content=\"https:\/\/www.oidossucios.com\/site\/festival-de-cine-italiano-2014-llega-para-complacer-a-los-caraquenos\/\" \/>\n<meta property=\"og:site_name\" content=\"OidosSucios.Com\" \/>\n<meta property=\"article:published_time\" content=\"2014-06-06T00:35:00+00:00\" \/>\n<meta property=\"og:image\" content=\"https:\/\/www.oidossucios.com\/site\/wp-content\/uploads\/2014\/06\/8700.jpg\" \/>\n\t<meta property=\"og:image:width\" content=\"350\" \/>\n\t<meta property=\"og:image:height\" content=\"300\" \/>\n<meta name=\"twitter:card\" content=\"summary_large_image\" \/>\n<meta name=\"twitter:creator\" content=\"@oidossucios\" \/>\n<script type=\"application\/ld+json\" class=\"yoast-schema-graph\">{\"@context\":\"https:\/\/schema.org\",\"@graph\":[{\"@type\":\"WebSite\",\"@id\":\"https:\/\/www.oidossucios.com\/site\/#website\",\"url\":\"https:\/\/www.oidossucios.com\/site\/\",\"name\":\"OidosSucios.Com\",\"description\":\"M\\u00fasica, conciertos, discos\",\"potentialAction\":[{\"@type\":\"SearchAction\",\"target\":\"https:\/\/www.oidossucios.com\/site\/?s={search_term_string}\",\"query-input\":\"required name=search_term_string\"}],\"inLanguage\":\"es\"},{\"@type\":\"ImageObject\",\"@id\":\"https:\/\/www.oidossucios.com\/site\/festival-de-cine-italiano-2014-llega-para-complacer-a-los-caraquenos\/#primaryimage\",\"inLanguage\":\"es\",\"url\":\"https:\/\/www.oidossucios.com\/site\/wp-content\/uploads\/2014\/06\/8700.jpg\",\"width\":350,\"height\":300},{\"@type\":\"WebPage\",\"@id\":\"https:\/\/www.oidossucios.com\/site\/festival-de-cine-italiano-2014-llega-para-complacer-a-los-caraquenos\/#webpage\",\"url\":\"https:\/\/www.oidossucios.com\/site\/festival-de-cine-italiano-2014-llega-para-complacer-a-los-caraquenos\/\",\"name\":\"Festival de Cine Italiano 2014 llega para complacer a los caraque\\u00f1os - OidosSucios.Com\",\"isPartOf\":{\"@id\":\"https:\/\/www.oidossucios.com\/site\/#website\"},\"primaryImageOfPage\":{\"@id\":\"https:\/\/www.oidossucios.com\/site\/festival-de-cine-italiano-2014-llega-para-complacer-a-los-caraquenos\/#primaryimage\"},\"datePublished\":\"2014-06-06T00:35:00+00:00\",\"dateModified\":\"2014-06-06T00:35:00+00:00\",\"author\":{\"@id\":\"https:\/\/www.oidossucios.com\/site\/#\/schema\/person\/24559eeb76bf83a63296fb072393a688\"},\"description\":\"La Embajada de Italia, el Consulado General de Italia, el Instituto Italiano de Cultura de Caracas y la Fundaci\\u00f3n Trasnocho Cultural invitan a esta cita imperdible con lo mejor de la cinematograf\\u00eda italiana.\",\"inLanguage\":\"es\",\"potentialAction\":[{\"@type\":\"ReadAction\",\"target\":[\"https:\/\/www.oidossucios.com\/site\/festival-de-cine-italiano-2014-llega-para-complacer-a-los-caraquenos\/\"]}]},{\"@type\":[\"Person\"],\"@id\":\"https:\/\/www.oidossucios.com\/site\/#\/schema\/person\/24559eeb76bf83a63296fb072393a688\",\"name\":\"Oidossucios\",\"image\":{\"@type\":\"ImageObject\",\"@id\":\"https:\/\/www.oidossucios.com\/site\/#personlogo\",\"inLanguage\":\"es\",\"url\":\"https:\/\/secure.gravatar.com\/avatar\/74fcb480f42f1a33e50a0b6e6369a3f907be2e43dc84fa5f76c66e9c22b4a5ab?s=96&d=mm&r=g\",\"caption\":\"Oidossucios\"},\"sameAs\":[\"https:\/\/twitter.com\/oidossucios\"]}]}<\/script>\n<!-- \/ Yoast SEO plugin. -->","jetpack_sharing_enabled":true,"_links":{"self":[{"href":"https:\/\/www.oidossucios.com\/site\/wp-json\/wp\/v2\/posts\/8700","targetHints":{"allow":["GET"]}}],"collection":[{"href":"https:\/\/www.oidossucios.com\/site\/wp-json\/wp\/v2\/posts"}],"about":[{"href":"https:\/\/www.oidossucios.com\/site\/wp-json\/wp\/v2\/types\/post"}],"author":[{"embeddable":true,"href":"https:\/\/www.oidossucios.com\/site\/wp-json\/wp\/v2\/users\/4"}],"replies":[{"embeddable":true,"href":"https:\/\/www.oidossucios.com\/site\/wp-json\/wp\/v2\/comments?post=8700"}],"version-history":[{"count":0,"href":"https:\/\/www.oidossucios.com\/site\/wp-json\/wp\/v2\/posts\/8700\/revisions"}],"wp:featuredmedia":[{"embeddable":true,"href":"https:\/\/www.oidossucios.com\/site\/wp-json\/wp\/v2\/media\/100008700"}],"wp:attachment":[{"href":"https:\/\/www.oidossucios.com\/site\/wp-json\/wp\/v2\/media?parent=8700"}],"wp:term":[{"taxonomy":"category","embeddable":true,"href":"https:\/\/www.oidossucios.com\/site\/wp-json\/wp\/v2\/categories?post=8700"},{"taxonomy":"post_tag","embeddable":true,"href":"https:\/\/www.oidossucios.com\/site\/wp-json\/wp\/v2\/tags?post=8700"}],"curies":[{"name":"wp","href":"https:\/\/api.w.org\/{rel}","templated":true}]}}