{"id":871,"date":"2003-11-09T03:38:00","date_gmt":"2003-11-09T03:38:00","guid":{"rendered":"https:\/\/www.oidossucios.com\/site\/2003\/11\/09\/trece-y-belica-no-podran-sacar-sus-discos\/"},"modified":"2003-11-09T03:38:00","modified_gmt":"2003-11-09T03:38:00","slug":"trece-y-belica-no-podran-sacar-sus-discos","status":"publish","type":"post","link":"https:\/\/www.oidossucios.com\/site\/trece-y-belica-no-podran-sacar-sus-discos\/","title":{"rendered":"Trece y B\u00e9lica no podr\u00e1n sacar sus discos"},"content":{"rendered":"<p>Un conflicto legal entre Alberto Cabello \u0096Ex baterista de Sentimiento Muerto y actual empresario del espect\u00e1culo- y Black Bombay Records, disquera recientemente formada por Mara Montauti (Ex \u0096 ejecutiva de Latin World) y cuyos dos primeros artistas son B\u00e9lica y Trece, impide la salida de los \u00e1lbumes de estos al mercado.<\/p>\n<p>En un comunicado, Montauti indic\u00f3 que diferencias personales entre ella y Alberto Cabello desembocaron en la ruptura de su sociedad en la disquera. Cabello habr\u00eda ejercido en los \u00faltimos meses como representante de los dos artistas, alegando actualmente la propiedad sobre los derechos de ambos, hecho por el cual, habr\u00eda iniciado un pleito legal la semana pasada. <\/p>\n<p>Sin embargo, Black Bombay Records continu\u00f3 con sus planes de lanzar al mercado el \u00e1lbum debut de B\u00e9lica y el segundo LP de Trece, lo cual no podr\u00e1 ser llevado a cabo, pues, seg\u00fan la disquera, el jueves pasado, un d\u00eda despu\u00e9s del showcase de presentaci\u00f3n de B\u00e9lica en el Trasnocho Lounge, Cabello registr\u00f3 los temas de los dos artistas ante SACVEN, coloc\u00e1ndose como autor y propietario de los mismos.<\/p>\n<p>El conflicto luce de larga duraci\u00f3n y de resoluci\u00f3n poco amistosa.<\/p>\n","protected":false},"excerpt":{"rendered":"<p>Un conflicto legal entre Black Bombay Records (la nueva disquera de los dos artistas) y Alberto Cabello, antiguo representante de ambos, impide la salida de sus \u00e1lbumes al mercado.<\/p>\n","protected":false},"author":4,"featured_media":10000867,"comment_status":"open","ping_status":"open","sticky":false,"template":"","format":"standard","meta":{"_jetpack_memberships_contains_paid_content":false,"footnotes":""},"categories":[250],"tags":[236],"class_list":["post-871","post","type-post","status-publish","format-standard","has-post-thumbnail","hentry","category-noticias","tag-trece"],"jetpack_featured_media_url":"https:\/\/www.oidossucios.com\/site\/wp-content\/uploads\/2003\/11\/867.jpg","yoast_head":"<!-- This site is optimized with the Yoast SEO plugin v14.0.4 - https:\/\/yoast.com\/wordpress\/plugins\/seo\/ -->\n<title>Trece y B\u00e9lica no podr\u00e1n sacar sus discos - OidosSucios.Com<\/title>\n<meta name=\"description\" content=\"Uno in\u00e9dito y otro de remixes forman parte del aporte de dos de las m\u00e1ximas estrellas del rock sure\u00f1o a la lista de estrenos discogr\u00e1ficos de esta semana.\" \/>\n<meta name=\"robots\" content=\"index, follow\" \/>\n<meta name=\"googlebot\" content=\"index, follow, max-snippet:-1, max-image-preview:large, max-video-preview:-1\" \/>\n<meta name=\"bingbot\" content=\"index, follow, max-snippet:-1, max-image-preview:large, max-video-preview:-1\" \/>\n<link rel=\"canonical\" href=\"https:\/\/www.oidossucios.com\/site\/trece-y-belica-no-podran-sacar-sus-discos\/\" \/>\n<meta property=\"og:locale\" content=\"es_ES\" \/>\n<meta property=\"og:type\" content=\"article\" \/>\n<meta property=\"og:title\" content=\"Trece y B\u00e9lica no podr\u00e1n sacar sus discos - OidosSucios.Com\" \/>\n<meta property=\"og:description\" content=\"Uno in\u00e9dito y otro de remixes forman parte del aporte de dos de las m\u00e1ximas estrellas del rock sure\u00f1o a la lista de estrenos discogr\u00e1ficos de esta semana.\" \/>\n<meta property=\"og:url\" content=\"https:\/\/www.oidossucios.com\/site\/trece-y-belica-no-podran-sacar-sus-discos\/\" \/>\n<meta property=\"og:site_name\" content=\"OidosSucios.Com\" \/>\n<meta property=\"article:published_time\" content=\"2003-11-09T03:38:00+00:00\" \/>\n<meta property=\"og:image\" content=\"https:\/\/www.oidossucios.com\/site\/wp-content\/uploads\/2003\/11\/867.jpg\" \/>\n\t<meta property=\"og:image:width\" content=\"290\" \/>\n\t<meta property=\"og:image:height\" content=\"100\" \/>\n<meta name=\"twitter:card\" content=\"summary_large_image\" \/>\n<meta name=\"twitter:creator\" content=\"@oidossucios\" \/>\n<script type=\"application\/ld+json\" class=\"yoast-schema-graph\">{\"@context\":\"https:\/\/schema.org\",\"@graph\":[{\"@type\":\"WebSite\",\"@id\":\"https:\/\/www.oidossucios.com\/site\/#website\",\"url\":\"https:\/\/www.oidossucios.com\/site\/\",\"name\":\"OidosSucios.Com\",\"description\":\"M\\u00fasica, conciertos, discos\",\"potentialAction\":[{\"@type\":\"SearchAction\",\"target\":\"https:\/\/www.oidossucios.com\/site\/?s={search_term_string}\",\"query-input\":\"required name=search_term_string\"}],\"inLanguage\":\"es\"},{\"@type\":\"ImageObject\",\"@id\":\"https:\/\/www.oidossucios.com\/site\/trece-y-belica-no-podran-sacar-sus-discos\/#primaryimage\",\"inLanguage\":\"es\",\"url\":\"https:\/\/www.oidossucios.com\/site\/wp-content\/uploads\/2003\/11\/867.jpg\",\"width\":290,\"height\":100},{\"@type\":\"WebPage\",\"@id\":\"https:\/\/www.oidossucios.com\/site\/trece-y-belica-no-podran-sacar-sus-discos\/#webpage\",\"url\":\"https:\/\/www.oidossucios.com\/site\/trece-y-belica-no-podran-sacar-sus-discos\/\",\"name\":\"Trece y B\\u00e9lica no podr\\u00e1n sacar sus discos - OidosSucios.Com\",\"isPartOf\":{\"@id\":\"https:\/\/www.oidossucios.com\/site\/#website\"},\"primaryImageOfPage\":{\"@id\":\"https:\/\/www.oidossucios.com\/site\/trece-y-belica-no-podran-sacar-sus-discos\/#primaryimage\"},\"datePublished\":\"2003-11-09T03:38:00+00:00\",\"dateModified\":\"2003-11-09T03:38:00+00:00\",\"author\":{\"@id\":\"https:\/\/www.oidossucios.com\/site\/#\/schema\/person\/24559eeb76bf83a63296fb072393a688\"},\"description\":\"Uno in\\u00e9dito y otro de remixes forman parte del aporte de dos de las m\\u00e1ximas estrellas del rock sure\\u00f1o a la lista de estrenos discogr\\u00e1ficos de esta semana.\",\"inLanguage\":\"es\",\"potentialAction\":[{\"@type\":\"ReadAction\",\"target\":[\"https:\/\/www.oidossucios.com\/site\/trece-y-belica-no-podran-sacar-sus-discos\/\"]}]},{\"@type\":[\"Person\"],\"@id\":\"https:\/\/www.oidossucios.com\/site\/#\/schema\/person\/24559eeb76bf83a63296fb072393a688\",\"name\":\"Oidossucios\",\"image\":{\"@type\":\"ImageObject\",\"@id\":\"https:\/\/www.oidossucios.com\/site\/#personlogo\",\"inLanguage\":\"es\",\"url\":\"https:\/\/secure.gravatar.com\/avatar\/74fcb480f42f1a33e50a0b6e6369a3f907be2e43dc84fa5f76c66e9c22b4a5ab?s=96&d=mm&r=g\",\"caption\":\"Oidossucios\"},\"sameAs\":[\"https:\/\/twitter.com\/oidossucios\"]}]}<\/script>\n<!-- \/ Yoast SEO plugin. -->","jetpack_sharing_enabled":true,"_links":{"self":[{"href":"https:\/\/www.oidossucios.com\/site\/wp-json\/wp\/v2\/posts\/871","targetHints":{"allow":["GET"]}}],"collection":[{"href":"https:\/\/www.oidossucios.com\/site\/wp-json\/wp\/v2\/posts"}],"about":[{"href":"https:\/\/www.oidossucios.com\/site\/wp-json\/wp\/v2\/types\/post"}],"author":[{"embeddable":true,"href":"https:\/\/www.oidossucios.com\/site\/wp-json\/wp\/v2\/users\/4"}],"replies":[{"embeddable":true,"href":"https:\/\/www.oidossucios.com\/site\/wp-json\/wp\/v2\/comments?post=871"}],"version-history":[{"count":0,"href":"https:\/\/www.oidossucios.com\/site\/wp-json\/wp\/v2\/posts\/871\/revisions"}],"wp:featuredmedia":[{"embeddable":true,"href":"https:\/\/www.oidossucios.com\/site\/wp-json\/wp\/v2\/media\/10000867"}],"wp:attachment":[{"href":"https:\/\/www.oidossucios.com\/site\/wp-json\/wp\/v2\/media?parent=871"}],"wp:term":[{"taxonomy":"category","embeddable":true,"href":"https:\/\/www.oidossucios.com\/site\/wp-json\/wp\/v2\/categories?post=871"},{"taxonomy":"post_tag","embeddable":true,"href":"https:\/\/www.oidossucios.com\/site\/wp-json\/wp\/v2\/tags?post=871"}],"curies":[{"name":"wp","href":"https:\/\/api.w.org\/{rel}","templated":true}]}}