{"id":8722,"date":"2014-06-19T03:57:00","date_gmt":"2014-06-19T03:57:00","guid":{"rendered":"https:\/\/www.oidossucios.com\/site\/2014\/06\/19\/los-mutantes-de-x-men-dias-del-futuro-pasado-llegan-a-cinex\/"},"modified":"2014-06-19T03:57:00","modified_gmt":"2014-06-19T03:57:00","slug":"los-mutantes-de-x-men-dias-del-futuro-pasado-llegan-a-cinex","status":"publish","type":"post","link":"https:\/\/www.oidossucios.com\/site\/los-mutantes-de-x-men-dias-del-futuro-pasado-llegan-a-cinex\/","title":{"rendered":"Los Mutantes De &#8220;X-Men: D\u00edas Del Futuro Pasado&#8221; Llegan A Cinex"},"content":{"rendered":"\n<div align=\"justify\">&nbsp;A partir del 20 de junio el p\u00fablico venezolano podr\u00e1 disfrutar de la esperada cinta de la productora 20th Century Fox en alianza con Marvel Studios, &#8220;X-Men: D\u00edas del Futuro Pasado&#8221;. La pel\u00edcula dirigida por Bryan Singer llega Venezuela desde este viernes en un estreno de Cinex. <\/p>\n<p>&nbsp;&#8220;X-Men: D\u00edas del Futuro Pasado&#8221; cont\u00f3 con un presupuesto de 200 millones de d\u00f3lares y la historia se desarrolla, seg\u00fan lo descrito en el c\u00f3mic del mismo nombre escrito en 1981 por John Byrne y Chris Claremont. En esta entrega de la saga, los mutantes originales de la trilog\u00eda, deber\u00e1n unir fuerzas con ellos mismos a\u00f1os atr\u00e1s en una batalla \u00e9pica que cambiar\u00e1 el pasado para salvar el futuro. <\/p>\n<p>&nbsp;La nueva pel\u00edcula de los &#8220;X-Men&#8221; re\u00fane en la pantalla grande de Cinex a los miembros de la trilog\u00eda original de la franquicia como Wolverine (Hugh Jackman), Magneto adulto (Ian McKeller) y Charles Xavier adulto (Patrick Stewart), junto a los h\u00e9roes de la Primera Generaci\u00f3n como Mystique (Jennifer Lawrence), Magneto joven (Michael Fassbender) y Charles Xavier joven (James McAvoy).<\/p>\n<p>&nbsp;Adrenalina, suspenso, acci\u00f3n y drama son algunas de las emociones que el cin\u00e9filo vivir\u00e1 con Cinex desde este viernes 20 de junio gracias al estreno de &#8220;X-Men: D\u00edas del Futuro Pasado&#8221;, una de las superproducciones m\u00e1s esperadas de 2014. <\/p>\n<p>Fuente: Nota de Prensa  <\/div>\n","protected":false},"excerpt":{"rendered":"<p>El viernes 20 de junio es el estreno en Venezuela de la producci\u00f3n de los h\u00e9roes de Marvel    <\/p>\n","protected":false},"author":4,"featured_media":100008722,"comment_status":"open","ping_status":"open","sticky":false,"template":"","format":"standard","meta":{"_jetpack_memberships_contains_paid_content":false,"footnotes":""},"categories":[142],"tags":[],"class_list":["post-8722","post","type-post","status-publish","format-standard","has-post-thumbnail","hentry","category-buzznews"],"jetpack_featured_media_url":"https:\/\/www.oidossucios.com\/site\/wp-content\/uploads\/2014\/06\/8722.jpg","yoast_head":"<!-- This site is optimized with the Yoast SEO plugin v14.0.4 - https:\/\/yoast.com\/wordpress\/plugins\/seo\/ -->\n<title>Los Mutantes De &quot;X-Men: D\u00edas Del Futuro Pasado&quot; Llegan A Cinex - OidosSucios.Com<\/title>\n<meta name=\"description\" content=\"El viernes 20 de junio es el estreno en Venezuela de la producci\u00f3n de los h\u00e9roes de Marvel\" \/>\n<meta name=\"robots\" content=\"index, follow\" \/>\n<meta name=\"googlebot\" content=\"index, follow, max-snippet:-1, max-image-preview:large, max-video-preview:-1\" \/>\n<meta name=\"bingbot\" content=\"index, follow, max-snippet:-1, max-image-preview:large, max-video-preview:-1\" \/>\n<link rel=\"canonical\" href=\"https:\/\/www.oidossucios.com\/site\/los-mutantes-de-x-men-dias-del-futuro-pasado-llegan-a-cinex\/\" \/>\n<meta property=\"og:locale\" content=\"es_ES\" \/>\n<meta property=\"og:type\" content=\"article\" \/>\n<meta property=\"og:title\" content=\"Los Mutantes De &quot;X-Men: D\u00edas Del Futuro Pasado&quot; Llegan A Cinex - OidosSucios.Com\" \/>\n<meta property=\"og:description\" content=\"El viernes 20 de junio es el estreno en Venezuela de la producci\u00f3n de los h\u00e9roes de Marvel\" \/>\n<meta property=\"og:url\" content=\"https:\/\/www.oidossucios.com\/site\/los-mutantes-de-x-men-dias-del-futuro-pasado-llegan-a-cinex\/\" \/>\n<meta property=\"og:site_name\" content=\"OidosSucios.Com\" \/>\n<meta property=\"article:published_time\" content=\"2014-06-19T03:57:00+00:00\" \/>\n<meta property=\"og:image\" content=\"https:\/\/www.oidossucios.com\/site\/wp-content\/uploads\/2014\/06\/8722.jpg\" \/>\n\t<meta property=\"og:image:width\" content=\"350\" \/>\n\t<meta property=\"og:image:height\" content=\"300\" \/>\n<meta name=\"twitter:card\" content=\"summary_large_image\" \/>\n<meta name=\"twitter:creator\" content=\"@oidossucios\" \/>\n<script type=\"application\/ld+json\" class=\"yoast-schema-graph\">{\"@context\":\"https:\/\/schema.org\",\"@graph\":[{\"@type\":\"WebSite\",\"@id\":\"https:\/\/www.oidossucios.com\/site\/#website\",\"url\":\"https:\/\/www.oidossucios.com\/site\/\",\"name\":\"OidosSucios.Com\",\"description\":\"M\\u00fasica, conciertos, discos\",\"potentialAction\":[{\"@type\":\"SearchAction\",\"target\":\"https:\/\/www.oidossucios.com\/site\/?s={search_term_string}\",\"query-input\":\"required name=search_term_string\"}],\"inLanguage\":\"es\"},{\"@type\":\"ImageObject\",\"@id\":\"https:\/\/www.oidossucios.com\/site\/los-mutantes-de-x-men-dias-del-futuro-pasado-llegan-a-cinex\/#primaryimage\",\"inLanguage\":\"es\",\"url\":\"https:\/\/www.oidossucios.com\/site\/wp-content\/uploads\/2014\/06\/8722.jpg\",\"width\":350,\"height\":300},{\"@type\":\"WebPage\",\"@id\":\"https:\/\/www.oidossucios.com\/site\/los-mutantes-de-x-men-dias-del-futuro-pasado-llegan-a-cinex\/#webpage\",\"url\":\"https:\/\/www.oidossucios.com\/site\/los-mutantes-de-x-men-dias-del-futuro-pasado-llegan-a-cinex\/\",\"name\":\"Los Mutantes De \\\"X-Men: D\\u00edas Del Futuro Pasado\\\" Llegan A Cinex - OidosSucios.Com\",\"isPartOf\":{\"@id\":\"https:\/\/www.oidossucios.com\/site\/#website\"},\"primaryImageOfPage\":{\"@id\":\"https:\/\/www.oidossucios.com\/site\/los-mutantes-de-x-men-dias-del-futuro-pasado-llegan-a-cinex\/#primaryimage\"},\"datePublished\":\"2014-06-19T03:57:00+00:00\",\"dateModified\":\"2014-06-19T03:57:00+00:00\",\"author\":{\"@id\":\"https:\/\/www.oidossucios.com\/site\/#\/schema\/person\/24559eeb76bf83a63296fb072393a688\"},\"description\":\"El viernes 20 de junio es el estreno en Venezuela de la producci\\u00f3n de los h\\u00e9roes de Marvel\",\"inLanguage\":\"es\",\"potentialAction\":[{\"@type\":\"ReadAction\",\"target\":[\"https:\/\/www.oidossucios.com\/site\/los-mutantes-de-x-men-dias-del-futuro-pasado-llegan-a-cinex\/\"]}]},{\"@type\":[\"Person\"],\"@id\":\"https:\/\/www.oidossucios.com\/site\/#\/schema\/person\/24559eeb76bf83a63296fb072393a688\",\"name\":\"Oidossucios\",\"image\":{\"@type\":\"ImageObject\",\"@id\":\"https:\/\/www.oidossucios.com\/site\/#personlogo\",\"inLanguage\":\"es\",\"url\":\"https:\/\/secure.gravatar.com\/avatar\/74fcb480f42f1a33e50a0b6e6369a3f907be2e43dc84fa5f76c66e9c22b4a5ab?s=96&d=mm&r=g\",\"caption\":\"Oidossucios\"},\"sameAs\":[\"https:\/\/twitter.com\/oidossucios\"]}]}<\/script>\n<!-- \/ Yoast SEO plugin. -->","jetpack_sharing_enabled":true,"_links":{"self":[{"href":"https:\/\/www.oidossucios.com\/site\/wp-json\/wp\/v2\/posts\/8722","targetHints":{"allow":["GET"]}}],"collection":[{"href":"https:\/\/www.oidossucios.com\/site\/wp-json\/wp\/v2\/posts"}],"about":[{"href":"https:\/\/www.oidossucios.com\/site\/wp-json\/wp\/v2\/types\/post"}],"author":[{"embeddable":true,"href":"https:\/\/www.oidossucios.com\/site\/wp-json\/wp\/v2\/users\/4"}],"replies":[{"embeddable":true,"href":"https:\/\/www.oidossucios.com\/site\/wp-json\/wp\/v2\/comments?post=8722"}],"version-history":[{"count":0,"href":"https:\/\/www.oidossucios.com\/site\/wp-json\/wp\/v2\/posts\/8722\/revisions"}],"wp:featuredmedia":[{"embeddable":true,"href":"https:\/\/www.oidossucios.com\/site\/wp-json\/wp\/v2\/media\/100008722"}],"wp:attachment":[{"href":"https:\/\/www.oidossucios.com\/site\/wp-json\/wp\/v2\/media?parent=8722"}],"wp:term":[{"taxonomy":"category","embeddable":true,"href":"https:\/\/www.oidossucios.com\/site\/wp-json\/wp\/v2\/categories?post=8722"},{"taxonomy":"post_tag","embeddable":true,"href":"https:\/\/www.oidossucios.com\/site\/wp-json\/wp\/v2\/tags?post=8722"}],"curies":[{"name":"wp","href":"https:\/\/api.w.org\/{rel}","templated":true}]}}