{"id":8726,"date":"2014-06-19T22:36:00","date_gmt":"2014-06-19T22:36:00","guid":{"rendered":"https:\/\/www.oidossucios.com\/site\/2014\/06\/19\/courtney-love-dijo-que-ya-es-tiempo-de-hacer-las-paces-con-dave-grohl\/"},"modified":"2014-06-19T22:36:00","modified_gmt":"2014-06-19T22:36:00","slug":"courtney-love-dijo-que-ya-es-tiempo-de-hacer-las-paces-con-dave-grohl","status":"publish","type":"post","link":"https:\/\/www.oidossucios.com\/site\/courtney-love-dijo-que-ya-es-tiempo-de-hacer-las-paces-con-dave-grohl\/","title":{"rendered":"Courtney Love dijo que ya es tiempo de hacer las paces con Dave Grohl"},"content":{"rendered":"\n<div align=\"justify\">Courtney Love y Dave Grohl han tenido una relaci\u00f3n algo problem\u00e1tica durante las \u00faltimas dos d\u00e9cadas. Recientemente la viuda de Kurt Cobain acept\u00f3 durante una conferencia en Cannes Lions 2014, que ya es tiempo de arreglar las cosas con quien fuera el baterista de Nirvana.<\/p>\n<p>&#8220;Es tiempo de hacer las paces&#8221;, coment\u00f3 Love, despu\u00e9s de que pusieran una foto de Grohl en la pantalla durante la pl\u00e1tica.<\/p>\n<p>Pero el par ya antes ha puesto sus diferencias de lado. Durante la inclusi\u00f3n de Nirvana al Rock and Roll Hall of Fame, ambos de abrazaron p\u00fablicamente; despu\u00e9s de esta acci\u00f3n, Love dijo, &#8220;Solo deseo que Kurt estuviera aqu\u00ed para hacer esto&#8221;. <\/p>\n<p>Fuente: Somos \u00cddolos <\/p><\/div>\n<p><\/p>\n","protected":false},"excerpt":{"rendered":"<p>&#8220;Es tiempo de hacer las paces&#8221;, coment\u00f3 Love, despu\u00e9s de que pusieran una foto de Grohl en la pantalla durante la pl\u00e1tica.<\/p>\n","protected":false},"author":4,"featured_media":100008726,"comment_status":"open","ping_status":"open","sticky":false,"template":"","format":"standard","meta":{"_jetpack_memberships_contains_paid_content":false,"footnotes":""},"categories":[142],"tags":[],"class_list":["post-8726","post","type-post","status-publish","format-standard","has-post-thumbnail","hentry","category-buzznews"],"jetpack_featured_media_url":"https:\/\/www.oidossucios.com\/site\/wp-content\/uploads\/2014\/06\/8726.jpg","yoast_head":"<!-- This site is optimized with the Yoast SEO plugin v14.0.4 - https:\/\/yoast.com\/wordpress\/plugins\/seo\/ -->\n<title>Courtney Love dijo que ya es tiempo de hacer las paces con Dave Grohl - OidosSucios.Com<\/title>\n<meta name=\"description\" content=\"&quot;Es tiempo de hacer las paces&quot;, coment\u00f3 Love, despu\u00e9s de que pusieran una foto de Grohl en la pantalla durante la pl\u00e1tica.\" \/>\n<meta name=\"robots\" content=\"index, follow\" \/>\n<meta name=\"googlebot\" content=\"index, follow, max-snippet:-1, max-image-preview:large, max-video-preview:-1\" \/>\n<meta name=\"bingbot\" content=\"index, follow, max-snippet:-1, max-image-preview:large, max-video-preview:-1\" \/>\n<link rel=\"canonical\" href=\"https:\/\/www.oidossucios.com\/site\/courtney-love-dijo-que-ya-es-tiempo-de-hacer-las-paces-con-dave-grohl\/\" \/>\n<meta property=\"og:locale\" content=\"es_ES\" \/>\n<meta property=\"og:type\" content=\"article\" \/>\n<meta property=\"og:title\" content=\"Courtney Love dijo que ya es tiempo de hacer las paces con Dave Grohl - OidosSucios.Com\" \/>\n<meta property=\"og:description\" content=\"&quot;Es tiempo de hacer las paces&quot;, coment\u00f3 Love, despu\u00e9s de que pusieran una foto de Grohl en la pantalla durante la pl\u00e1tica.\" \/>\n<meta property=\"og:url\" content=\"https:\/\/www.oidossucios.com\/site\/courtney-love-dijo-que-ya-es-tiempo-de-hacer-las-paces-con-dave-grohl\/\" \/>\n<meta property=\"og:site_name\" content=\"OidosSucios.Com\" \/>\n<meta property=\"article:published_time\" content=\"2014-06-19T22:36:00+00:00\" \/>\n<meta property=\"og:image\" content=\"https:\/\/www.oidossucios.com\/site\/wp-content\/uploads\/2014\/06\/8726.jpg\" \/>\n\t<meta property=\"og:image:width\" content=\"350\" \/>\n\t<meta property=\"og:image:height\" content=\"300\" \/>\n<meta name=\"twitter:card\" content=\"summary_large_image\" \/>\n<meta name=\"twitter:creator\" content=\"@oidossucios\" \/>\n<script type=\"application\/ld+json\" class=\"yoast-schema-graph\">{\"@context\":\"https:\/\/schema.org\",\"@graph\":[{\"@type\":\"WebSite\",\"@id\":\"https:\/\/www.oidossucios.com\/site\/#website\",\"url\":\"https:\/\/www.oidossucios.com\/site\/\",\"name\":\"OidosSucios.Com\",\"description\":\"M\\u00fasica, conciertos, discos\",\"potentialAction\":[{\"@type\":\"SearchAction\",\"target\":\"https:\/\/www.oidossucios.com\/site\/?s={search_term_string}\",\"query-input\":\"required name=search_term_string\"}],\"inLanguage\":\"es\"},{\"@type\":\"ImageObject\",\"@id\":\"https:\/\/www.oidossucios.com\/site\/courtney-love-dijo-que-ya-es-tiempo-de-hacer-las-paces-con-dave-grohl\/#primaryimage\",\"inLanguage\":\"es\",\"url\":\"https:\/\/www.oidossucios.com\/site\/wp-content\/uploads\/2014\/06\/8726.jpg\",\"width\":350,\"height\":300},{\"@type\":\"WebPage\",\"@id\":\"https:\/\/www.oidossucios.com\/site\/courtney-love-dijo-que-ya-es-tiempo-de-hacer-las-paces-con-dave-grohl\/#webpage\",\"url\":\"https:\/\/www.oidossucios.com\/site\/courtney-love-dijo-que-ya-es-tiempo-de-hacer-las-paces-con-dave-grohl\/\",\"name\":\"Courtney Love dijo que ya es tiempo de hacer las paces con Dave Grohl - OidosSucios.Com\",\"isPartOf\":{\"@id\":\"https:\/\/www.oidossucios.com\/site\/#website\"},\"primaryImageOfPage\":{\"@id\":\"https:\/\/www.oidossucios.com\/site\/courtney-love-dijo-que-ya-es-tiempo-de-hacer-las-paces-con-dave-grohl\/#primaryimage\"},\"datePublished\":\"2014-06-19T22:36:00+00:00\",\"dateModified\":\"2014-06-19T22:36:00+00:00\",\"author\":{\"@id\":\"https:\/\/www.oidossucios.com\/site\/#\/schema\/person\/24559eeb76bf83a63296fb072393a688\"},\"description\":\"\\\"Es tiempo de hacer las paces\\\", coment\\u00f3 Love, despu\\u00e9s de que pusieran una foto de Grohl en la pantalla durante la pl\\u00e1tica.\",\"inLanguage\":\"es\",\"potentialAction\":[{\"@type\":\"ReadAction\",\"target\":[\"https:\/\/www.oidossucios.com\/site\/courtney-love-dijo-que-ya-es-tiempo-de-hacer-las-paces-con-dave-grohl\/\"]}]},{\"@type\":[\"Person\"],\"@id\":\"https:\/\/www.oidossucios.com\/site\/#\/schema\/person\/24559eeb76bf83a63296fb072393a688\",\"name\":\"Oidossucios\",\"image\":{\"@type\":\"ImageObject\",\"@id\":\"https:\/\/www.oidossucios.com\/site\/#personlogo\",\"inLanguage\":\"es\",\"url\":\"https:\/\/secure.gravatar.com\/avatar\/74fcb480f42f1a33e50a0b6e6369a3f907be2e43dc84fa5f76c66e9c22b4a5ab?s=96&d=mm&r=g\",\"caption\":\"Oidossucios\"},\"sameAs\":[\"https:\/\/twitter.com\/oidossucios\"]}]}<\/script>\n<!-- \/ Yoast SEO plugin. -->","jetpack_sharing_enabled":true,"_links":{"self":[{"href":"https:\/\/www.oidossucios.com\/site\/wp-json\/wp\/v2\/posts\/8726","targetHints":{"allow":["GET"]}}],"collection":[{"href":"https:\/\/www.oidossucios.com\/site\/wp-json\/wp\/v2\/posts"}],"about":[{"href":"https:\/\/www.oidossucios.com\/site\/wp-json\/wp\/v2\/types\/post"}],"author":[{"embeddable":true,"href":"https:\/\/www.oidossucios.com\/site\/wp-json\/wp\/v2\/users\/4"}],"replies":[{"embeddable":true,"href":"https:\/\/www.oidossucios.com\/site\/wp-json\/wp\/v2\/comments?post=8726"}],"version-history":[{"count":0,"href":"https:\/\/www.oidossucios.com\/site\/wp-json\/wp\/v2\/posts\/8726\/revisions"}],"wp:featuredmedia":[{"embeddable":true,"href":"https:\/\/www.oidossucios.com\/site\/wp-json\/wp\/v2\/media\/100008726"}],"wp:attachment":[{"href":"https:\/\/www.oidossucios.com\/site\/wp-json\/wp\/v2\/media?parent=8726"}],"wp:term":[{"taxonomy":"category","embeddable":true,"href":"https:\/\/www.oidossucios.com\/site\/wp-json\/wp\/v2\/categories?post=8726"},{"taxonomy":"post_tag","embeddable":true,"href":"https:\/\/www.oidossucios.com\/site\/wp-json\/wp\/v2\/tags?post=8726"}],"curies":[{"name":"wp","href":"https:\/\/api.w.org\/{rel}","templated":true}]}}