{"id":873,"date":"2003-11-12T02:26:00","date_gmt":"2003-11-12T02:26:00","guid":{"rendered":"https:\/\/www.oidossucios.com\/site\/2003\/11\/12\/mas-elementos-para-el-caso-black-bombay-vs-alberto-cabello\/"},"modified":"2003-11-12T02:26:00","modified_gmt":"2003-11-12T02:26:00","slug":"mas-elementos-para-el-caso-black-bombay-vs-alberto-cabello","status":"publish","type":"post","link":"https:\/\/www.oidossucios.com\/site\/mas-elementos-para-el-caso-black-bombay-vs-alberto-cabello\/","title":{"rendered":"M\u00e1s elementos para el caso Black Bombay vs. Alberto Cabello"},"content":{"rendered":"<p>Black Bombay Records, la disquera de Trece y B\u00e9lica, ha enviado un nuevo comunicado haciendo correcciones sobre los puntos del litigo que mantiene contra ellos Alberto Cabello, el cual se destapo la semana pasada.<\/p>\n<p>Mara Montauti, presidenta de la disquera, aclaro que Cabello, antiguo representante de ambos artistas, no ha registrado sus temas ante SACVEN, como informaron hace unos d\u00edas, sino que &#8216;alega ser el productor ejecutivo de ambas producciones y por esta raz\u00f3n, se ha dedicado a impedir y sabotear los lanzamientos y la reproducci\u00f3n de dichas producciones.&#8217;<\/p>\n<p>Montauti agrega adem\u00e1s, que abogados de Alberto Cabello se han presentado en los shows y residencias de los dos artistas &#8216;en actos intimidatorios que buscan manipular de alguna forma su decisi\u00f3n de terminar cualquier relaci\u00f3n profesional de palabra que exist\u00eda con el se\u00f1or Cabello.&#8217;<\/p>\n<p>En una acci\u00f3n sin precedentes en la historia del rock nacional, poderosos bufetes de abogados de parte y parte se han colocado a trabajar para una r\u00e1pida y beneficiosa soluci\u00f3n del conflicto.<\/p>\n","protected":false},"excerpt":{"rendered":"<p>Black Bombay Records, la disquera de Trece y B\u00e9lica, env\u00edo un nuevo comunicado haciendo correcciones sobre puntos del litigio que mantiene Alberto Cabello en contra de ellos.<\/p>\n","protected":false},"author":4,"featured_media":10000869,"comment_status":"open","ping_status":"open","sticky":false,"template":"","format":"standard","meta":{"_jetpack_memberships_contains_paid_content":false,"footnotes":""},"categories":[250],"tags":[236],"class_list":["post-873","post","type-post","status-publish","format-standard","has-post-thumbnail","hentry","category-noticias","tag-trece"],"jetpack_featured_media_url":"https:\/\/www.oidossucios.com\/site\/wp-content\/uploads\/2003\/11\/869.jpg","yoast_head":"<!-- This site is optimized with the Yoast SEO plugin v14.0.4 - https:\/\/yoast.com\/wordpress\/plugins\/seo\/ -->\n<title>M\u00e1s elementos para el caso Black Bombay vs. Alberto Cabello - OidosSucios.Com<\/title>\n<meta name=\"description\" content=\"La banda caraque\u00f1a estar\u00e1 durante el mes de noviembre en la ciudad norteamericana compartiendo tarima con Charly Garc\u00eda, Miguel Mateos y Bersuit Vergarabat, entre otros.\" \/>\n<meta name=\"robots\" content=\"index, follow\" \/>\n<meta name=\"googlebot\" content=\"index, follow, max-snippet:-1, max-image-preview:large, max-video-preview:-1\" \/>\n<meta name=\"bingbot\" content=\"index, follow, max-snippet:-1, max-image-preview:large, max-video-preview:-1\" \/>\n<link rel=\"canonical\" href=\"https:\/\/www.oidossucios.com\/site\/mas-elementos-para-el-caso-black-bombay-vs-alberto-cabello\/\" \/>\n<meta property=\"og:locale\" content=\"es_ES\" \/>\n<meta property=\"og:type\" content=\"article\" \/>\n<meta property=\"og:title\" content=\"M\u00e1s elementos para el caso Black Bombay vs. Alberto Cabello - OidosSucios.Com\" \/>\n<meta property=\"og:description\" content=\"La banda caraque\u00f1a estar\u00e1 durante el mes de noviembre en la ciudad norteamericana compartiendo tarima con Charly Garc\u00eda, Miguel Mateos y Bersuit Vergarabat, entre otros.\" \/>\n<meta property=\"og:url\" content=\"https:\/\/www.oidossucios.com\/site\/mas-elementos-para-el-caso-black-bombay-vs-alberto-cabello\/\" \/>\n<meta property=\"og:site_name\" content=\"OidosSucios.Com\" \/>\n<meta property=\"article:published_time\" content=\"2003-11-12T02:26:00+00:00\" \/>\n<meta property=\"og:image\" content=\"https:\/\/www.oidossucios.com\/site\/wp-content\/uploads\/2003\/11\/869.jpg\" \/>\n\t<meta property=\"og:image:width\" content=\"290\" \/>\n\t<meta property=\"og:image:height\" content=\"100\" \/>\n<meta name=\"twitter:card\" content=\"summary_large_image\" \/>\n<meta name=\"twitter:creator\" content=\"@oidossucios\" \/>\n<script type=\"application\/ld+json\" class=\"yoast-schema-graph\">{\"@context\":\"https:\/\/schema.org\",\"@graph\":[{\"@type\":\"WebSite\",\"@id\":\"https:\/\/www.oidossucios.com\/site\/#website\",\"url\":\"https:\/\/www.oidossucios.com\/site\/\",\"name\":\"OidosSucios.Com\",\"description\":\"M\\u00fasica, conciertos, discos\",\"potentialAction\":[{\"@type\":\"SearchAction\",\"target\":\"https:\/\/www.oidossucios.com\/site\/?s={search_term_string}\",\"query-input\":\"required name=search_term_string\"}],\"inLanguage\":\"es\"},{\"@type\":\"ImageObject\",\"@id\":\"https:\/\/www.oidossucios.com\/site\/mas-elementos-para-el-caso-black-bombay-vs-alberto-cabello\/#primaryimage\",\"inLanguage\":\"es\",\"url\":\"https:\/\/www.oidossucios.com\/site\/wp-content\/uploads\/2003\/11\/869.jpg\",\"width\":290,\"height\":100},{\"@type\":\"WebPage\",\"@id\":\"https:\/\/www.oidossucios.com\/site\/mas-elementos-para-el-caso-black-bombay-vs-alberto-cabello\/#webpage\",\"url\":\"https:\/\/www.oidossucios.com\/site\/mas-elementos-para-el-caso-black-bombay-vs-alberto-cabello\/\",\"name\":\"M\\u00e1s elementos para el caso Black Bombay vs. Alberto Cabello - OidosSucios.Com\",\"isPartOf\":{\"@id\":\"https:\/\/www.oidossucios.com\/site\/#website\"},\"primaryImageOfPage\":{\"@id\":\"https:\/\/www.oidossucios.com\/site\/mas-elementos-para-el-caso-black-bombay-vs-alberto-cabello\/#primaryimage\"},\"datePublished\":\"2003-11-12T02:26:00+00:00\",\"dateModified\":\"2003-11-12T02:26:00+00:00\",\"author\":{\"@id\":\"https:\/\/www.oidossucios.com\/site\/#\/schema\/person\/24559eeb76bf83a63296fb072393a688\"},\"description\":\"La banda caraque\\u00f1a estar\\u00e1 durante el mes de noviembre en la ciudad norteamericana compartiendo tarima con Charly Garc\\u00eda, Miguel Mateos y Bersuit Vergarabat, entre otros.\",\"inLanguage\":\"es\",\"potentialAction\":[{\"@type\":\"ReadAction\",\"target\":[\"https:\/\/www.oidossucios.com\/site\/mas-elementos-para-el-caso-black-bombay-vs-alberto-cabello\/\"]}]},{\"@type\":[\"Person\"],\"@id\":\"https:\/\/www.oidossucios.com\/site\/#\/schema\/person\/24559eeb76bf83a63296fb072393a688\",\"name\":\"Oidossucios\",\"image\":{\"@type\":\"ImageObject\",\"@id\":\"https:\/\/www.oidossucios.com\/site\/#personlogo\",\"inLanguage\":\"es\",\"url\":\"https:\/\/secure.gravatar.com\/avatar\/74fcb480f42f1a33e50a0b6e6369a3f907be2e43dc84fa5f76c66e9c22b4a5ab?s=96&d=mm&r=g\",\"caption\":\"Oidossucios\"},\"sameAs\":[\"https:\/\/twitter.com\/oidossucios\"]}]}<\/script>\n<!-- \/ Yoast SEO plugin. -->","jetpack_sharing_enabled":true,"_links":{"self":[{"href":"https:\/\/www.oidossucios.com\/site\/wp-json\/wp\/v2\/posts\/873","targetHints":{"allow":["GET"]}}],"collection":[{"href":"https:\/\/www.oidossucios.com\/site\/wp-json\/wp\/v2\/posts"}],"about":[{"href":"https:\/\/www.oidossucios.com\/site\/wp-json\/wp\/v2\/types\/post"}],"author":[{"embeddable":true,"href":"https:\/\/www.oidossucios.com\/site\/wp-json\/wp\/v2\/users\/4"}],"replies":[{"embeddable":true,"href":"https:\/\/www.oidossucios.com\/site\/wp-json\/wp\/v2\/comments?post=873"}],"version-history":[{"count":0,"href":"https:\/\/www.oidossucios.com\/site\/wp-json\/wp\/v2\/posts\/873\/revisions"}],"wp:featuredmedia":[{"embeddable":true,"href":"https:\/\/www.oidossucios.com\/site\/wp-json\/wp\/v2\/media\/10000869"}],"wp:attachment":[{"href":"https:\/\/www.oidossucios.com\/site\/wp-json\/wp\/v2\/media?parent=873"}],"wp:term":[{"taxonomy":"category","embeddable":true,"href":"https:\/\/www.oidossucios.com\/site\/wp-json\/wp\/v2\/categories?post=873"},{"taxonomy":"post_tag","embeddable":true,"href":"https:\/\/www.oidossucios.com\/site\/wp-json\/wp\/v2\/tags?post=873"}],"curies":[{"name":"wp","href":"https:\/\/api.w.org\/{rel}","templated":true}]}}