{"id":8736,"date":"2014-06-30T23:04:00","date_gmt":"2014-06-30T23:04:00","guid":{"rendered":"https:\/\/www.oidossucios.com\/site\/2014\/06\/30\/proximos-conciertos-de-la-mau-son-pospuestos\/"},"modified":"2014-06-30T23:04:00","modified_gmt":"2014-06-30T23:04:00","slug":"proximos-conciertos-de-la-mau-son-pospuestos","status":"publish","type":"post","link":"https:\/\/www.oidossucios.com\/site\/proximos-conciertos-de-la-mau-son-pospuestos\/","title":{"rendered":"Pr\u00f3ximos conciertos de la MAU  son pospuestos"},"content":{"rendered":"\n<div align=\"justify\">La Movida Ac\u00fastica Urbana (MAU) public\u00f3 recientemente un <a target=\"_blank\" title=\"Comunicado oficial de la MAU\" href=\"https:\/\/twitter.com\/MovidaAcUrbana\/status\/483662915967660032\/photo\/1\" rel=\"noopener noreferrer\">comunicado oficial<\/a> que expresa que algunos conciertos de la gira nacional de Rock &amp; MAU llamada &#8220;La m\u00fasica es de todos&#8221; han sido pospuestos. Las presentaciones que iban a realizarse pr\u00f3ximamente en Maracaibo, Barquisimeto, Valencia y Caracas ser\u00e1n reprogramados y se estima que las nuevas fechas ser\u00e1n para octubre de este a\u00f1o.<\/p>\n<p>De acuerdo con este comunicado, &#8220;a pocos d\u00edas de los conciertos en estas ciudades, no contamos con el m\u00ednimo de entradas vendidas que permitan cubrir los altos costos&#8221;. Esta gira nacional incluye la participaci\u00f3n de varios de los artistas m\u00e1s populares del momento, junto a la Movida Ac\u00fastica Urbana:<\/p>\n<ul>\n<li>Horacio Blanco, vocalista de Desorden P\u00fablico<\/li>\n<li>Caramelos de Cianuro<\/li>\n<li>Malanga<\/li>\n<li>Servando Primera<\/li>\n<li>VINILOVERSUS<\/li>\n<li>Tomates Fritos<\/li>\n<li>Rawayana<\/li>\n<li>Apache &amp; Cotur MC<\/li>\n<\/ul>\n<p>Por ahora, queda esperar a la reprogramaci\u00f3n de estos conciertos. Las entradas ya adquiridas seguir\u00e1n siendo v\u00e1lidas y un reembolso \u00edntegro del dinero invertido se encuentra disponible para los que deseen optar por esta opci\u00f3n.  <\/div>\n<p> <iframe loading=\"lazy\" width=\"600\" height=\"400\" frameborder=\"0\" allowfullscreen=\"\" src=\"http:\/\/www.youtube.com\/embed\/OCGE3eSZv1Q?feature=player_detailpage\"><\/iframe><\/p>\n","protected":false},"excerpt":{"rendered":"<p>Los conciertos de la gira nacional &quot;La m\u00fasica es de todos&quot; que se dar\u00edan en Caracas, Maracaibo, Barquisimeto y Valencia son popuestos<\/p>\n","protected":false},"author":4,"featured_media":100008736,"comment_status":"open","ping_status":"open","sticky":false,"template":"","format":"standard","meta":{"_jetpack_memberships_contains_paid_content":false,"footnotes":""},"categories":[250],"tags":[],"class_list":["post-8736","post","type-post","status-publish","format-standard","has-post-thumbnail","hentry","category-noticias"],"jetpack_featured_media_url":"https:\/\/www.oidossucios.com\/site\/wp-content\/uploads\/2014\/06\/8736.jpg","yoast_head":"<!-- This site is optimized with the Yoast SEO plugin v14.0.4 - https:\/\/yoast.com\/wordpress\/plugins\/seo\/ -->\n<title>Pr\u00f3ximos conciertos de la MAU son pospuestos - OidosSucios.Com<\/title>\n<meta name=\"description\" content=\"Los conciertos de la gira nacional &quot;La m\u00fasica es de todos&quot; que se dar\u00edan en Caracas, Maracaibo, Barquisimeto y Valencia son popuestos\" \/>\n<meta name=\"robots\" content=\"index, follow\" \/>\n<meta name=\"googlebot\" content=\"index, follow, max-snippet:-1, max-image-preview:large, max-video-preview:-1\" \/>\n<meta name=\"bingbot\" content=\"index, follow, max-snippet:-1, max-image-preview:large, max-video-preview:-1\" \/>\n<link rel=\"canonical\" href=\"https:\/\/www.oidossucios.com\/site\/proximos-conciertos-de-la-mau-son-pospuestos\/\" \/>\n<meta property=\"og:locale\" content=\"es_ES\" \/>\n<meta property=\"og:type\" content=\"article\" \/>\n<meta property=\"og:title\" content=\"Pr\u00f3ximos conciertos de la MAU son pospuestos - OidosSucios.Com\" \/>\n<meta property=\"og:description\" content=\"Los conciertos de la gira nacional &quot;La m\u00fasica es de todos&quot; que se dar\u00edan en Caracas, Maracaibo, Barquisimeto y Valencia son popuestos\" \/>\n<meta property=\"og:url\" content=\"https:\/\/www.oidossucios.com\/site\/proximos-conciertos-de-la-mau-son-pospuestos\/\" \/>\n<meta property=\"og:site_name\" content=\"OidosSucios.Com\" \/>\n<meta property=\"article:published_time\" content=\"2014-06-30T23:04:00+00:00\" \/>\n<meta property=\"og:image\" content=\"https:\/\/www.oidossucios.com\/site\/wp-content\/uploads\/2014\/06\/8736.jpg\" \/>\n\t<meta property=\"og:image:width\" content=\"350\" \/>\n\t<meta property=\"og:image:height\" content=\"300\" \/>\n<meta name=\"twitter:card\" content=\"summary_large_image\" \/>\n<meta name=\"twitter:creator\" content=\"@oidossucios\" \/>\n<script type=\"application\/ld+json\" class=\"yoast-schema-graph\">{\"@context\":\"https:\/\/schema.org\",\"@graph\":[{\"@type\":\"WebSite\",\"@id\":\"https:\/\/www.oidossucios.com\/site\/#website\",\"url\":\"https:\/\/www.oidossucios.com\/site\/\",\"name\":\"OidosSucios.Com\",\"description\":\"M\\u00fasica, conciertos, discos\",\"potentialAction\":[{\"@type\":\"SearchAction\",\"target\":\"https:\/\/www.oidossucios.com\/site\/?s={search_term_string}\",\"query-input\":\"required name=search_term_string\"}],\"inLanguage\":\"es\"},{\"@type\":\"ImageObject\",\"@id\":\"https:\/\/www.oidossucios.com\/site\/proximos-conciertos-de-la-mau-son-pospuestos\/#primaryimage\",\"inLanguage\":\"es\",\"url\":\"https:\/\/www.oidossucios.com\/site\/wp-content\/uploads\/2014\/06\/8736.jpg\",\"width\":350,\"height\":300},{\"@type\":\"WebPage\",\"@id\":\"https:\/\/www.oidossucios.com\/site\/proximos-conciertos-de-la-mau-son-pospuestos\/#webpage\",\"url\":\"https:\/\/www.oidossucios.com\/site\/proximos-conciertos-de-la-mau-son-pospuestos\/\",\"name\":\"Pr\\u00f3ximos conciertos de la MAU son pospuestos - OidosSucios.Com\",\"isPartOf\":{\"@id\":\"https:\/\/www.oidossucios.com\/site\/#website\"},\"primaryImageOfPage\":{\"@id\":\"https:\/\/www.oidossucios.com\/site\/proximos-conciertos-de-la-mau-son-pospuestos\/#primaryimage\"},\"datePublished\":\"2014-06-30T23:04:00+00:00\",\"dateModified\":\"2014-06-30T23:04:00+00:00\",\"author\":{\"@id\":\"https:\/\/www.oidossucios.com\/site\/#\/schema\/person\/24559eeb76bf83a63296fb072393a688\"},\"description\":\"Los conciertos de la gira nacional &quot;La m\\u00fasica es de todos&quot; que se dar\\u00edan en Caracas, Maracaibo, Barquisimeto y Valencia son popuestos\",\"inLanguage\":\"es\",\"potentialAction\":[{\"@type\":\"ReadAction\",\"target\":[\"https:\/\/www.oidossucios.com\/site\/proximos-conciertos-de-la-mau-son-pospuestos\/\"]}]},{\"@type\":[\"Person\"],\"@id\":\"https:\/\/www.oidossucios.com\/site\/#\/schema\/person\/24559eeb76bf83a63296fb072393a688\",\"name\":\"Oidossucios\",\"image\":{\"@type\":\"ImageObject\",\"@id\":\"https:\/\/www.oidossucios.com\/site\/#personlogo\",\"inLanguage\":\"es\",\"url\":\"https:\/\/secure.gravatar.com\/avatar\/74fcb480f42f1a33e50a0b6e6369a3f907be2e43dc84fa5f76c66e9c22b4a5ab?s=96&d=mm&r=g\",\"caption\":\"Oidossucios\"},\"sameAs\":[\"https:\/\/twitter.com\/oidossucios\"]}]}<\/script>\n<!-- \/ Yoast SEO plugin. -->","jetpack_sharing_enabled":true,"_links":{"self":[{"href":"https:\/\/www.oidossucios.com\/site\/wp-json\/wp\/v2\/posts\/8736","targetHints":{"allow":["GET"]}}],"collection":[{"href":"https:\/\/www.oidossucios.com\/site\/wp-json\/wp\/v2\/posts"}],"about":[{"href":"https:\/\/www.oidossucios.com\/site\/wp-json\/wp\/v2\/types\/post"}],"author":[{"embeddable":true,"href":"https:\/\/www.oidossucios.com\/site\/wp-json\/wp\/v2\/users\/4"}],"replies":[{"embeddable":true,"href":"https:\/\/www.oidossucios.com\/site\/wp-json\/wp\/v2\/comments?post=8736"}],"version-history":[{"count":0,"href":"https:\/\/www.oidossucios.com\/site\/wp-json\/wp\/v2\/posts\/8736\/revisions"}],"wp:featuredmedia":[{"embeddable":true,"href":"https:\/\/www.oidossucios.com\/site\/wp-json\/wp\/v2\/media\/100008736"}],"wp:attachment":[{"href":"https:\/\/www.oidossucios.com\/site\/wp-json\/wp\/v2\/media?parent=8736"}],"wp:term":[{"taxonomy":"category","embeddable":true,"href":"https:\/\/www.oidossucios.com\/site\/wp-json\/wp\/v2\/categories?post=8736"},{"taxonomy":"post_tag","embeddable":true,"href":"https:\/\/www.oidossucios.com\/site\/wp-json\/wp\/v2\/tags?post=8736"}],"curies":[{"name":"wp","href":"https:\/\/api.w.org\/{rel}","templated":true}]}}