{"id":874,"date":"2003-11-14T04:22:00","date_gmt":"2003-11-14T04:22:00","guid":{"rendered":"https:\/\/www.oidossucios.com\/site\/2003\/11\/14\/agresion-confirma-su-gira-venezolana\/"},"modified":"2003-11-14T04:22:00","modified_gmt":"2003-11-14T04:22:00","slug":"agresion-confirma-su-gira-venezolana","status":"publish","type":"post","link":"https:\/\/www.oidossucios.com\/site\/agresion-confirma-su-gira-venezolana\/","title":{"rendered":"Agresi\u00f3n confirma su gira venezolana"},"content":{"rendered":"<p>La banda maracayera radicada en Holanda, Agresi\u00f3n, visitar\u00e1 por segunda vez Venezuela despu\u00e9s de haberse instalado en Europa hace varios a\u00f1os. La agrupaci\u00f3n se encuentra actualmente realizando la pre-producci\u00f3n de su pr\u00f3ximo trabajo discogr\u00e1fico.<\/p>\n<p>Agresi\u00f3n estar\u00e1 visitando nuestro pa\u00eds durante este mes, realizando la promoci\u00f3n de su m\u00e1s reciente \u00e1lbum, Cultura 3. Las primeras dos fechas confirmadas son el 28 de noviembre en el Club Portugu\u00e9s de Maracay, junto a Amigos Invisibles, Vagos y Maleantes, P\u00edxel y Trece y el 11 de diciembre en El Arroyito en Caracas, junto a Liq\u00fcet y Cronos.<\/p>\n<p>Agresi\u00f3n negocia en la actualidad m\u00e1s presentaciones en nuestro pa\u00eds, estando casi totalmente confirmadas otra fecha en Caracas y una en Matur\u00edn.<\/p>\n","protected":false},"excerpt":{"rendered":"<p>La banda maracayera radicada en Holanda visitar\u00e1 nuestro pa\u00eds durante este mes.<\/p>\n","protected":false},"author":4,"featured_media":10000870,"comment_status":"open","ping_status":"open","sticky":false,"template":"","format":"standard","meta":{"_jetpack_memberships_contains_paid_content":false,"footnotes":""},"categories":[250],"tags":[314],"class_list":["post-874","post","type-post","status-publish","format-standard","has-post-thumbnail","hentry","category-noticias","tag-agresion"],"jetpack_featured_media_url":"https:\/\/www.oidossucios.com\/site\/wp-content\/uploads\/2003\/11\/870.jpg","yoast_head":"<!-- This site is optimized with the Yoast SEO plugin v14.0.4 - https:\/\/yoast.com\/wordpress\/plugins\/seo\/ -->\n<title>Agresi\u00f3n confirma su gira venezolana - OidosSucios.Com<\/title>\n<meta name=\"description\" content=\"La agrupaci\u00f3n caraque\u00f1a prepara la salida de su segunda producci\u00f3n discogr\u00e1fica con el lanzamiento en v\u00eddeo de Maloa, primer single promocional.\" \/>\n<meta name=\"robots\" content=\"index, follow\" \/>\n<meta name=\"googlebot\" content=\"index, follow, max-snippet:-1, max-image-preview:large, max-video-preview:-1\" \/>\n<meta name=\"bingbot\" content=\"index, follow, max-snippet:-1, max-image-preview:large, max-video-preview:-1\" \/>\n<link rel=\"canonical\" href=\"https:\/\/www.oidossucios.com\/site\/agresion-confirma-su-gira-venezolana\/\" \/>\n<meta property=\"og:locale\" content=\"es_ES\" \/>\n<meta property=\"og:type\" content=\"article\" \/>\n<meta property=\"og:title\" content=\"Agresi\u00f3n confirma su gira venezolana - OidosSucios.Com\" \/>\n<meta property=\"og:description\" content=\"La agrupaci\u00f3n caraque\u00f1a prepara la salida de su segunda producci\u00f3n discogr\u00e1fica con el lanzamiento en v\u00eddeo de Maloa, primer single promocional.\" \/>\n<meta property=\"og:url\" content=\"https:\/\/www.oidossucios.com\/site\/agresion-confirma-su-gira-venezolana\/\" \/>\n<meta property=\"og:site_name\" content=\"OidosSucios.Com\" \/>\n<meta property=\"article:published_time\" content=\"2003-11-14T04:22:00+00:00\" \/>\n<meta property=\"og:image\" content=\"https:\/\/www.oidossucios.com\/site\/wp-content\/uploads\/2003\/11\/870.jpg\" \/>\n\t<meta property=\"og:image:width\" content=\"290\" \/>\n\t<meta property=\"og:image:height\" content=\"100\" \/>\n<meta name=\"twitter:card\" content=\"summary_large_image\" \/>\n<meta name=\"twitter:creator\" content=\"@oidossucios\" \/>\n<script type=\"application\/ld+json\" class=\"yoast-schema-graph\">{\"@context\":\"https:\/\/schema.org\",\"@graph\":[{\"@type\":\"WebSite\",\"@id\":\"https:\/\/www.oidossucios.com\/site\/#website\",\"url\":\"https:\/\/www.oidossucios.com\/site\/\",\"name\":\"OidosSucios.Com\",\"description\":\"M\\u00fasica, conciertos, discos\",\"potentialAction\":[{\"@type\":\"SearchAction\",\"target\":\"https:\/\/www.oidossucios.com\/site\/?s={search_term_string}\",\"query-input\":\"required name=search_term_string\"}],\"inLanguage\":\"es\"},{\"@type\":\"ImageObject\",\"@id\":\"https:\/\/www.oidossucios.com\/site\/agresion-confirma-su-gira-venezolana\/#primaryimage\",\"inLanguage\":\"es\",\"url\":\"https:\/\/www.oidossucios.com\/site\/wp-content\/uploads\/2003\/11\/870.jpg\",\"width\":290,\"height\":100},{\"@type\":\"WebPage\",\"@id\":\"https:\/\/www.oidossucios.com\/site\/agresion-confirma-su-gira-venezolana\/#webpage\",\"url\":\"https:\/\/www.oidossucios.com\/site\/agresion-confirma-su-gira-venezolana\/\",\"name\":\"Agresi\\u00f3n confirma su gira venezolana - OidosSucios.Com\",\"isPartOf\":{\"@id\":\"https:\/\/www.oidossucios.com\/site\/#website\"},\"primaryImageOfPage\":{\"@id\":\"https:\/\/www.oidossucios.com\/site\/agresion-confirma-su-gira-venezolana\/#primaryimage\"},\"datePublished\":\"2003-11-14T04:22:00+00:00\",\"dateModified\":\"2003-11-14T04:22:00+00:00\",\"author\":{\"@id\":\"https:\/\/www.oidossucios.com\/site\/#\/schema\/person\/24559eeb76bf83a63296fb072393a688\"},\"description\":\"La agrupaci\\u00f3n caraque\\u00f1a prepara la salida de su segunda producci\\u00f3n discogr\\u00e1fica con el lanzamiento en v\\u00eddeo de Maloa, primer single promocional.\",\"inLanguage\":\"es\",\"potentialAction\":[{\"@type\":\"ReadAction\",\"target\":[\"https:\/\/www.oidossucios.com\/site\/agresion-confirma-su-gira-venezolana\/\"]}]},{\"@type\":[\"Person\"],\"@id\":\"https:\/\/www.oidossucios.com\/site\/#\/schema\/person\/24559eeb76bf83a63296fb072393a688\",\"name\":\"Oidossucios\",\"image\":{\"@type\":\"ImageObject\",\"@id\":\"https:\/\/www.oidossucios.com\/site\/#personlogo\",\"inLanguage\":\"es\",\"url\":\"https:\/\/secure.gravatar.com\/avatar\/74fcb480f42f1a33e50a0b6e6369a3f907be2e43dc84fa5f76c66e9c22b4a5ab?s=96&d=mm&r=g\",\"caption\":\"Oidossucios\"},\"sameAs\":[\"https:\/\/twitter.com\/oidossucios\"]}]}<\/script>\n<!-- \/ Yoast SEO plugin. -->","jetpack_sharing_enabled":true,"_links":{"self":[{"href":"https:\/\/www.oidossucios.com\/site\/wp-json\/wp\/v2\/posts\/874","targetHints":{"allow":["GET"]}}],"collection":[{"href":"https:\/\/www.oidossucios.com\/site\/wp-json\/wp\/v2\/posts"}],"about":[{"href":"https:\/\/www.oidossucios.com\/site\/wp-json\/wp\/v2\/types\/post"}],"author":[{"embeddable":true,"href":"https:\/\/www.oidossucios.com\/site\/wp-json\/wp\/v2\/users\/4"}],"replies":[{"embeddable":true,"href":"https:\/\/www.oidossucios.com\/site\/wp-json\/wp\/v2\/comments?post=874"}],"version-history":[{"count":0,"href":"https:\/\/www.oidossucios.com\/site\/wp-json\/wp\/v2\/posts\/874\/revisions"}],"wp:featuredmedia":[{"embeddable":true,"href":"https:\/\/www.oidossucios.com\/site\/wp-json\/wp\/v2\/media\/10000870"}],"wp:attachment":[{"href":"https:\/\/www.oidossucios.com\/site\/wp-json\/wp\/v2\/media?parent=874"}],"wp:term":[{"taxonomy":"category","embeddable":true,"href":"https:\/\/www.oidossucios.com\/site\/wp-json\/wp\/v2\/categories?post=874"},{"taxonomy":"post_tag","embeddable":true,"href":"https:\/\/www.oidossucios.com\/site\/wp-json\/wp\/v2\/tags?post=874"}],"curies":[{"name":"wp","href":"https:\/\/api.w.org\/{rel}","templated":true}]}}