{"id":8789,"date":"2014-07-22T04:28:00","date_gmt":"2014-07-22T04:28:00","guid":{"rendered":"https:\/\/www.oidossucios.com\/site\/2014\/07\/22\/rafael-rico-regresa-al-estudio-para-grabar-nuevo-disco\/"},"modified":"2014-07-22T04:28:00","modified_gmt":"2014-07-22T04:28:00","slug":"rafael-rico-regresa-al-estudio-para-grabar-nuevo-disco","status":"publish","type":"post","link":"https:\/\/www.oidossucios.com\/site\/rafael-rico-regresa-al-estudio-para-grabar-nuevo-disco\/","title":{"rendered":"Rafael Rico regresa al estudio para grabar nuevo disco"},"content":{"rendered":"<p style=\"text-align: justify;\">El cantautor venezolano, Rafael Rico, regresa este a&ntilde;o con un nuevo disco que ser&aacute; grabado en Altos Studios de la ciudad de Puerto La Cruz. El mismo ser&aacute; producido por el reconocido m&uacute;sico Reynaldo Goitia a.k.a Boston Rex y Max Mart&iacute;nez.<\/p>\n<p>El &aacute;lbum, a&uacute;n sin nombre ni fecha de publicaci&oacute;n, tendr&aacute; temas que van desde el rock, el country y el folk. Se conoce tambi&eacute;n que el disco tendr&aacute; canciones tanto en ingl&eacute;s como en espa&ntilde;ol.<\/p>\n<p>Rafael Rico comenta que, a diferencia de su EP anterior &ldquo;Dhamma&rdquo;, este nuevo disco toca temas m&aacute;s personales, que van desde el amor, su d&iacute;a a d&iacute;a y la situaci&oacute;n actual que vivimos a diario en el pa&iacute;s.<\/p>\n<p>Como dato interesante, se espera que este a&ntilde;o se publique un documental grabado en los estudios de Sonofolk, en el que se podr&aacute; ver al artista interpretando varios temas en vivo junto a su banda y declaraciones de la carrera del m&uacute;sico.<\/p>\n<p>Para saber m&aacute;s de Rafael Rico y los detalles del proceso de grabaci&oacute;n de su nuevo disco, pueden seguirlo en sus redes sociales:<\/p>\n<p>Twitter: @RafaelRicoD<\/p>\n<p>Instagram: rafaelricod<\/p>\n<p>Bandcamp<\/p>\n<p>Facebook (Fan page)<\/p>\n<p>Soundcloud<\/p>\n<p>Youtube (Channel)<\/p>\n<p>Fuente: Nota de Prensa<\/p>\n","protected":false},"excerpt":{"rendered":"<p>El \u00e1lbum, a\u00fan sin nombre ni fecha de publicaci\u00f3n, tendr\u00e1 temas que van desde el rock, el country y el folk. Se conoce tambi\u00e9n que el disco tendr\u00e1 canciones tanto en ingl\u00e9s como en espa\u00f1ol.<\/p>\n","protected":false},"author":4,"featured_media":100008789,"comment_status":"open","ping_status":"open","sticky":false,"template":"","format":"standard","meta":{"_jetpack_memberships_contains_paid_content":false,"footnotes":""},"categories":[142],"tags":[],"class_list":["post-8789","post","type-post","status-publish","format-standard","has-post-thumbnail","hentry","category-buzznews"],"jetpack_featured_media_url":"https:\/\/www.oidossucios.com\/site\/wp-content\/uploads\/2014\/07\/8789.jpg","yoast_head":"<!-- This site is optimized with the Yoast SEO plugin v14.0.4 - https:\/\/yoast.com\/wordpress\/plugins\/seo\/ -->\n<title>Rafael Rico regresa al estudio para grabar nuevo disco - OidosSucios.Com<\/title>\n<meta name=\"description\" content=\"El \u00e1lbum, a\u00fan sin nombre ni fecha de publicaci\u00f3n, tendr\u00e1 temas que van desde el rock, el country y el folk. Se conoce tambi\u00e9n que el disco tendr\u00e1 canciones tanto en ingl\u00e9s como en espa\u00f1ol.\" \/>\n<meta name=\"robots\" content=\"index, follow\" \/>\n<meta name=\"googlebot\" content=\"index, follow, max-snippet:-1, max-image-preview:large, max-video-preview:-1\" \/>\n<meta name=\"bingbot\" content=\"index, follow, max-snippet:-1, max-image-preview:large, max-video-preview:-1\" \/>\n<link rel=\"canonical\" href=\"https:\/\/www.oidossucios.com\/site\/rafael-rico-regresa-al-estudio-para-grabar-nuevo-disco\/\" \/>\n<meta property=\"og:locale\" content=\"es_ES\" \/>\n<meta property=\"og:type\" content=\"article\" \/>\n<meta property=\"og:title\" content=\"Rafael Rico regresa al estudio para grabar nuevo disco - OidosSucios.Com\" \/>\n<meta property=\"og:description\" content=\"El \u00e1lbum, a\u00fan sin nombre ni fecha de publicaci\u00f3n, tendr\u00e1 temas que van desde el rock, el country y el folk. Se conoce tambi\u00e9n que el disco tendr\u00e1 canciones tanto en ingl\u00e9s como en espa\u00f1ol.\" \/>\n<meta property=\"og:url\" content=\"https:\/\/www.oidossucios.com\/site\/rafael-rico-regresa-al-estudio-para-grabar-nuevo-disco\/\" \/>\n<meta property=\"og:site_name\" content=\"OidosSucios.Com\" \/>\n<meta property=\"article:published_time\" content=\"2014-07-22T04:28:00+00:00\" \/>\n<meta property=\"og:image\" content=\"https:\/\/www.oidossucios.com\/site\/wp-content\/uploads\/2014\/07\/8789.jpg\" \/>\n\t<meta property=\"og:image:width\" content=\"350\" \/>\n\t<meta property=\"og:image:height\" content=\"300\" \/>\n<meta name=\"twitter:card\" content=\"summary_large_image\" \/>\n<meta name=\"twitter:creator\" content=\"@oidossucios\" \/>\n<script type=\"application\/ld+json\" class=\"yoast-schema-graph\">{\"@context\":\"https:\/\/schema.org\",\"@graph\":[{\"@type\":\"WebSite\",\"@id\":\"https:\/\/www.oidossucios.com\/site\/#website\",\"url\":\"https:\/\/www.oidossucios.com\/site\/\",\"name\":\"OidosSucios.Com\",\"description\":\"M\\u00fasica, conciertos, discos\",\"potentialAction\":[{\"@type\":\"SearchAction\",\"target\":\"https:\/\/www.oidossucios.com\/site\/?s={search_term_string}\",\"query-input\":\"required name=search_term_string\"}],\"inLanguage\":\"es\"},{\"@type\":\"ImageObject\",\"@id\":\"https:\/\/www.oidossucios.com\/site\/rafael-rico-regresa-al-estudio-para-grabar-nuevo-disco\/#primaryimage\",\"inLanguage\":\"es\",\"url\":\"https:\/\/www.oidossucios.com\/site\/wp-content\/uploads\/2014\/07\/8789.jpg\",\"width\":350,\"height\":300},{\"@type\":\"WebPage\",\"@id\":\"https:\/\/www.oidossucios.com\/site\/rafael-rico-regresa-al-estudio-para-grabar-nuevo-disco\/#webpage\",\"url\":\"https:\/\/www.oidossucios.com\/site\/rafael-rico-regresa-al-estudio-para-grabar-nuevo-disco\/\",\"name\":\"Rafael Rico regresa al estudio para grabar nuevo disco - OidosSucios.Com\",\"isPartOf\":{\"@id\":\"https:\/\/www.oidossucios.com\/site\/#website\"},\"primaryImageOfPage\":{\"@id\":\"https:\/\/www.oidossucios.com\/site\/rafael-rico-regresa-al-estudio-para-grabar-nuevo-disco\/#primaryimage\"},\"datePublished\":\"2014-07-22T04:28:00+00:00\",\"dateModified\":\"2014-07-22T04:28:00+00:00\",\"author\":{\"@id\":\"https:\/\/www.oidossucios.com\/site\/#\/schema\/person\/24559eeb76bf83a63296fb072393a688\"},\"description\":\"El \\u00e1lbum, a\\u00fan sin nombre ni fecha de publicaci\\u00f3n, tendr\\u00e1 temas que van desde el rock, el country y el folk. Se conoce tambi\\u00e9n que el disco tendr\\u00e1 canciones tanto en ingl\\u00e9s como en espa\\u00f1ol.\",\"inLanguage\":\"es\",\"potentialAction\":[{\"@type\":\"ReadAction\",\"target\":[\"https:\/\/www.oidossucios.com\/site\/rafael-rico-regresa-al-estudio-para-grabar-nuevo-disco\/\"]}]},{\"@type\":[\"Person\"],\"@id\":\"https:\/\/www.oidossucios.com\/site\/#\/schema\/person\/24559eeb76bf83a63296fb072393a688\",\"name\":\"Oidossucios\",\"image\":{\"@type\":\"ImageObject\",\"@id\":\"https:\/\/www.oidossucios.com\/site\/#personlogo\",\"inLanguage\":\"es\",\"url\":\"https:\/\/secure.gravatar.com\/avatar\/74fcb480f42f1a33e50a0b6e6369a3f907be2e43dc84fa5f76c66e9c22b4a5ab?s=96&d=mm&r=g\",\"caption\":\"Oidossucios\"},\"sameAs\":[\"https:\/\/twitter.com\/oidossucios\"]}]}<\/script>\n<!-- \/ Yoast SEO plugin. -->","jetpack_sharing_enabled":true,"_links":{"self":[{"href":"https:\/\/www.oidossucios.com\/site\/wp-json\/wp\/v2\/posts\/8789","targetHints":{"allow":["GET"]}}],"collection":[{"href":"https:\/\/www.oidossucios.com\/site\/wp-json\/wp\/v2\/posts"}],"about":[{"href":"https:\/\/www.oidossucios.com\/site\/wp-json\/wp\/v2\/types\/post"}],"author":[{"embeddable":true,"href":"https:\/\/www.oidossucios.com\/site\/wp-json\/wp\/v2\/users\/4"}],"replies":[{"embeddable":true,"href":"https:\/\/www.oidossucios.com\/site\/wp-json\/wp\/v2\/comments?post=8789"}],"version-history":[{"count":0,"href":"https:\/\/www.oidossucios.com\/site\/wp-json\/wp\/v2\/posts\/8789\/revisions"}],"wp:featuredmedia":[{"embeddable":true,"href":"https:\/\/www.oidossucios.com\/site\/wp-json\/wp\/v2\/media\/100008789"}],"wp:attachment":[{"href":"https:\/\/www.oidossucios.com\/site\/wp-json\/wp\/v2\/media?parent=8789"}],"wp:term":[{"taxonomy":"category","embeddable":true,"href":"https:\/\/www.oidossucios.com\/site\/wp-json\/wp\/v2\/categories?post=8789"},{"taxonomy":"post_tag","embeddable":true,"href":"https:\/\/www.oidossucios.com\/site\/wp-json\/wp\/v2\/tags?post=8789"}],"curies":[{"name":"wp","href":"https:\/\/api.w.org\/{rel}","templated":true}]}}