{"id":8790,"date":"2014-07-22T05:08:00","date_gmt":"2014-07-22T05:08:00","guid":{"rendered":"https:\/\/www.oidossucios.com\/site\/2014\/07\/22\/censura-revuelta-musica-moderna\/"},"modified":"2014-07-22T05:08:00","modified_gmt":"2014-07-22T05:08:00","slug":"censura-revuelta-musica-moderna","status":"publish","type":"post","link":"https:\/\/www.oidossucios.com\/site\/censura-revuelta-musica-moderna\/","title":{"rendered":"Censura Revuelta M\u00fasica Moderna"},"content":{"rendered":"<p style=\"text-align: justify;\">Desde que el ser humano tiene la capacidad de expresar sentimientos, existe una contraparte que los penaliza. La censura nace con el mismo hombre. Posiblemente en las mismas cavernas.<\/p>\n<p>El s&uacute;per productor de operas, el compositor m&aacute;s sublime del bel canto, el Sr. Giuseppe Verdi, le fue censurado su Traviata en 1853 por una sociedad hip&oacute;crita que no aceptaba como protagonista de su entorno a una cortesana de lujo, aunque las hab&iacute;a por doquier, obligando a situar la obra 100 a&ntilde;os antes y hacerse la vista gorda a una realidad para restreg&aacute;rsela a otros antepasados menos sublimes.<\/p>\n<p>En lo m&aacute;s profundo de los campos de algod&oacute;n, en un entorno en blanco y negro, los cantos de penurias se van transformando en una fiebre moderna bautizada por unos como rock &amp; roll. Para otros es la mism&iacute;sima m&uacute;sica del diablo. Los moralistas y predicadores la llamaban esa basura de negros<\/p>\n<p>Para los comunistas de la Uni&oacute;n de Rep&uacute;blicas Socialistas Sovi&eacute;ticas, y sus pa&iacute;ses allegados, eso llamado rock &amp; roll, era un insulto a la mente de su pueblo. Una contaminaci&oacute;n Capitalista. Era un lavado de cerebro para sus fieles seguidores. Esto, no se podr&iacute;a permitir prohibiendo su escucha, venta o difusi&oacute;n. Los limitados sonidos que llegaban por contrabando, se transformaban en un pu&ntilde;ado de Roentgenizdat comercializados por par&aacute;sitos sociales. Los Roentgenizdat son copias de alguna canci&oacute;n prensada en placas de Rayos-X abandonadas en los basurales de los hospitales.<\/p>\n<p>Los golpes militares en casi todo el continente americano se ensa&ntilde;an contra la expresi&oacute;n musical. Extirpar del lenguaje la jerga de delincuentes. Esas peligrosas ideolog&iacute;as. Malas representaciones de la juventud. Silencio es salud dec&iacute;a el dictador argentino Videla.<\/p>\n<p>Por su parte, el franquismo, dispon&iacute;a de la censura para proteger su ideolog&iacute;a pol&iacute;tica y seg&uacute;n para proteger al ciudadano de todo aquello que considere perjudicial. Radios, locutores, fonogr&aacute;ficas, canciones y discos fueren marcados. Prohibido. No radiable. Era la costumbre<\/p>\n<p>Sobre esto y otros puntos conversar&aacute; Vicente Corostola con la anuencia la Alcald&iacute;a El Hatillo y Hatillo Cultura en la Sala M&uacute;ltiple del Centro de Arte de El Hatillo los mi&eacute;rcoles 13, 20 y 27 de agosto a las 7:00 pm con entrada gratuita. Habr&aacute; audios, im&aacute;genes e historias.<\/p>\n<p>&nbsp;<br \/><strong>PROGRAMA<\/strong><\/p>\n<p>&nbsp;<br \/>Mi&eacute;rcoles 13 de agosto<\/p>\n<p><strong>LA FRUTA PODRIDA DEL ROCK &amp; ROLL<\/strong><\/p>\n<p>Rebeld&iacute;a censurada en el mundo angloparlante y su entorno sociopol&iacute;tico<\/p>\n<p>Mi&eacute;rcoles 20 de agosto<\/p>\n<p><strong>LAS AVENTURAS DEL SR. TIJERAS<\/strong><\/p>\n<p>Censura en las dictaduras de argentina, chile y Espa&ntilde;a<\/p>\n<p>Mi&eacute;rcoles 27 de agosto<\/p>\n<p><strong>CAMUFLANDO VENENO<\/strong><\/p>\n<p>Repaso visual a las prohibidas portadas de discos<\/p>\n<p>&nbsp;<\/p>\n<p>Fuente: Nota de Prensa<\/p>\n","protected":false},"excerpt":{"rendered":"<p>Vicente Corostola en la Sala M\u00faltiple del Centro de Arte de El Hatillo los mi\u00e9rcoles 13, 20 y 27 de agosto a las 7:00 pm con entrada gratuita. Habr\u00e1 audios, im\u00e1genes e historias. <\/p>\n","protected":false},"author":4,"featured_media":100008790,"comment_status":"open","ping_status":"open","sticky":false,"template":"","format":"standard","meta":{"_jetpack_memberships_contains_paid_content":false,"footnotes":""},"categories":[142],"tags":[],"class_list":["post-8790","post","type-post","status-publish","format-standard","has-post-thumbnail","hentry","category-buzznews"],"jetpack_featured_media_url":"https:\/\/www.oidossucios.com\/site\/wp-content\/uploads\/2014\/07\/8790.jpg","yoast_head":"<!-- This site is optimized with the Yoast SEO plugin v14.0.4 - https:\/\/yoast.com\/wordpress\/plugins\/seo\/ -->\n<title>Censura Revuelta M\u00fasica Moderna - OidosSucios.Com<\/title>\n<meta name=\"description\" content=\"Vicente Corostola en la Sala M\u00faltiple del Centro de Arte de El Hatillo los mi\u00e9rcoles 13, 20 y 27 de agosto a las 7:00 pm con entrada gratuita. Habr\u00e1 audios, im\u00e1genes e historias.\" \/>\n<meta name=\"robots\" content=\"index, follow\" \/>\n<meta name=\"googlebot\" content=\"index, follow, max-snippet:-1, max-image-preview:large, max-video-preview:-1\" \/>\n<meta name=\"bingbot\" content=\"index, follow, max-snippet:-1, max-image-preview:large, max-video-preview:-1\" \/>\n<link rel=\"canonical\" href=\"https:\/\/www.oidossucios.com\/site\/censura-revuelta-musica-moderna\/\" \/>\n<meta property=\"og:locale\" content=\"es_ES\" \/>\n<meta property=\"og:type\" content=\"article\" \/>\n<meta property=\"og:title\" content=\"Censura Revuelta M\u00fasica Moderna - OidosSucios.Com\" \/>\n<meta property=\"og:description\" content=\"Vicente Corostola en la Sala M\u00faltiple del Centro de Arte de El Hatillo los mi\u00e9rcoles 13, 20 y 27 de agosto a las 7:00 pm con entrada gratuita. Habr\u00e1 audios, im\u00e1genes e historias.\" \/>\n<meta property=\"og:url\" content=\"https:\/\/www.oidossucios.com\/site\/censura-revuelta-musica-moderna\/\" \/>\n<meta property=\"og:site_name\" content=\"OidosSucios.Com\" \/>\n<meta property=\"article:published_time\" content=\"2014-07-22T05:08:00+00:00\" \/>\n<meta property=\"og:image\" content=\"https:\/\/www.oidossucios.com\/site\/wp-content\/uploads\/2014\/07\/8790.jpg\" \/>\n\t<meta property=\"og:image:width\" content=\"350\" \/>\n\t<meta property=\"og:image:height\" content=\"300\" \/>\n<meta name=\"twitter:card\" content=\"summary_large_image\" \/>\n<meta name=\"twitter:creator\" content=\"@oidossucios\" \/>\n<script type=\"application\/ld+json\" class=\"yoast-schema-graph\">{\"@context\":\"https:\/\/schema.org\",\"@graph\":[{\"@type\":\"WebSite\",\"@id\":\"https:\/\/www.oidossucios.com\/site\/#website\",\"url\":\"https:\/\/www.oidossucios.com\/site\/\",\"name\":\"OidosSucios.Com\",\"description\":\"M\\u00fasica, conciertos, discos\",\"potentialAction\":[{\"@type\":\"SearchAction\",\"target\":\"https:\/\/www.oidossucios.com\/site\/?s={search_term_string}\",\"query-input\":\"required name=search_term_string\"}],\"inLanguage\":\"es\"},{\"@type\":\"ImageObject\",\"@id\":\"https:\/\/www.oidossucios.com\/site\/censura-revuelta-musica-moderna\/#primaryimage\",\"inLanguage\":\"es\",\"url\":\"https:\/\/www.oidossucios.com\/site\/wp-content\/uploads\/2014\/07\/8790.jpg\",\"width\":350,\"height\":300},{\"@type\":\"WebPage\",\"@id\":\"https:\/\/www.oidossucios.com\/site\/censura-revuelta-musica-moderna\/#webpage\",\"url\":\"https:\/\/www.oidossucios.com\/site\/censura-revuelta-musica-moderna\/\",\"name\":\"Censura Revuelta M\\u00fasica Moderna - OidosSucios.Com\",\"isPartOf\":{\"@id\":\"https:\/\/www.oidossucios.com\/site\/#website\"},\"primaryImageOfPage\":{\"@id\":\"https:\/\/www.oidossucios.com\/site\/censura-revuelta-musica-moderna\/#primaryimage\"},\"datePublished\":\"2014-07-22T05:08:00+00:00\",\"dateModified\":\"2014-07-22T05:08:00+00:00\",\"author\":{\"@id\":\"https:\/\/www.oidossucios.com\/site\/#\/schema\/person\/24559eeb76bf83a63296fb072393a688\"},\"description\":\"Vicente Corostola en la Sala M\\u00faltiple del Centro de Arte de El Hatillo los mi\\u00e9rcoles 13, 20 y 27 de agosto a las 7:00 pm con entrada gratuita. Habr\\u00e1 audios, im\\u00e1genes e historias.\",\"inLanguage\":\"es\",\"potentialAction\":[{\"@type\":\"ReadAction\",\"target\":[\"https:\/\/www.oidossucios.com\/site\/censura-revuelta-musica-moderna\/\"]}]},{\"@type\":[\"Person\"],\"@id\":\"https:\/\/www.oidossucios.com\/site\/#\/schema\/person\/24559eeb76bf83a63296fb072393a688\",\"name\":\"Oidossucios\",\"image\":{\"@type\":\"ImageObject\",\"@id\":\"https:\/\/www.oidossucios.com\/site\/#personlogo\",\"inLanguage\":\"es\",\"url\":\"https:\/\/secure.gravatar.com\/avatar\/74fcb480f42f1a33e50a0b6e6369a3f907be2e43dc84fa5f76c66e9c22b4a5ab?s=96&d=mm&r=g\",\"caption\":\"Oidossucios\"},\"sameAs\":[\"https:\/\/twitter.com\/oidossucios\"]}]}<\/script>\n<!-- \/ Yoast SEO plugin. -->","jetpack_sharing_enabled":true,"_links":{"self":[{"href":"https:\/\/www.oidossucios.com\/site\/wp-json\/wp\/v2\/posts\/8790","targetHints":{"allow":["GET"]}}],"collection":[{"href":"https:\/\/www.oidossucios.com\/site\/wp-json\/wp\/v2\/posts"}],"about":[{"href":"https:\/\/www.oidossucios.com\/site\/wp-json\/wp\/v2\/types\/post"}],"author":[{"embeddable":true,"href":"https:\/\/www.oidossucios.com\/site\/wp-json\/wp\/v2\/users\/4"}],"replies":[{"embeddable":true,"href":"https:\/\/www.oidossucios.com\/site\/wp-json\/wp\/v2\/comments?post=8790"}],"version-history":[{"count":0,"href":"https:\/\/www.oidossucios.com\/site\/wp-json\/wp\/v2\/posts\/8790\/revisions"}],"wp:featuredmedia":[{"embeddable":true,"href":"https:\/\/www.oidossucios.com\/site\/wp-json\/wp\/v2\/media\/100008790"}],"wp:attachment":[{"href":"https:\/\/www.oidossucios.com\/site\/wp-json\/wp\/v2\/media?parent=8790"}],"wp:term":[{"taxonomy":"category","embeddable":true,"href":"https:\/\/www.oidossucios.com\/site\/wp-json\/wp\/v2\/categories?post=8790"},{"taxonomy":"post_tag","embeddable":true,"href":"https:\/\/www.oidossucios.com\/site\/wp-json\/wp\/v2\/tags?post=8790"}],"curies":[{"name":"wp","href":"https:\/\/api.w.org\/{rel}","templated":true}]}}