{"id":8791,"date":"2014-07-22T04:15:00","date_gmt":"2014-07-22T04:15:00","guid":{"rendered":"https:\/\/www.oidossucios.com\/site\/2014\/07\/22\/con-temas-de-angra-y-de-dream-theater-cerrara-su-temporada-de-conciertos-la-orquesta-de-rock-sinfonico-simon-bolivar\/"},"modified":"2014-07-22T04:15:00","modified_gmt":"2014-07-22T04:15:00","slug":"con-temas-de-angra-y-de-dream-theater-cerrara-su-temporada-de-conciertos-la-orquesta-de-rock-sinfonico-simon-bolivar","status":"publish","type":"post","link":"https:\/\/www.oidossucios.com\/site\/con-temas-de-angra-y-de-dream-theater-cerrara-su-temporada-de-conciertos-la-orquesta-de-rock-sinfonico-simon-bolivar\/","title":{"rendered":"Con temas de Angra y de Dream Theater cerrar\u00e1 su temporada de conciertos la Orquesta de Rock Sinf\u00f3nico Sim\u00f3n Bol\u00edvar"},"content":{"rendered":"<p style=\"text-align: justify;\">La Orquesta de Rock Sinf&oacute;nico Sim&oacute;n Bol&iacute;var cierra por todo lo alto su temporada de conciertos con un tributo a los grandes exponentes y leyendas del rock donde planean llevar al p&uacute;blico asistente a un recorrido musical por los temas m&aacute;s emblem&aacute;ticos del rock de todos los tiempos, que incluir&aacute; en esta oportunidad temas de la renombrada agrupaci&oacute;n brasile&ntilde;a, Angra y de los reyes del metal progresivo, Dream Theater.<\/p>\n<p>M&aacute;s de 30 m&uacute;sicos en escena bajo la direcci&oacute;n de Daniel Hurtado &#8211; adem&aacute;s de los temas de Angra y Dream Theater &#8211; interpretar&aacute;n canciones de bandas como Iron Maiden, Chicago, Supertramp, Jethro Tull, Yes, Deep Purple, Pink Floyd, The Rolling Stones, Queen, Led Zeppelin, The Beatles y otros artistas con el formato &uacute;nico que caracteriza a la Orquesta de Rock Sinf&oacute;nico Sim&oacute;n Bol&iacute;var, combinando los elementos de una banda de rock convencional con la formaci&oacute;n y la instrumentaci&oacute;n de una orquesta sinf&oacute;nica.<\/p>\n<p>La cita es el s&aacute;bado 26 de julio a las 06:00 pm en el Anfiteatro del Centro de Arte El Hatillo. Las entradas est&aacute;n a la venta en las taquillas del teatro y a trav&eacute;s de&nbsp; www.ticketmundo.com<\/p>\n<p>La Orquesta de Rock Sinf&oacute;nico Sim&oacute;n Bol&iacute;var nace en el Conservatorio de M&uacute;sica Sim&oacute;n Bol&iacute;var con la finalidad de aprender, estudiar, desarrollar y promover las diferentes tendencias del g&eacute;nero rock en Venezuela, dando continuidad al programa de expansi&oacute;n musical de la instituci&oacute;n.<\/p>\n<p>Fuente: Nota de Prensa<\/p>\n<p>&nbsp;<\/p>\n","protected":false},"excerpt":{"rendered":"<p>Cerrando su temporada de conciertos, este 26 de julio a las 6:00 pm<\/p>\n","protected":false},"author":4,"featured_media":100008791,"comment_status":"open","ping_status":"open","sticky":false,"template":"","format":"standard","meta":{"_jetpack_memberships_contains_paid_content":false,"footnotes":""},"categories":[142],"tags":[],"class_list":["post-8791","post","type-post","status-publish","format-standard","has-post-thumbnail","hentry","category-buzznews"],"jetpack_featured_media_url":"https:\/\/www.oidossucios.com\/site\/wp-content\/uploads\/2014\/07\/8791.jpg","yoast_head":"<!-- This site is optimized with the Yoast SEO plugin v14.0.4 - https:\/\/yoast.com\/wordpress\/plugins\/seo\/ -->\n<title>Con temas de Angra y de Dream Theater cerrar\u00e1 su temporada de conciertos la Orquesta de Rock Sinf\u00f3nico Sim\u00f3n Bol\u00edvar - OidosSucios.Com<\/title>\n<meta name=\"description\" content=\"Cerrando su temporada de conciertos, este 26 de julio a las 6:00 pm\" \/>\n<meta name=\"robots\" content=\"index, follow\" \/>\n<meta name=\"googlebot\" content=\"index, follow, max-snippet:-1, max-image-preview:large, max-video-preview:-1\" \/>\n<meta name=\"bingbot\" content=\"index, follow, max-snippet:-1, max-image-preview:large, max-video-preview:-1\" \/>\n<link rel=\"canonical\" href=\"https:\/\/www.oidossucios.com\/site\/con-temas-de-angra-y-de-dream-theater-cerrara-su-temporada-de-conciertos-la-orquesta-de-rock-sinfonico-simon-bolivar\/\" \/>\n<meta property=\"og:locale\" content=\"es_ES\" \/>\n<meta property=\"og:type\" content=\"article\" \/>\n<meta property=\"og:title\" content=\"Con temas de Angra y de Dream Theater cerrar\u00e1 su temporada de conciertos la Orquesta de Rock Sinf\u00f3nico Sim\u00f3n Bol\u00edvar - OidosSucios.Com\" \/>\n<meta property=\"og:description\" content=\"Cerrando su temporada de conciertos, este 26 de julio a las 6:00 pm\" \/>\n<meta property=\"og:url\" content=\"https:\/\/www.oidossucios.com\/site\/con-temas-de-angra-y-de-dream-theater-cerrara-su-temporada-de-conciertos-la-orquesta-de-rock-sinfonico-simon-bolivar\/\" \/>\n<meta property=\"og:site_name\" content=\"OidosSucios.Com\" \/>\n<meta property=\"article:published_time\" content=\"2014-07-22T04:15:00+00:00\" \/>\n<meta property=\"og:image\" content=\"https:\/\/www.oidossucios.com\/site\/wp-content\/uploads\/2014\/07\/8791.jpg\" \/>\n\t<meta property=\"og:image:width\" content=\"350\" \/>\n\t<meta property=\"og:image:height\" content=\"300\" \/>\n<meta name=\"twitter:card\" content=\"summary_large_image\" \/>\n<meta name=\"twitter:creator\" content=\"@oidossucios\" \/>\n<script type=\"application\/ld+json\" class=\"yoast-schema-graph\">{\"@context\":\"https:\/\/schema.org\",\"@graph\":[{\"@type\":\"WebSite\",\"@id\":\"https:\/\/www.oidossucios.com\/site\/#website\",\"url\":\"https:\/\/www.oidossucios.com\/site\/\",\"name\":\"OidosSucios.Com\",\"description\":\"M\\u00fasica, conciertos, discos\",\"potentialAction\":[{\"@type\":\"SearchAction\",\"target\":\"https:\/\/www.oidossucios.com\/site\/?s={search_term_string}\",\"query-input\":\"required name=search_term_string\"}],\"inLanguage\":\"es\"},{\"@type\":\"ImageObject\",\"@id\":\"https:\/\/www.oidossucios.com\/site\/con-temas-de-angra-y-de-dream-theater-cerrara-su-temporada-de-conciertos-la-orquesta-de-rock-sinfonico-simon-bolivar\/#primaryimage\",\"inLanguage\":\"es\",\"url\":\"https:\/\/www.oidossucios.com\/site\/wp-content\/uploads\/2014\/07\/8791.jpg\",\"width\":350,\"height\":300},{\"@type\":\"WebPage\",\"@id\":\"https:\/\/www.oidossucios.com\/site\/con-temas-de-angra-y-de-dream-theater-cerrara-su-temporada-de-conciertos-la-orquesta-de-rock-sinfonico-simon-bolivar\/#webpage\",\"url\":\"https:\/\/www.oidossucios.com\/site\/con-temas-de-angra-y-de-dream-theater-cerrara-su-temporada-de-conciertos-la-orquesta-de-rock-sinfonico-simon-bolivar\/\",\"name\":\"Con temas de Angra y de Dream Theater cerrar\\u00e1 su temporada de conciertos la Orquesta de Rock Sinf\\u00f3nico Sim\\u00f3n Bol\\u00edvar - OidosSucios.Com\",\"isPartOf\":{\"@id\":\"https:\/\/www.oidossucios.com\/site\/#website\"},\"primaryImageOfPage\":{\"@id\":\"https:\/\/www.oidossucios.com\/site\/con-temas-de-angra-y-de-dream-theater-cerrara-su-temporada-de-conciertos-la-orquesta-de-rock-sinfonico-simon-bolivar\/#primaryimage\"},\"datePublished\":\"2014-07-22T04:15:00+00:00\",\"dateModified\":\"2014-07-22T04:15:00+00:00\",\"author\":{\"@id\":\"https:\/\/www.oidossucios.com\/site\/#\/schema\/person\/24559eeb76bf83a63296fb072393a688\"},\"description\":\"Cerrando su temporada de conciertos, este 26 de julio a las 6:00 pm\",\"inLanguage\":\"es\",\"potentialAction\":[{\"@type\":\"ReadAction\",\"target\":[\"https:\/\/www.oidossucios.com\/site\/con-temas-de-angra-y-de-dream-theater-cerrara-su-temporada-de-conciertos-la-orquesta-de-rock-sinfonico-simon-bolivar\/\"]}]},{\"@type\":[\"Person\"],\"@id\":\"https:\/\/www.oidossucios.com\/site\/#\/schema\/person\/24559eeb76bf83a63296fb072393a688\",\"name\":\"Oidossucios\",\"image\":{\"@type\":\"ImageObject\",\"@id\":\"https:\/\/www.oidossucios.com\/site\/#personlogo\",\"inLanguage\":\"es\",\"url\":\"https:\/\/secure.gravatar.com\/avatar\/74fcb480f42f1a33e50a0b6e6369a3f907be2e43dc84fa5f76c66e9c22b4a5ab?s=96&d=mm&r=g\",\"caption\":\"Oidossucios\"},\"sameAs\":[\"https:\/\/twitter.com\/oidossucios\"]}]}<\/script>\n<!-- \/ Yoast SEO plugin. -->","jetpack_sharing_enabled":true,"_links":{"self":[{"href":"https:\/\/www.oidossucios.com\/site\/wp-json\/wp\/v2\/posts\/8791","targetHints":{"allow":["GET"]}}],"collection":[{"href":"https:\/\/www.oidossucios.com\/site\/wp-json\/wp\/v2\/posts"}],"about":[{"href":"https:\/\/www.oidossucios.com\/site\/wp-json\/wp\/v2\/types\/post"}],"author":[{"embeddable":true,"href":"https:\/\/www.oidossucios.com\/site\/wp-json\/wp\/v2\/users\/4"}],"replies":[{"embeddable":true,"href":"https:\/\/www.oidossucios.com\/site\/wp-json\/wp\/v2\/comments?post=8791"}],"version-history":[{"count":0,"href":"https:\/\/www.oidossucios.com\/site\/wp-json\/wp\/v2\/posts\/8791\/revisions"}],"wp:featuredmedia":[{"embeddable":true,"href":"https:\/\/www.oidossucios.com\/site\/wp-json\/wp\/v2\/media\/100008791"}],"wp:attachment":[{"href":"https:\/\/www.oidossucios.com\/site\/wp-json\/wp\/v2\/media?parent=8791"}],"wp:term":[{"taxonomy":"category","embeddable":true,"href":"https:\/\/www.oidossucios.com\/site\/wp-json\/wp\/v2\/categories?post=8791"},{"taxonomy":"post_tag","embeddable":true,"href":"https:\/\/www.oidossucios.com\/site\/wp-json\/wp\/v2\/tags?post=8791"}],"curies":[{"name":"wp","href":"https:\/\/api.w.org\/{rel}","templated":true}]}}