{"id":8793,"date":"2014-07-23T14:40:00","date_gmt":"2014-07-23T14:40:00","guid":{"rendered":"https:\/\/www.oidossucios.com\/site\/2014\/07\/23\/desorden-publico-sigue-haciendo-historia\/"},"modified":"2014-07-23T14:40:00","modified_gmt":"2014-07-23T14:40:00","slug":"desorden-publico-sigue-haciendo-historia","status":"publish","type":"post","link":"https:\/\/www.oidossucios.com\/site\/desorden-publico-sigue-haciendo-historia\/","title":{"rendered":"Desorden P\u00fablico sigue haciendo historia"},"content":{"rendered":"<p style=\"text-align: justify;\">Desorden P&uacute;blico arranc&oacute; la celebraci&oacute;n de sus 29 a&ntilde;os de vida art&iacute;stica por todo lo alto, luego de una extensa gira por USA, fueron a Panam&aacute; donde llevaron el nombre de nuestro pa&iacute;s en alto, en un concierto que fue a beneficio de Amnist&iacute;a Internacional, para luego regresar a Venezuela y bombardear la isla de Margarita con el mejor ska y la buena vibra que despide la banda en cada uno de sus shows.<\/p>\n<p>Para seguir d&aacute;ndole continuidad al &eacute;xito obtenido con el m&aacute;s reciente disco de Desorden P&uacute;blico, &ldquo;Los Contrarios&rdquo;, la mejor banda de ska en Venezuela y la m&aacute;s longeva de Am&eacute;rica Latina, ha pasado este a&ntilde;o 2014 girando por diferentes ciudades de Venezuela y el mundo; con un lleno total el pasado mi&eacute;rcoles 16 de Julio, Panam&aacute;&nbsp; fue el escenario de un concierto beneficio de Amnist&iacute;a Internacional, que cubri&oacute; todas las expectativas de un p&uacute;blico que cant&oacute;, a todo pulm&oacute;n, los &eacute;xitos de los desordenados.<\/p>\n<p>Luego, el merecumb&eacute; vuelve a Venezuela, su casa, donde estar&aacute;n llevando a la isla de Margarita, sus casi tres d&eacute;cadas de buena m&uacute;sica, esta vez en Moloko Bar (Centro Comercial Bayside, nivel Terrazas), el 1ro de agosto, acompa&ntilde;ados de la m&uacute;sica de K2s y Cannabis Selektor.<\/p>\n<p>Para m&aacute;s informaci&oacute;n de esta y otras presentaciones: www.desordenpublico.net, s&iacute;guelos en @desordenpublico, @urbanmediaccs<\/p>\n<p style=\"text-align: justify;\">&nbsp;<\/p>\n<p style=\"text-align: justify;\">Fuente: Nota de Prensa<\/p>\n","protected":false},"excerpt":{"rendered":"<p>Desorden P\u00fablico arranc\u00f3 la celebraci\u00f3n de sus 29 a\u00f1os de vida art\u00edstica por todo lo alto, luego de una extensa gira por USA.<\/p>\n","protected":false},"author":4,"featured_media":100008793,"comment_status":"open","ping_status":"open","sticky":false,"template":"","format":"standard","meta":{"_jetpack_memberships_contains_paid_content":false,"footnotes":""},"categories":[142],"tags":[],"class_list":["post-8793","post","type-post","status-publish","format-standard","has-post-thumbnail","hentry","category-buzznews"],"jetpack_featured_media_url":"https:\/\/www.oidossucios.com\/site\/wp-content\/uploads\/2014\/07\/8793.jpg","yoast_head":"<!-- This site is optimized with the Yoast SEO plugin v14.0.4 - https:\/\/yoast.com\/wordpress\/plugins\/seo\/ -->\n<title>Desorden P\u00fablico sigue haciendo historia - OidosSucios.Com<\/title>\n<meta name=\"description\" content=\"Desorden P\u00fablico arranc\u00f3 la celebraci\u00f3n de sus 29 a\u00f1os de vida art\u00edstica por todo lo alto, luego de una extensa gira por USA.\" \/>\n<meta name=\"robots\" content=\"index, follow\" \/>\n<meta name=\"googlebot\" content=\"index, follow, max-snippet:-1, max-image-preview:large, max-video-preview:-1\" \/>\n<meta name=\"bingbot\" content=\"index, follow, max-snippet:-1, max-image-preview:large, max-video-preview:-1\" \/>\n<link rel=\"canonical\" href=\"https:\/\/www.oidossucios.com\/site\/desorden-publico-sigue-haciendo-historia\/\" \/>\n<meta property=\"og:locale\" content=\"es_ES\" \/>\n<meta property=\"og:type\" content=\"article\" \/>\n<meta property=\"og:title\" content=\"Desorden P\u00fablico sigue haciendo historia - OidosSucios.Com\" \/>\n<meta property=\"og:description\" content=\"Desorden P\u00fablico arranc\u00f3 la celebraci\u00f3n de sus 29 a\u00f1os de vida art\u00edstica por todo lo alto, luego de una extensa gira por USA.\" \/>\n<meta property=\"og:url\" content=\"https:\/\/www.oidossucios.com\/site\/desorden-publico-sigue-haciendo-historia\/\" \/>\n<meta property=\"og:site_name\" content=\"OidosSucios.Com\" \/>\n<meta property=\"article:published_time\" content=\"2014-07-23T14:40:00+00:00\" \/>\n<meta property=\"og:image\" content=\"https:\/\/www.oidossucios.com\/site\/wp-content\/uploads\/2014\/07\/8793.jpg\" \/>\n\t<meta property=\"og:image:width\" content=\"350\" \/>\n\t<meta property=\"og:image:height\" content=\"300\" \/>\n<meta name=\"twitter:card\" content=\"summary_large_image\" \/>\n<meta name=\"twitter:creator\" content=\"@oidossucios\" \/>\n<script type=\"application\/ld+json\" class=\"yoast-schema-graph\">{\"@context\":\"https:\/\/schema.org\",\"@graph\":[{\"@type\":\"WebSite\",\"@id\":\"https:\/\/www.oidossucios.com\/site\/#website\",\"url\":\"https:\/\/www.oidossucios.com\/site\/\",\"name\":\"OidosSucios.Com\",\"description\":\"M\\u00fasica, conciertos, discos\",\"potentialAction\":[{\"@type\":\"SearchAction\",\"target\":\"https:\/\/www.oidossucios.com\/site\/?s={search_term_string}\",\"query-input\":\"required name=search_term_string\"}],\"inLanguage\":\"es\"},{\"@type\":\"ImageObject\",\"@id\":\"https:\/\/www.oidossucios.com\/site\/desorden-publico-sigue-haciendo-historia\/#primaryimage\",\"inLanguage\":\"es\",\"url\":\"https:\/\/www.oidossucios.com\/site\/wp-content\/uploads\/2014\/07\/8793.jpg\",\"width\":350,\"height\":300},{\"@type\":\"WebPage\",\"@id\":\"https:\/\/www.oidossucios.com\/site\/desorden-publico-sigue-haciendo-historia\/#webpage\",\"url\":\"https:\/\/www.oidossucios.com\/site\/desorden-publico-sigue-haciendo-historia\/\",\"name\":\"Desorden P\\u00fablico sigue haciendo historia - OidosSucios.Com\",\"isPartOf\":{\"@id\":\"https:\/\/www.oidossucios.com\/site\/#website\"},\"primaryImageOfPage\":{\"@id\":\"https:\/\/www.oidossucios.com\/site\/desorden-publico-sigue-haciendo-historia\/#primaryimage\"},\"datePublished\":\"2014-07-23T14:40:00+00:00\",\"dateModified\":\"2014-07-23T14:40:00+00:00\",\"author\":{\"@id\":\"https:\/\/www.oidossucios.com\/site\/#\/schema\/person\/24559eeb76bf83a63296fb072393a688\"},\"description\":\"Desorden P\\u00fablico arranc\\u00f3 la celebraci\\u00f3n de sus 29 a\\u00f1os de vida art\\u00edstica por todo lo alto, luego de una extensa gira por USA.\",\"inLanguage\":\"es\",\"potentialAction\":[{\"@type\":\"ReadAction\",\"target\":[\"https:\/\/www.oidossucios.com\/site\/desorden-publico-sigue-haciendo-historia\/\"]}]},{\"@type\":[\"Person\"],\"@id\":\"https:\/\/www.oidossucios.com\/site\/#\/schema\/person\/24559eeb76bf83a63296fb072393a688\",\"name\":\"Oidossucios\",\"image\":{\"@type\":\"ImageObject\",\"@id\":\"https:\/\/www.oidossucios.com\/site\/#personlogo\",\"inLanguage\":\"es\",\"url\":\"https:\/\/secure.gravatar.com\/avatar\/74fcb480f42f1a33e50a0b6e6369a3f907be2e43dc84fa5f76c66e9c22b4a5ab?s=96&d=mm&r=g\",\"caption\":\"Oidossucios\"},\"sameAs\":[\"https:\/\/twitter.com\/oidossucios\"]}]}<\/script>\n<!-- \/ Yoast SEO plugin. -->","jetpack_sharing_enabled":true,"_links":{"self":[{"href":"https:\/\/www.oidossucios.com\/site\/wp-json\/wp\/v2\/posts\/8793","targetHints":{"allow":["GET"]}}],"collection":[{"href":"https:\/\/www.oidossucios.com\/site\/wp-json\/wp\/v2\/posts"}],"about":[{"href":"https:\/\/www.oidossucios.com\/site\/wp-json\/wp\/v2\/types\/post"}],"author":[{"embeddable":true,"href":"https:\/\/www.oidossucios.com\/site\/wp-json\/wp\/v2\/users\/4"}],"replies":[{"embeddable":true,"href":"https:\/\/www.oidossucios.com\/site\/wp-json\/wp\/v2\/comments?post=8793"}],"version-history":[{"count":0,"href":"https:\/\/www.oidossucios.com\/site\/wp-json\/wp\/v2\/posts\/8793\/revisions"}],"wp:featuredmedia":[{"embeddable":true,"href":"https:\/\/www.oidossucios.com\/site\/wp-json\/wp\/v2\/media\/100008793"}],"wp:attachment":[{"href":"https:\/\/www.oidossucios.com\/site\/wp-json\/wp\/v2\/media?parent=8793"}],"wp:term":[{"taxonomy":"category","embeddable":true,"href":"https:\/\/www.oidossucios.com\/site\/wp-json\/wp\/v2\/categories?post=8793"},{"taxonomy":"post_tag","embeddable":true,"href":"https:\/\/www.oidossucios.com\/site\/wp-json\/wp\/v2\/tags?post=8793"}],"curies":[{"name":"wp","href":"https:\/\/api.w.org\/{rel}","templated":true}]}}