{"id":8810,"date":"2014-08-05T18:54:00","date_gmt":"2014-08-05T18:54:00","guid":{"rendered":"https:\/\/www.oidossucios.com\/site\/2014\/08\/05\/andres-puche-devela-sencillo-de-su-primer-disco-solista\/"},"modified":"2014-08-05T18:54:00","modified_gmt":"2014-08-05T18:54:00","slug":"andres-puche-devela-sencillo-de-su-primer-disco-solista","status":"publish","type":"post","link":"https:\/\/www.oidossucios.com\/site\/andres-puche-devela-sencillo-de-su-primer-disco-solista\/","title":{"rendered":"Andr\u00e9s Puche devela sencillo de su primer disco solista"},"content":{"rendered":"<p style=\"text-align: justify;\">El guitarrista y vocalista de la agrupaci&oacute;n ganadora del Festival Nuevas Bandas 2012 dio a conocer en la red su nuevo sencillo promocional Hambre de Juventud a trav&eacute;s de la p&aacute;gina web CochinoPop, acompa&ntilde;ado de un lyric video. Puche ha escogido esta pieza como adelanto de su primera larga duraci&oacute;n en solitario, cuyo mensaje refleja la realidad social de las madres venezolanas que d&iacute;a a d&iacute;a pierden a sus hijos a causa de la inseguridad que azota al pa&iacute;s.<\/p>\n<p>A partir del d&iacute;a de hoy, el tema se encuentra publicado en su p&aacute;gina web www.andrespuche.com, donde podr&aacute;n encontrar toda la informaci&oacute;n referente a esta nueva faceta del artista y sus nuevos lanzamientos.<\/p>\n<p>Como dato interesante, Puche comparte c&oacute;mo fue el proceso de grabaci&oacute;n, mezcla y masterizaci&oacute;n: &ldquo;La grabaci&oacute;n se realiz&oacute; entre Valencia y Toronto. En Valencia estuvimos en Vintage Estudios, con Rub&eacute;n Hern&aacute;ndez como ingeniero de grabaci&oacute;n. Fueron utilizadas 48 horas y terminamos todas las tomas (o al menos as&iacute; pensaba yo en el momento). En Toronto volv&iacute; a grabar &ldquo;Mi hogar&rdquo;, con Bryant Didier como ingeniero de grabaci&oacute;n en B Musique Studio, principalmente porque no estaba conforme con el resultado de esa canci&oacute;n en particular y fue algo que le dio un giro impresionante al disco pues conoc&iacute; a un colaborador imprevisto para la canci&oacute;n &ldquo;Carmen&rdquo; (M-Rob). La mezcla la hizo Cosme Liccardo en Miami (mezcl&oacute; el primer disco de HolySexyBastards y el esperado primer disco de Los Polaroid) y el master nuevamente fue hecho con Dave McNair&#8203;.&#8221;<\/p>\n<p>Andr&eacute;s Puche, adem&aacute;s de llevar el papel de guitarra y voz en sus composiciones que ver&aacute;n luz durante los pr&oacute;ximos meses, tambi&eacute;n regres&oacute; al rol de baterista cuyo instrumento fue verdaderamente el que lo inici&oacute; en el mundo de la m&uacute;sica, apoyado por amigos y familiares como parte de los m&uacute;sicos invitados: &ldquo;En este disco decid&iacute; recurrir a mis amigos y familia para enriquecer la m&uacute;sica. Participaron Diego &ldquo;El Negro&rdquo; Alvarez (Movida Ac&uacute;stica Urbana), Luis Henr&iacute;quez (HolySexyBastards y Aten Asteroid), &Aacute;lvaro Castillo (Mind The Gap), Jessica Miranda (HolySexyBastards), Andres Mungarrieta (The Moon Caravan), Octavio Curiel (Aten Asteroid), Humberto Pedroza, Cosme Liccardo y el rapero argentino M-Rob.&#8221; agrega el int&eacute;rprete.<\/p>\n<p>El m&uacute;sico y productor se aventur&oacute; a recorrer su lado experimental que lo llev&oacute; a plasmar un disco con canciones de autor, ejecutando estilos como el folk, el pop y composiciones influenciadas por la trova cubana y hasta hip-hop. Se pronostica que su &aacute;lbum Sur, del cual se extrae esta canci&oacute;n, se estrene a mediados de este verano.<\/p>\n<p style=\"text-align: justify;\">Fuente: Nota de Prensa<\/p>\n<p><iframe loading=\"lazy\" src=\"https:\/\/w.soundcloud.com\/player\/?url=https%3A\/\/api.soundcloud.com\/tracks\/161310358&amp;auto_play=false&amp;hide_related=false&amp;show_comments=true&amp;show_user=true&amp;show_reposts=false&amp;visual=true\" width=\"100%\" height=\"450\" frameborder=\"no\" scrolling=\"no\"><\/iframe><\/p>\n","protected":false},"excerpt":{"rendered":"<p>Andr\u00e9s Puche dio a conocer su primer sencillo extra\u00eddo de su disco como solista titulado Sur, en su p\u00e1gina oficial www.andrespuche.com.<\/p>\n","protected":false},"author":4,"featured_media":100008810,"comment_status":"open","ping_status":"open","sticky":false,"template":"","format":"standard","meta":{"_jetpack_memberships_contains_paid_content":false,"footnotes":""},"categories":[142],"tags":[],"class_list":["post-8810","post","type-post","status-publish","format-standard","has-post-thumbnail","hentry","category-buzznews"],"jetpack_featured_media_url":"https:\/\/www.oidossucios.com\/site\/wp-content\/uploads\/2014\/08\/8810.jpg","yoast_head":"<!-- This site is optimized with the Yoast SEO plugin v14.0.4 - https:\/\/yoast.com\/wordpress\/plugins\/seo\/ -->\n<title>Andr\u00e9s Puche devela sencillo de su primer disco solista - OidosSucios.Com<\/title>\n<meta name=\"description\" content=\"Andr\u00e9s Puche dio a conocer su primer sencillo extra\u00eddo de su disco como solista titulado Sur, en su p\u00e1gina oficial www.andrespuche.com.\" \/>\n<meta name=\"robots\" content=\"index, follow\" \/>\n<meta name=\"googlebot\" content=\"index, follow, max-snippet:-1, max-image-preview:large, max-video-preview:-1\" \/>\n<meta name=\"bingbot\" content=\"index, follow, max-snippet:-1, max-image-preview:large, max-video-preview:-1\" \/>\n<link rel=\"canonical\" href=\"https:\/\/www.oidossucios.com\/site\/andres-puche-devela-sencillo-de-su-primer-disco-solista\/\" \/>\n<meta property=\"og:locale\" content=\"es_ES\" \/>\n<meta property=\"og:type\" content=\"article\" \/>\n<meta property=\"og:title\" content=\"Andr\u00e9s Puche devela sencillo de su primer disco solista - OidosSucios.Com\" \/>\n<meta property=\"og:description\" content=\"Andr\u00e9s Puche dio a conocer su primer sencillo extra\u00eddo de su disco como solista titulado Sur, en su p\u00e1gina oficial www.andrespuche.com.\" \/>\n<meta property=\"og:url\" content=\"https:\/\/www.oidossucios.com\/site\/andres-puche-devela-sencillo-de-su-primer-disco-solista\/\" \/>\n<meta property=\"og:site_name\" content=\"OidosSucios.Com\" \/>\n<meta property=\"article:published_time\" content=\"2014-08-05T18:54:00+00:00\" \/>\n<meta property=\"og:image\" content=\"https:\/\/www.oidossucios.com\/site\/wp-content\/uploads\/2014\/08\/8810.jpg\" \/>\n\t<meta property=\"og:image:width\" content=\"350\" \/>\n\t<meta property=\"og:image:height\" content=\"300\" \/>\n<meta name=\"twitter:card\" content=\"summary_large_image\" \/>\n<meta name=\"twitter:creator\" content=\"@oidossucios\" \/>\n<script type=\"application\/ld+json\" class=\"yoast-schema-graph\">{\"@context\":\"https:\/\/schema.org\",\"@graph\":[{\"@type\":\"WebSite\",\"@id\":\"https:\/\/www.oidossucios.com\/site\/#website\",\"url\":\"https:\/\/www.oidossucios.com\/site\/\",\"name\":\"OidosSucios.Com\",\"description\":\"M\\u00fasica, conciertos, discos\",\"potentialAction\":[{\"@type\":\"SearchAction\",\"target\":\"https:\/\/www.oidossucios.com\/site\/?s={search_term_string}\",\"query-input\":\"required name=search_term_string\"}],\"inLanguage\":\"es\"},{\"@type\":\"ImageObject\",\"@id\":\"https:\/\/www.oidossucios.com\/site\/andres-puche-devela-sencillo-de-su-primer-disco-solista\/#primaryimage\",\"inLanguage\":\"es\",\"url\":\"https:\/\/www.oidossucios.com\/site\/wp-content\/uploads\/2014\/08\/8810.jpg\",\"width\":350,\"height\":300},{\"@type\":\"WebPage\",\"@id\":\"https:\/\/www.oidossucios.com\/site\/andres-puche-devela-sencillo-de-su-primer-disco-solista\/#webpage\",\"url\":\"https:\/\/www.oidossucios.com\/site\/andres-puche-devela-sencillo-de-su-primer-disco-solista\/\",\"name\":\"Andr\\u00e9s Puche devela sencillo de su primer disco solista - OidosSucios.Com\",\"isPartOf\":{\"@id\":\"https:\/\/www.oidossucios.com\/site\/#website\"},\"primaryImageOfPage\":{\"@id\":\"https:\/\/www.oidossucios.com\/site\/andres-puche-devela-sencillo-de-su-primer-disco-solista\/#primaryimage\"},\"datePublished\":\"2014-08-05T18:54:00+00:00\",\"dateModified\":\"2014-08-05T18:54:00+00:00\",\"author\":{\"@id\":\"https:\/\/www.oidossucios.com\/site\/#\/schema\/person\/24559eeb76bf83a63296fb072393a688\"},\"description\":\"Andr\\u00e9s Puche dio a conocer su primer sencillo extra\\u00eddo de su disco como solista titulado Sur, en su p\\u00e1gina oficial www.andrespuche.com.\",\"inLanguage\":\"es\",\"potentialAction\":[{\"@type\":\"ReadAction\",\"target\":[\"https:\/\/www.oidossucios.com\/site\/andres-puche-devela-sencillo-de-su-primer-disco-solista\/\"]}]},{\"@type\":[\"Person\"],\"@id\":\"https:\/\/www.oidossucios.com\/site\/#\/schema\/person\/24559eeb76bf83a63296fb072393a688\",\"name\":\"Oidossucios\",\"image\":{\"@type\":\"ImageObject\",\"@id\":\"https:\/\/www.oidossucios.com\/site\/#personlogo\",\"inLanguage\":\"es\",\"url\":\"https:\/\/secure.gravatar.com\/avatar\/74fcb480f42f1a33e50a0b6e6369a3f907be2e43dc84fa5f76c66e9c22b4a5ab?s=96&d=mm&r=g\",\"caption\":\"Oidossucios\"},\"sameAs\":[\"https:\/\/twitter.com\/oidossucios\"]}]}<\/script>\n<!-- \/ Yoast SEO plugin. -->","jetpack_sharing_enabled":true,"_links":{"self":[{"href":"https:\/\/www.oidossucios.com\/site\/wp-json\/wp\/v2\/posts\/8810","targetHints":{"allow":["GET"]}}],"collection":[{"href":"https:\/\/www.oidossucios.com\/site\/wp-json\/wp\/v2\/posts"}],"about":[{"href":"https:\/\/www.oidossucios.com\/site\/wp-json\/wp\/v2\/types\/post"}],"author":[{"embeddable":true,"href":"https:\/\/www.oidossucios.com\/site\/wp-json\/wp\/v2\/users\/4"}],"replies":[{"embeddable":true,"href":"https:\/\/www.oidossucios.com\/site\/wp-json\/wp\/v2\/comments?post=8810"}],"version-history":[{"count":0,"href":"https:\/\/www.oidossucios.com\/site\/wp-json\/wp\/v2\/posts\/8810\/revisions"}],"wp:featuredmedia":[{"embeddable":true,"href":"https:\/\/www.oidossucios.com\/site\/wp-json\/wp\/v2\/media\/100008810"}],"wp:attachment":[{"href":"https:\/\/www.oidossucios.com\/site\/wp-json\/wp\/v2\/media?parent=8810"}],"wp:term":[{"taxonomy":"category","embeddable":true,"href":"https:\/\/www.oidossucios.com\/site\/wp-json\/wp\/v2\/categories?post=8810"},{"taxonomy":"post_tag","embeddable":true,"href":"https:\/\/www.oidossucios.com\/site\/wp-json\/wp\/v2\/tags?post=8810"}],"curies":[{"name":"wp","href":"https:\/\/api.w.org\/{rel}","templated":true}]}}