{"id":8811,"date":"2014-08-05T19:52:00","date_gmt":"2014-08-05T19:52:00","guid":{"rendered":"https:\/\/www.oidossucios.com\/site\/2014\/08\/05\/quinta-edicion-del-sibelius-fest-sonara-en-la-plaza-alfredo-sadel\/"},"modified":"2014-08-05T19:52:00","modified_gmt":"2014-08-05T19:52:00","slug":"quinta-edicion-del-sibelius-fest-sonara-en-la-plaza-alfredo-sadel","status":"publish","type":"post","link":"https:\/\/www.oidossucios.com\/site\/quinta-edicion-del-sibelius-fest-sonara-en-la-plaza-alfredo-sadel\/","title":{"rendered":"Quinta Edici\u00f3n del Sibelius Fest sonar\u00e1 en la Plaza Alfredo Sadel"},"content":{"rendered":"<p style=\"text-align: justify;\">Desde que comenz&oacute; hace 5 a&ntilde;os el SIBELIUS FEST &ndash; &uacute;nico certamen para ejecutantes de la guitarra el&eacute;ctrica que existe en Venezuela &#8211; se ha superado y ha crecido con cada edici&oacute;n; este 2014 no ser&aacute; la excepci&oacute;n y desde ya su comit&eacute; organizador trabaja para que su quinta entrega sea HISTORICA!!!<\/p>\n<p>Este 18 de octubre desde las 11:00 am se celebrar&aacute; la Quinta Edici&oacute;n del SIBELIUS FEST, teniendo como escenario a la Plaza Alfredo Sadel de Las Mercedes, con tarima y pantalla gigante. La entrada ser&aacute; gratuita. Adem&aacute;s, faltando un mes para el evento ser&aacute; anunciada una banda sorpresa.<\/p>\n<p>Entre los artistas que trae el SIBELIUS FEST, este a&ntilde;o junto a la banda Sibelius actuar&aacute; la Orquesta Sinf&oacute;nica de Lara ofreciendo un concierto de rock sinf&oacute;nico con el que Sibelius celebrar&aacute; 10 a&ntilde;os de carrera art&iacute;stica, interpretando temas propios as&iacute; como novedosos arreglos de Metallica, Queen, AC&amp;DC y Gun&acute;s N Roses.<\/p>\n<p>Como banda invitada se presentar&aacute;n tambi&eacute;n Los Beat3 que con todo su carisma interpretar&aacute;n un tributo muy original a The Beatles.<\/p>\n<p>Tampoco faltar&aacute; la tradicional presentaci&oacute;n de los 6 finalistas del SIBELIUS FEST. Mikael Carnevali, Oswaldo G&oacute;mez, &Aacute;ngel Oliveros, Jorge Luis Berman Vargas, Sony Fern&aacute;ndez y Carlos Hern&aacute;ndez medir&aacute;n sus destrezas como guitarristas en la gran final en vivo del SIBELIUS FEST buscando al nuevo &iacute;dolo de la guitarra el&eacute;ctrica.<\/p>\n<p>El p&uacute;blico tambi&eacute;n podr&aacute; disfrutar de concursos, stands con productos, instrumentos musicales y equipos de sonidos, adem&aacute;s de una feria de comida.<\/p>\n<p>&ldquo;Este sin duda ser&aacute; uno de los conciertos m&aacute;s ambiciosos de producci&oacute;n nacional de 2014, con una tarima open air al estilo europeo&rdquo;, expres&oacute; Philipp Scheer, productor del evento y l&iacute;der de la banda Sibelius. &ldquo;Ese a&ntilde;o el espect&aacute;culo ser&aacute; por todo lo alto con un despliegue tecnol&oacute;gico nunca antes visto&rdquo;, agreg&oacute;.<\/p>\n<p>&ldquo;Vamos a repetir el exitoso concierto que tuvimos con la Orquesta Sinf&oacute;nica de Lara en Barquisimeto, pero esta vez abierto a todo el p&uacute;blico, con nuevos arreglos, con tarima y pantalla gigante y un juego de luces espectacular para m&aacute;s de 50 m&uacute;sicos en escena&rdquo;, inform&oacute; Scheer.<\/p>\n<p>&nbsp;<br \/><strong>El Sibelius Fest<\/strong><\/p>\n<p>Es el &uacute;nico concurso que se realiza en Venezuela para ejecutantes de la guitarra el&eacute;ctrica. Este a&ntilde;o llega a su quinta edici&oacute;n en forma consecutiva. Ha servido como trampol&iacute;n para la carrera de varios guitarristas venezolanos. En a&ntilde;os anteriores ha tenido como escenarios al Centro Cultural BOD, al Centro Cultural Chacao y al Centro de Arte El Hatillo.<\/p>\n<p style=\"text-align: justify;\">&nbsp;<\/p>\n<p style=\"text-align: justify;\">Fuente: Nota de Prensa<\/p>\n","protected":false},"excerpt":{"rendered":"<p>El evento contar\u00e1 con la actuaci\u00f3n de la Orquesta Sinf\u00f3nica de Lara, los 6 guitarristas finalistas, Sibelius y Los Beat3.<\/p>\n","protected":false},"author":4,"featured_media":100008811,"comment_status":"open","ping_status":"open","sticky":false,"template":"","format":"standard","meta":{"_jetpack_memberships_contains_paid_content":false,"footnotes":""},"categories":[142],"tags":[],"class_list":["post-8811","post","type-post","status-publish","format-standard","has-post-thumbnail","hentry","category-buzznews"],"jetpack_featured_media_url":"https:\/\/www.oidossucios.com\/site\/wp-content\/uploads\/2014\/08\/8811.jpg","yoast_head":"<!-- This site is optimized with the Yoast SEO plugin v14.0.4 - https:\/\/yoast.com\/wordpress\/plugins\/seo\/ -->\n<title>Quinta Edici\u00f3n del Sibelius Fest sonar\u00e1 en la Plaza Alfredo Sadel - OidosSucios.Com<\/title>\n<meta name=\"description\" content=\"El evento contar\u00e1 con la actuaci\u00f3n de la Orquesta Sinf\u00f3nica de Lara, los 6 guitarristas finalistas, Sibelius y Los Beat3.\" \/>\n<meta name=\"robots\" content=\"index, follow\" \/>\n<meta name=\"googlebot\" content=\"index, follow, max-snippet:-1, max-image-preview:large, max-video-preview:-1\" \/>\n<meta name=\"bingbot\" content=\"index, follow, max-snippet:-1, max-image-preview:large, max-video-preview:-1\" \/>\n<link rel=\"canonical\" href=\"https:\/\/www.oidossucios.com\/site\/quinta-edicion-del-sibelius-fest-sonara-en-la-plaza-alfredo-sadel\/\" \/>\n<meta property=\"og:locale\" content=\"es_ES\" \/>\n<meta property=\"og:type\" content=\"article\" \/>\n<meta property=\"og:title\" content=\"Quinta Edici\u00f3n del Sibelius Fest sonar\u00e1 en la Plaza Alfredo Sadel - OidosSucios.Com\" \/>\n<meta property=\"og:description\" content=\"El evento contar\u00e1 con la actuaci\u00f3n de la Orquesta Sinf\u00f3nica de Lara, los 6 guitarristas finalistas, Sibelius y Los Beat3.\" \/>\n<meta property=\"og:url\" content=\"https:\/\/www.oidossucios.com\/site\/quinta-edicion-del-sibelius-fest-sonara-en-la-plaza-alfredo-sadel\/\" \/>\n<meta property=\"og:site_name\" content=\"OidosSucios.Com\" \/>\n<meta property=\"article:published_time\" content=\"2014-08-05T19:52:00+00:00\" \/>\n<meta property=\"og:image\" content=\"https:\/\/www.oidossucios.com\/site\/wp-content\/uploads\/2014\/08\/8811.jpg\" \/>\n\t<meta property=\"og:image:width\" content=\"350\" \/>\n\t<meta property=\"og:image:height\" content=\"300\" \/>\n<meta name=\"twitter:card\" content=\"summary_large_image\" \/>\n<meta name=\"twitter:creator\" content=\"@oidossucios\" \/>\n<script type=\"application\/ld+json\" class=\"yoast-schema-graph\">{\"@context\":\"https:\/\/schema.org\",\"@graph\":[{\"@type\":\"WebSite\",\"@id\":\"https:\/\/www.oidossucios.com\/site\/#website\",\"url\":\"https:\/\/www.oidossucios.com\/site\/\",\"name\":\"OidosSucios.Com\",\"description\":\"M\\u00fasica, conciertos, discos\",\"potentialAction\":[{\"@type\":\"SearchAction\",\"target\":\"https:\/\/www.oidossucios.com\/site\/?s={search_term_string}\",\"query-input\":\"required name=search_term_string\"}],\"inLanguage\":\"es\"},{\"@type\":\"ImageObject\",\"@id\":\"https:\/\/www.oidossucios.com\/site\/quinta-edicion-del-sibelius-fest-sonara-en-la-plaza-alfredo-sadel\/#primaryimage\",\"inLanguage\":\"es\",\"url\":\"https:\/\/www.oidossucios.com\/site\/wp-content\/uploads\/2014\/08\/8811.jpg\",\"width\":350,\"height\":300},{\"@type\":\"WebPage\",\"@id\":\"https:\/\/www.oidossucios.com\/site\/quinta-edicion-del-sibelius-fest-sonara-en-la-plaza-alfredo-sadel\/#webpage\",\"url\":\"https:\/\/www.oidossucios.com\/site\/quinta-edicion-del-sibelius-fest-sonara-en-la-plaza-alfredo-sadel\/\",\"name\":\"Quinta Edici\\u00f3n del Sibelius Fest sonar\\u00e1 en la Plaza Alfredo Sadel - OidosSucios.Com\",\"isPartOf\":{\"@id\":\"https:\/\/www.oidossucios.com\/site\/#website\"},\"primaryImageOfPage\":{\"@id\":\"https:\/\/www.oidossucios.com\/site\/quinta-edicion-del-sibelius-fest-sonara-en-la-plaza-alfredo-sadel\/#primaryimage\"},\"datePublished\":\"2014-08-05T19:52:00+00:00\",\"dateModified\":\"2014-08-05T19:52:00+00:00\",\"author\":{\"@id\":\"https:\/\/www.oidossucios.com\/site\/#\/schema\/person\/24559eeb76bf83a63296fb072393a688\"},\"description\":\"El evento contar\\u00e1 con la actuaci\\u00f3n de la Orquesta Sinf\\u00f3nica de Lara, los 6 guitarristas finalistas, Sibelius y Los Beat3.\",\"inLanguage\":\"es\",\"potentialAction\":[{\"@type\":\"ReadAction\",\"target\":[\"https:\/\/www.oidossucios.com\/site\/quinta-edicion-del-sibelius-fest-sonara-en-la-plaza-alfredo-sadel\/\"]}]},{\"@type\":[\"Person\"],\"@id\":\"https:\/\/www.oidossucios.com\/site\/#\/schema\/person\/24559eeb76bf83a63296fb072393a688\",\"name\":\"Oidossucios\",\"image\":{\"@type\":\"ImageObject\",\"@id\":\"https:\/\/www.oidossucios.com\/site\/#personlogo\",\"inLanguage\":\"es\",\"url\":\"https:\/\/secure.gravatar.com\/avatar\/74fcb480f42f1a33e50a0b6e6369a3f907be2e43dc84fa5f76c66e9c22b4a5ab?s=96&d=mm&r=g\",\"caption\":\"Oidossucios\"},\"sameAs\":[\"https:\/\/twitter.com\/oidossucios\"]}]}<\/script>\n<!-- \/ Yoast SEO plugin. -->","jetpack_sharing_enabled":true,"_links":{"self":[{"href":"https:\/\/www.oidossucios.com\/site\/wp-json\/wp\/v2\/posts\/8811","targetHints":{"allow":["GET"]}}],"collection":[{"href":"https:\/\/www.oidossucios.com\/site\/wp-json\/wp\/v2\/posts"}],"about":[{"href":"https:\/\/www.oidossucios.com\/site\/wp-json\/wp\/v2\/types\/post"}],"author":[{"embeddable":true,"href":"https:\/\/www.oidossucios.com\/site\/wp-json\/wp\/v2\/users\/4"}],"replies":[{"embeddable":true,"href":"https:\/\/www.oidossucios.com\/site\/wp-json\/wp\/v2\/comments?post=8811"}],"version-history":[{"count":0,"href":"https:\/\/www.oidossucios.com\/site\/wp-json\/wp\/v2\/posts\/8811\/revisions"}],"wp:featuredmedia":[{"embeddable":true,"href":"https:\/\/www.oidossucios.com\/site\/wp-json\/wp\/v2\/media\/100008811"}],"wp:attachment":[{"href":"https:\/\/www.oidossucios.com\/site\/wp-json\/wp\/v2\/media?parent=8811"}],"wp:term":[{"taxonomy":"category","embeddable":true,"href":"https:\/\/www.oidossucios.com\/site\/wp-json\/wp\/v2\/categories?post=8811"},{"taxonomy":"post_tag","embeddable":true,"href":"https:\/\/www.oidossucios.com\/site\/wp-json\/wp\/v2\/tags?post=8811"}],"curies":[{"name":"wp","href":"https:\/\/api.w.org\/{rel}","templated":true}]}}