{"id":8813,"date":"2014-08-06T05:03:00","date_gmt":"2014-08-06T05:03:00","guid":{"rendered":"https:\/\/www.oidossucios.com\/site\/2014\/08\/06\/ohmio-arranco-la-gira-nacional-con-el-tour-origami-2014\/"},"modified":"2014-08-06T05:03:00","modified_gmt":"2014-08-06T05:03:00","slug":"ohmio-arranco-la-gira-nacional-con-el-tour-origami-2014","status":"publish","type":"post","link":"https:\/\/www.oidossucios.com\/site\/ohmio-arranco-la-gira-nacional-con-el-tour-origami-2014\/","title":{"rendered":"Ohmio arranc\u00f3 la gira nacional con el tour Origami 2014"},"content":{"rendered":"<p style=\"text-align: justify;\">La banda de electrorock Oriental Ohmio, no quiso darle m&aacute;s tregua a los toques a nivel nacional y arrancaron el Tour Origami por algunas de las ciudades m&aacute;s importantes de Venezuela. <\/p>\n<p>Ohmio lanz&oacute; en mayo de este a&ntilde;o su m&aacute;s reciente disco Origami, el cual tuvo un &eacute;xito importante, haci&eacute;ndoles tomar la decisi&oacute;n de comenzar la gira lo antes posible. Las primeras ciudades que pisaron fue la de Pto. La cruz,&nbsp; Cuman&aacute; y Matur&iacute;n donde se encontraron los locales repletos de fans que cantaban los temas de su nuevo material de estudio.<\/p>\n<p style=\"text-align: justify;\">La banda se ha propuesto llevar su nuevo show a varios escenarios del pa&iacute;s, por lo que &eacute;sta vez visitaran la ciudad de Valencia el 8 de agosto en el local nocturno Cual Bar, para el d&iacute;a 14 de agosto estar&aacute;n en la ciudad de Coro en el pase Alameda&nbsp; y luego se ir&aacute;n a Caracas el 06 de septiembre para culminar esta primera etapa de la gira en el Centro Cultural Chacao, Origami se mantendra para descarga gratuita enWWW.OHMIOBAND.COM<\/p>\n<p>Para saber m&aacute;s de &eacute;sta y otras informaciones s&iacute;ganlos por @ohmioband @urbanmediaccs.<\/p>\n<p style=\"text-align: justify;\">Fuente: Nota de Prensa<\/p>\n","protected":false},"excerpt":{"rendered":"<p>Ohmio lanz\u00f3 en mayo de este a\u00f1o su disco Origami, el cual tuvo un \u00e9xito importante, haci\u00e9ndoles tomar la decisi\u00f3n de comenzar la gira <\/p>\n","protected":false},"author":4,"featured_media":100008813,"comment_status":"open","ping_status":"open","sticky":false,"template":"","format":"standard","meta":{"_jetpack_memberships_contains_paid_content":false,"footnotes":""},"categories":[142],"tags":[],"class_list":["post-8813","post","type-post","status-publish","format-standard","has-post-thumbnail","hentry","category-buzznews"],"jetpack_featured_media_url":"https:\/\/www.oidossucios.com\/site\/wp-content\/uploads\/2014\/08\/8813.jpg","yoast_head":"<!-- This site is optimized with the Yoast SEO plugin v14.0.4 - https:\/\/yoast.com\/wordpress\/plugins\/seo\/ -->\n<title>Ohmio arranc\u00f3 la gira nacional con el tour Origami 2014 - OidosSucios.Com<\/title>\n<meta name=\"description\" content=\"Ohmio lanz\u00f3 en mayo de este a\u00f1o su disco Origami, el cual tuvo un \u00e9xito importante, haci\u00e9ndoles tomar la decisi\u00f3n de comenzar la gira\" \/>\n<meta name=\"robots\" content=\"index, follow\" \/>\n<meta name=\"googlebot\" content=\"index, follow, max-snippet:-1, max-image-preview:large, max-video-preview:-1\" \/>\n<meta name=\"bingbot\" content=\"index, follow, max-snippet:-1, max-image-preview:large, max-video-preview:-1\" \/>\n<link rel=\"canonical\" href=\"https:\/\/www.oidossucios.com\/site\/ohmio-arranco-la-gira-nacional-con-el-tour-origami-2014\/\" \/>\n<meta property=\"og:locale\" content=\"es_ES\" \/>\n<meta property=\"og:type\" content=\"article\" \/>\n<meta property=\"og:title\" content=\"Ohmio arranc\u00f3 la gira nacional con el tour Origami 2014 - OidosSucios.Com\" \/>\n<meta property=\"og:description\" content=\"Ohmio lanz\u00f3 en mayo de este a\u00f1o su disco Origami, el cual tuvo un \u00e9xito importante, haci\u00e9ndoles tomar la decisi\u00f3n de comenzar la gira\" \/>\n<meta property=\"og:url\" content=\"https:\/\/www.oidossucios.com\/site\/ohmio-arranco-la-gira-nacional-con-el-tour-origami-2014\/\" \/>\n<meta property=\"og:site_name\" content=\"OidosSucios.Com\" \/>\n<meta property=\"article:published_time\" content=\"2014-08-06T05:03:00+00:00\" \/>\n<meta property=\"og:image\" content=\"https:\/\/www.oidossucios.com\/site\/wp-content\/uploads\/2014\/08\/8813.jpg\" \/>\n\t<meta property=\"og:image:width\" content=\"350\" \/>\n\t<meta property=\"og:image:height\" content=\"300\" \/>\n<meta name=\"twitter:card\" content=\"summary_large_image\" \/>\n<meta name=\"twitter:creator\" content=\"@oidossucios\" \/>\n<script type=\"application\/ld+json\" class=\"yoast-schema-graph\">{\"@context\":\"https:\/\/schema.org\",\"@graph\":[{\"@type\":\"WebSite\",\"@id\":\"https:\/\/www.oidossucios.com\/site\/#website\",\"url\":\"https:\/\/www.oidossucios.com\/site\/\",\"name\":\"OidosSucios.Com\",\"description\":\"M\\u00fasica, conciertos, discos\",\"potentialAction\":[{\"@type\":\"SearchAction\",\"target\":\"https:\/\/www.oidossucios.com\/site\/?s={search_term_string}\",\"query-input\":\"required name=search_term_string\"}],\"inLanguage\":\"es\"},{\"@type\":\"ImageObject\",\"@id\":\"https:\/\/www.oidossucios.com\/site\/ohmio-arranco-la-gira-nacional-con-el-tour-origami-2014\/#primaryimage\",\"inLanguage\":\"es\",\"url\":\"https:\/\/www.oidossucios.com\/site\/wp-content\/uploads\/2014\/08\/8813.jpg\",\"width\":350,\"height\":300},{\"@type\":\"WebPage\",\"@id\":\"https:\/\/www.oidossucios.com\/site\/ohmio-arranco-la-gira-nacional-con-el-tour-origami-2014\/#webpage\",\"url\":\"https:\/\/www.oidossucios.com\/site\/ohmio-arranco-la-gira-nacional-con-el-tour-origami-2014\/\",\"name\":\"Ohmio arranc\\u00f3 la gira nacional con el tour Origami 2014 - OidosSucios.Com\",\"isPartOf\":{\"@id\":\"https:\/\/www.oidossucios.com\/site\/#website\"},\"primaryImageOfPage\":{\"@id\":\"https:\/\/www.oidossucios.com\/site\/ohmio-arranco-la-gira-nacional-con-el-tour-origami-2014\/#primaryimage\"},\"datePublished\":\"2014-08-06T05:03:00+00:00\",\"dateModified\":\"2014-08-06T05:03:00+00:00\",\"author\":{\"@id\":\"https:\/\/www.oidossucios.com\/site\/#\/schema\/person\/24559eeb76bf83a63296fb072393a688\"},\"description\":\"Ohmio lanz\\u00f3 en mayo de este a\\u00f1o su disco Origami, el cual tuvo un \\u00e9xito importante, haci\\u00e9ndoles tomar la decisi\\u00f3n de comenzar la gira\",\"inLanguage\":\"es\",\"potentialAction\":[{\"@type\":\"ReadAction\",\"target\":[\"https:\/\/www.oidossucios.com\/site\/ohmio-arranco-la-gira-nacional-con-el-tour-origami-2014\/\"]}]},{\"@type\":[\"Person\"],\"@id\":\"https:\/\/www.oidossucios.com\/site\/#\/schema\/person\/24559eeb76bf83a63296fb072393a688\",\"name\":\"Oidossucios\",\"image\":{\"@type\":\"ImageObject\",\"@id\":\"https:\/\/www.oidossucios.com\/site\/#personlogo\",\"inLanguage\":\"es\",\"url\":\"https:\/\/secure.gravatar.com\/avatar\/74fcb480f42f1a33e50a0b6e6369a3f907be2e43dc84fa5f76c66e9c22b4a5ab?s=96&d=mm&r=g\",\"caption\":\"Oidossucios\"},\"sameAs\":[\"https:\/\/twitter.com\/oidossucios\"]}]}<\/script>\n<!-- \/ Yoast SEO plugin. -->","jetpack_sharing_enabled":true,"_links":{"self":[{"href":"https:\/\/www.oidossucios.com\/site\/wp-json\/wp\/v2\/posts\/8813","targetHints":{"allow":["GET"]}}],"collection":[{"href":"https:\/\/www.oidossucios.com\/site\/wp-json\/wp\/v2\/posts"}],"about":[{"href":"https:\/\/www.oidossucios.com\/site\/wp-json\/wp\/v2\/types\/post"}],"author":[{"embeddable":true,"href":"https:\/\/www.oidossucios.com\/site\/wp-json\/wp\/v2\/users\/4"}],"replies":[{"embeddable":true,"href":"https:\/\/www.oidossucios.com\/site\/wp-json\/wp\/v2\/comments?post=8813"}],"version-history":[{"count":0,"href":"https:\/\/www.oidossucios.com\/site\/wp-json\/wp\/v2\/posts\/8813\/revisions"}],"wp:featuredmedia":[{"embeddable":true,"href":"https:\/\/www.oidossucios.com\/site\/wp-json\/wp\/v2\/media\/100008813"}],"wp:attachment":[{"href":"https:\/\/www.oidossucios.com\/site\/wp-json\/wp\/v2\/media?parent=8813"}],"wp:term":[{"taxonomy":"category","embeddable":true,"href":"https:\/\/www.oidossucios.com\/site\/wp-json\/wp\/v2\/categories?post=8813"},{"taxonomy":"post_tag","embeddable":true,"href":"https:\/\/www.oidossucios.com\/site\/wp-json\/wp\/v2\/tags?post=8813"}],"curies":[{"name":"wp","href":"https:\/\/api.w.org\/{rel}","templated":true}]}}