{"id":882,"date":"2003-11-27T02:12:00","date_gmt":"2003-11-27T02:12:00","guid":{"rendered":"https:\/\/www.oidossucios.com\/site\/2003\/11\/27\/paul-gillman-la-corte-factor-mental-y-horacio-blanco-encabezan-el-festival-desde-el-eje\/"},"modified":"2003-11-27T02:12:00","modified_gmt":"2003-11-27T02:12:00","slug":"paul-gillman-la-corte-factor-mental-y-horacio-blanco-encabezan-el-festival-desde-el-eje","status":"publish","type":"post","link":"https:\/\/www.oidossucios.com\/site\/paul-gillman-la-corte-factor-mental-y-horacio-blanco-encabezan-el-festival-desde-el-eje\/","title":{"rendered":"Paul Gillman, La Corte, Factor Mental y Horacio Blanco encabezan el festival &#8216;Desde el eje&#8217;"},"content":{"rendered":"<p>&#8216;Oye Pa\u00fal, \u00bfPor qu\u00e9 no hacemos un festival de rock en Caracas y llevamos a estos muchachos?&#8217;, con esas palabras emitidas por el presidente Hugo Ch\u00e1vez en la transmisi\u00f3n que meses atr\u00e1s hiciese de su programa &#8216;Alo Presidente&#8217; desde Argentina mientras la agrupaci\u00f3n sure\u00f1a Tren Loco amenizaba el programa, se gest\u00f3 el festival producido por Paul Gillman y el CONAC, que este jueves comenzar\u00e1 en Caracas y que durante 4 d\u00edas presentar\u00e1 a bandas venidas de Cuba, Colombia, Brasil, Argentina y por supuesto, Venezuela.<\/p>\n<p>El jueves el Teatro Teresa Carre\u00f1o, el viernes la sede de la Universidad Bolivariana de Venezuela, el s\u00e1bado el Cuartel San Carlos y La Plaza de los Museos y el domingo el Paseo Los Pr\u00f3ceres, ser\u00e1n los escenarios que albergar\u00e1n este evento.<\/p>\n<p>Las presentaciones internacionales correr\u00e1n a cargo de Tren Loco, Las Manos de Filippi y Actitud Mar\u00eda Marta (Argentina), Kraken (Colombia), An\u00f3nimo Consejo (Cuba) y Shaman (Brasil). <\/p>\n<p>Lo m\u00e1s destacado de la secci\u00f3n nacional loconforman La Corte, Factor Mental, Palmeras Kan\u00edbales junto a Horacio Blanco, Skabiosis, Guerrilla Seca, Cronos y por supuesto, el gestor de todo el evento, Paul Gillman.<\/p>\n","protected":false},"excerpt":{"rendered":"<p>Este jueves comienza el festival de rock prometido por el presidente Ch\u00e1vez en su \u00faltima visita a Argentina. Durante 4 d\u00edas, agrupaciones de Venezuela, Cuba, Brasil, Colombia y Argentina estar\u00e1n tocando en diversos lugares de Caracas.<\/p>\n","protected":false},"author":4,"featured_media":10000878,"comment_status":"open","ping_status":"open","sticky":false,"template":"","format":"standard","meta":{"_jetpack_memberships_contains_paid_content":false,"footnotes":""},"categories":[250],"tags":[269],"class_list":["post-882","post","type-post","status-publish","format-standard","has-post-thumbnail","hentry","category-noticias","tag-gillman"],"jetpack_featured_media_url":"https:\/\/www.oidossucios.com\/site\/wp-content\/uploads\/2003\/11\/878.jpg","yoast_head":"<!-- This site is optimized with the Yoast SEO plugin v14.0.4 - https:\/\/yoast.com\/wordpress\/plugins\/seo\/ -->\n<title>Paul Gillman, La Corte, Factor Mental y Horacio Blanco encabezan el festival &#039;Desde el eje&#039; - OidosSucios.Com<\/title>\n<meta name=\"description\" content=\"El v\u00eddeo de &#039;El Ultimo Polvo&#039; le ha valido a la agrupaci\u00f3n para convertirse en la primera banda venezolana en entrar en el conteo de los 10 principales videos de la cadena.\" \/>\n<meta name=\"robots\" content=\"index, follow\" \/>\n<meta name=\"googlebot\" content=\"index, follow, max-snippet:-1, max-image-preview:large, max-video-preview:-1\" \/>\n<meta name=\"bingbot\" content=\"index, follow, max-snippet:-1, max-image-preview:large, max-video-preview:-1\" \/>\n<link rel=\"canonical\" href=\"https:\/\/www.oidossucios.com\/site\/paul-gillman-la-corte-factor-mental-y-horacio-blanco-encabezan-el-festival-desde-el-eje\/\" \/>\n<meta property=\"og:locale\" content=\"es_ES\" \/>\n<meta property=\"og:type\" content=\"article\" \/>\n<meta property=\"og:title\" content=\"Paul Gillman, La Corte, Factor Mental y Horacio Blanco encabezan el festival &#039;Desde el eje&#039; - OidosSucios.Com\" \/>\n<meta property=\"og:description\" content=\"El v\u00eddeo de &#039;El Ultimo Polvo&#039; le ha valido a la agrupaci\u00f3n para convertirse en la primera banda venezolana en entrar en el conteo de los 10 principales videos de la cadena.\" \/>\n<meta property=\"og:url\" content=\"https:\/\/www.oidossucios.com\/site\/paul-gillman-la-corte-factor-mental-y-horacio-blanco-encabezan-el-festival-desde-el-eje\/\" \/>\n<meta property=\"og:site_name\" content=\"OidosSucios.Com\" \/>\n<meta property=\"article:published_time\" content=\"2003-11-27T02:12:00+00:00\" \/>\n<meta property=\"og:image\" content=\"https:\/\/www.oidossucios.com\/site\/wp-content\/uploads\/2003\/11\/878.jpg\" \/>\n\t<meta property=\"og:image:width\" content=\"290\" \/>\n\t<meta property=\"og:image:height\" content=\"100\" \/>\n<meta name=\"twitter:card\" content=\"summary_large_image\" \/>\n<meta name=\"twitter:creator\" content=\"@oidossucios\" \/>\n<script type=\"application\/ld+json\" class=\"yoast-schema-graph\">{\"@context\":\"https:\/\/schema.org\",\"@graph\":[{\"@type\":\"WebSite\",\"@id\":\"https:\/\/www.oidossucios.com\/site\/#website\",\"url\":\"https:\/\/www.oidossucios.com\/site\/\",\"name\":\"OidosSucios.Com\",\"description\":\"M\\u00fasica, conciertos, discos\",\"potentialAction\":[{\"@type\":\"SearchAction\",\"target\":\"https:\/\/www.oidossucios.com\/site\/?s={search_term_string}\",\"query-input\":\"required name=search_term_string\"}],\"inLanguage\":\"es\"},{\"@type\":\"ImageObject\",\"@id\":\"https:\/\/www.oidossucios.com\/site\/paul-gillman-la-corte-factor-mental-y-horacio-blanco-encabezan-el-festival-desde-el-eje\/#primaryimage\",\"inLanguage\":\"es\",\"url\":\"https:\/\/www.oidossucios.com\/site\/wp-content\/uploads\/2003\/11\/878.jpg\",\"width\":290,\"height\":100},{\"@type\":\"WebPage\",\"@id\":\"https:\/\/www.oidossucios.com\/site\/paul-gillman-la-corte-factor-mental-y-horacio-blanco-encabezan-el-festival-desde-el-eje\/#webpage\",\"url\":\"https:\/\/www.oidossucios.com\/site\/paul-gillman-la-corte-factor-mental-y-horacio-blanco-encabezan-el-festival-desde-el-eje\/\",\"name\":\"Paul Gillman, La Corte, Factor Mental y Horacio Blanco encabezan el festival 'Desde el eje' - OidosSucios.Com\",\"isPartOf\":{\"@id\":\"https:\/\/www.oidossucios.com\/site\/#website\"},\"primaryImageOfPage\":{\"@id\":\"https:\/\/www.oidossucios.com\/site\/paul-gillman-la-corte-factor-mental-y-horacio-blanco-encabezan-el-festival-desde-el-eje\/#primaryimage\"},\"datePublished\":\"2003-11-27T02:12:00+00:00\",\"dateModified\":\"2003-11-27T02:12:00+00:00\",\"author\":{\"@id\":\"https:\/\/www.oidossucios.com\/site\/#\/schema\/person\/24559eeb76bf83a63296fb072393a688\"},\"description\":\"El v\\u00eddeo de 'El Ultimo Polvo' le ha valido a la agrupaci\\u00f3n para convertirse en la primera banda venezolana en entrar en el conteo de los 10 principales videos de la cadena.\",\"inLanguage\":\"es\",\"potentialAction\":[{\"@type\":\"ReadAction\",\"target\":[\"https:\/\/www.oidossucios.com\/site\/paul-gillman-la-corte-factor-mental-y-horacio-blanco-encabezan-el-festival-desde-el-eje\/\"]}]},{\"@type\":[\"Person\"],\"@id\":\"https:\/\/www.oidossucios.com\/site\/#\/schema\/person\/24559eeb76bf83a63296fb072393a688\",\"name\":\"Oidossucios\",\"image\":{\"@type\":\"ImageObject\",\"@id\":\"https:\/\/www.oidossucios.com\/site\/#personlogo\",\"inLanguage\":\"es\",\"url\":\"https:\/\/secure.gravatar.com\/avatar\/74fcb480f42f1a33e50a0b6e6369a3f907be2e43dc84fa5f76c66e9c22b4a5ab?s=96&d=mm&r=g\",\"caption\":\"Oidossucios\"},\"sameAs\":[\"https:\/\/twitter.com\/oidossucios\"]}]}<\/script>\n<!-- \/ Yoast SEO plugin. -->","jetpack_sharing_enabled":true,"_links":{"self":[{"href":"https:\/\/www.oidossucios.com\/site\/wp-json\/wp\/v2\/posts\/882","targetHints":{"allow":["GET"]}}],"collection":[{"href":"https:\/\/www.oidossucios.com\/site\/wp-json\/wp\/v2\/posts"}],"about":[{"href":"https:\/\/www.oidossucios.com\/site\/wp-json\/wp\/v2\/types\/post"}],"author":[{"embeddable":true,"href":"https:\/\/www.oidossucios.com\/site\/wp-json\/wp\/v2\/users\/4"}],"replies":[{"embeddable":true,"href":"https:\/\/www.oidossucios.com\/site\/wp-json\/wp\/v2\/comments?post=882"}],"version-history":[{"count":0,"href":"https:\/\/www.oidossucios.com\/site\/wp-json\/wp\/v2\/posts\/882\/revisions"}],"wp:featuredmedia":[{"embeddable":true,"href":"https:\/\/www.oidossucios.com\/site\/wp-json\/wp\/v2\/media\/10000878"}],"wp:attachment":[{"href":"https:\/\/www.oidossucios.com\/site\/wp-json\/wp\/v2\/media?parent=882"}],"wp:term":[{"taxonomy":"category","embeddable":true,"href":"https:\/\/www.oidossucios.com\/site\/wp-json\/wp\/v2\/categories?post=882"},{"taxonomy":"post_tag","embeddable":true,"href":"https:\/\/www.oidossucios.com\/site\/wp-json\/wp\/v2\/tags?post=882"}],"curies":[{"name":"wp","href":"https:\/\/api.w.org\/{rel}","templated":true}]}}