{"id":8833,"date":"2014-08-16T04:26:00","date_gmt":"2014-08-16T04:26:00","guid":{"rendered":"https:\/\/www.oidossucios.com\/site\/2014\/08\/16\/aprobada-la-ley-de-proteccion-social-integral-al-artista-y-cultor-nacional\/"},"modified":"2014-08-16T04:26:00","modified_gmt":"2014-08-16T04:26:00","slug":"aprobada-la-ley-de-proteccion-social-integral-al-artista-y-cultor-nacional","status":"publish","type":"post","link":"https:\/\/www.oidossucios.com\/site\/aprobada-la-ley-de-proteccion-social-integral-al-artista-y-cultor-nacional\/","title":{"rendered":"Aprobada la Ley de Protecci\u00f3n Social Integral al Artista y Cultor Nacional"},"content":{"rendered":"<p style=\"text-align: justify;\">La Asamblea Nacional aprob&oacute; este jueves, en segunda discusi&oacute;n, la Ley de Protecci&oacute;n Social Integral Al Artista y Cultor Nacional, un instrumento que busca defender los intereses de los artistas nacionales y regular las contrataciones de los mismos; diferente a la &rdquo;Ley Org&aacute;nica de la Cultura&rdquo;, promulgada el a&ntilde;o pasado generando varios debates est&eacute;riles en el ambiente cultural &ndash;m&aacute;s por desconocimiento que por reales implicaciones- y al final, result&oacute; que su impacto en la vida diaria del mundo art&iacute;stico ha sido nula.<\/p>\n<p>Este nuevo ordenamiento nace de una serie de planteamientos realizados en el 2011 por el hoy presidente de TeleAragua, Esteban Trapiello. En una <a href=\"\/noticias\/4538\/una-nueva-normativa-regularia-la-presencia-nacional\/\" target=\"_blank\" rel=\"noopener noreferrer\">entrevista con esta misma p&aacute;gina<\/a>, Trapiello ped&iacute;a una relaci&oacute;n de 3 a 1 en los artistas nacionales con extranjeros. <strong>Hasta hoy, esa regulaci&oacute;n no exist&iacute;a.<\/strong> Siempre se vivi&oacute; bajo el mito de la compensaci&oacute;n nacional en los shows de artistas extranjeros, pero no hab&iacute;a ninguna ley al respecto. Hubo presi&oacute;n de sindicatos realmente poderosos en los 80s (la &eacute;poca de Franco de Vita, Yordano, Guillermo D&aacute;vila, etc.) que pon&iacute;an al productor en un compromiso de aceptar a un artista nacional, pero nunca fue una obligaci&oacute;n. Se mantuvo como tradici&oacute;n <strong>hasta hoy que fue reglamentado: pasamos a un 1 a 1.<\/strong><\/p>\n<p>El a&ntilde;o pasado fue introducido el proyecto de ley, propuesto por el diputado Carlos Sierra (PSUV) y ayer ha sido finalmente aprobado. En conversaci&oacute;n con OidosSucios.com en febrero de este a&ntilde;o,&nbsp; una vez finalizado el per&iacute;odo de consulta p&uacute;blica que se llev&oacute; a cabo en todo el pa&iacute;s, el diputado coment&oacute; que se buscaba &ldquo;la igualdad en el trato y beneficios para los artistas nacionales. No podemos admitir que veamos tantas ferias regionales donde el talento nacional es humillado&rdquo;. Es decir, la ley fue pensada para atacar esas fiestas patronales donde suele verse mucho artista internacional, pero, de acuerdo a nuestras investigaciones, fue poco pensada para los shows individuales.<\/p>\n<p>Al contrario de la Ley de Cultura, esta si afecta directamente al rock nacional &ndash;y la industria musical en general-, sobre todo en los espect&aacute;culos con presencia internacional. A continuaci&oacute;n, podr&aacute;s ver un resumen de los detalles m&aacute;s llamativos del texto que ha sido aprobado. Adem&aacute;s, contamos con la opini&oacute;n de dos directores de empresas nacionales productoras de eventos al respecto. Ambos nos pidieron mantener sus identidades en resguardo debido a alg&uacute;n conflicto que puedan tener por airear sus declaraciones.<\/p>\n<p>La ley final ser&aacute; publicado en los pr&oacute;ximos d&iacute;as en Gaceta Oficial. El an&aacute;lisis que ver&aacute;s a continuaci&oacute;n est&aacute; basado en los dos textos que han sido publicados por internet. El <a href=\"http:\/\/es.scribd.com\/doc\/236934646\/Proyecto-de-Ley-Del-Artista\">proyecto de ley<\/a> y el documento con las <a href=\"http:\/\/es.scribd.com\/doc\/236934534\/Ley-de-proteccio-n-social-integral-al-artista-y-cultor-nacional-2\" target=\"_blank\" rel=\"noopener noreferrer\">modificaciones de la segunda discusi&oacute;n<\/a>. Como existen algunas discrepancias, publicamos apoyados en los n&uacute;meros menos fatalistas. Esta vez, el diputado Sierra, que tan interesado estaba en hablar en la &eacute;poca de promoci&oacute;n del proyecto, se ha cerrado en banda para comentarla y compartir el texto final.<\/p>\n<p><strong>Deberes del artista<\/strong>: En el marco te&oacute;rico de la ley se encuentra un vac&iacute;o peligroso en los deberes del artista. Aqu&iacute; reza como obligatoriedad &ldquo;contribuir al desarrollo cultural de la naci&oacute;n, enalteciendo los valores y s&iacute;mbolos patrios, Promoviendo una sociedad amante de la paz, la justicia, la solidaridad, y el bien com&uacute;n&rdquo; &iquest;Se acab&oacute; la m&uacute;sica de protesta? &iquest;Se institucionaliza el neofolklore?<\/p>\n<p><strong>Propiedad Intelectual<\/strong>: Una batalla ganada por SACVEN. Se habla por primera vez de la obligatoriedad de una remuneraci&oacute;n por la difusi&oacute;n de las obras en cualquier medio. Es decir, ya no solo est&aacute; regulado el cobro de regal&iacute;as por discos y reproducciones en medios tradicionales, sino que tambi&eacute;n se habla de medios digitales. Ahora los artistas cobrar&aacute;n por reproducciones de sus obras en internet, pero &iquest;C&oacute;mo se regular&aacute; esto?<\/p>\n<p><strong>Seguridad Social<\/strong>: El r&eacute;gimen de seguridad social fue algo pedido por unanimidad. Si esto realmente llega a funcionar como est&aacute; escrito, los artistas&nbsp; tendr&aacute;n acceso a los servicios de protecci&oacute;n social de cualquier trabajador. Era penoso ver la recolecci&oacute;n de vacas para ayudar a cultores ca&iacute;dos en desgracia. Espero que, al menos, est&aacute; secci&oacute;n se cumpla a cabalidad.<\/p>\n<p><strong>Trabajador cultural<\/strong>: Marco regulatorio a la actividad laboral del artista. Se establece que las horas de trabajo de los artistas son distintas a las de un trabajador normal, propia de la actividad que ejercen.<\/p>\n<p><strong>Contratos<\/strong>: Se regula una tradici&oacute;n en la contrataci&oacute;n de artistas: el 50% de pago por adelantado antes de cada show. Adem&aacute;s, se da forma al contrato laboral entre artista y contratante, especificando que no necesariamente debe ser escrito. Es decir, un acuerdo de palabra para la presentaci&oacute;n de un show, siempre que se hayan especificado todas las condiciones, tiene igual de validez y debe ser cumplido por ambas partes.<\/p>\n<p><strong>Visados<\/strong>: Es donde comienza a ponerse escabroso el texto al tocar el tema de los artistas extranjeros. Establece la obligatoriedad del contrato para la emisi&oacute;n de una visa de trabajo, un tema que ha tenido m&uacute;ltiple difusi&oacute;n en los &uacute;ltimos a&ntilde;os a ra&iacute;z de la <a href=\"http:\/\/t.planetrufi.com\/post\/6224662115\/sobre-las-visas-de-trabajo-para-los-shows-en-venezuela\" target=\"_blank\" rel=\"noopener noreferrer\">suspensi&oacute;n de shows y el a&uacute;n confuso episodio con Gustavo Cerati<\/a>. Por otro lado, con esta disposici&oacute;n, se sobre entiende que ya el gobierno sabr&aacute;, de manera oficial, cuanto cobra cada artista que se presenta en el pa&iacute;s. En consecuencia, te&oacute;ricamente deber&iacute;a saber de d&oacute;nde salen los d&oacute;lares para esa contrataci&oacute;n y tambi&eacute;n podr&iacute;a aplicar la f&oacute;rmula de precios justos para el c&aacute;lculo de precios de las entradas &iquest;no?<\/p>\n<p><strong>Presencia nacional<\/strong>: Fin al mito. Es obligatoria la presencia de un artista nacional en cualquier show de artista internacional. Conciertos como los que vimos en los &uacute;ltimos tiempos de Soda Stereo, Smashing Pumpkins, Gustavo Cerati, Charly Garc&iacute;a, Elton John &ndash;por solo citar algunos- tendr&iacute;an dificultades en este marco. M&aacute;s cuando hay artistas que bajo ning&uacute;n concepto aceptan un show de apertura.<\/p>\n<p>Nota: aunque en el proyecto de ley aparece una relaci&oacute;n de 1 a 1, en algunos textos de internet se ha publicado que la relaci&oacute;n final aprobado ha sido 4 a 1 (4 artistas nacionales por cada artista internacional).<\/p>\n<p style=\"text-align: justify;\"><strong>Igualdad en la publicidad<\/strong>: Participaci&oacute;n equitativa en la publicidad. Es decir, m&aacute;s nunca usted ver&aacute; &ldquo;AEROSMITH&hellip; y por Venezuela: DelPez&rdquo; sino &ldquo;AEROSMITH y DELPEZ&rdquo;, al mismo tama&ntilde;o de letra y mismo tama&ntilde;o de foto de los artistas. Uno de los productores consultados nos comenta &ldquo;Es imposible. Toda la publicidad es aprobada previamente por el extranjero, quien adem&aacute;s, generalmente est&#038;aac<br \/>\nute; en promoci&oacute;n y viene con toda su imagen armada. Nadie nos va a aceptar que exista un artista que aparezca en la misma proporci&oacute;n que ellos&rdquo;.<\/p>\n<p><strong>Igualdad en la participaci&oacute;n<\/strong>: 50% de participaci&oacute;n equitativa entre artista nacional e internacional. Es decir, si est&aacute; ley hubiese existido en el 2010, Dischord hubiese tenido que tocar la misma cantidad de tiempo que Metallica. &ldquo;JAJAJAJAJAJAJA&rdquo; nos respondi&oacute; el mismo productor del art&iacute;culo anterior.<\/p>\n<p><strong>Remuneraci&oacute;n<\/strong>: El artista nacional debe percibir, al menos, 30% de la remuneraci&oacute;n del artista internacional. Algo totalmente inaplicable. Supongamos que vienen los Rolling Stones el pr&oacute;ximo a&ntilde;o y un productor accede a pagar alrededor de los 5 millones de d&oacute;lares que est&aacute;n pidiendo por cada show en Sudam&eacute;rica. Si a Pixel le toca abrir ese concierto &iquest;Pablo Dagnino se llevar&aacute; a su casa 1.500.000 d&oacute;lares? &ldquo;Es una total locura. No podremos hacer ning&uacute;n concierto entonces. Yo le pago a los artistas lo que me piden, unos cuestan m&aacute;s que otros, pero en un show grande, generalmente destinamos a la compensaci&oacute;n nacional alrededor de BsF. 200.000. No podemos pagar m&aacute;s de eso&rdquo; Nos dijo otro productor.<\/p>\n<p>Nota: Igualmente, en algunos textos de internet aparece que la remuneraci&oacute;n fue modificada y ya no ser&iacute;a un 30% sino un 100%. M&aacute;s disparatado a&uacute;n.<\/p>\n<p><strong>Fondo para los cultores<\/strong>: Un nuevo fondo para la cultura, un nuevo aporte (del 6% de la utilidad de cada show para las empresas que hacen conciertos internacionales).&nbsp; Si va a ser gestionado del mismo modo que el fondo del deporte o el de la mencionada Ley de la Cultura, ser&aacute; una nueva caja negra de resultados inesperados&hellip; e improbables.<\/p>\n<p>El monto originalmente planteado fue del 1%, pero fue cambiado ayer a &uacute;ltima hora en la discusi&oacute;n. Ante la consulta a uno de los productores, nos coment&oacute; &ldquo;La &uacute;nica forma de pagarlo es subiendo el precio de las entradas. El 6% a veces es m&aacute;s de nuestra ganancia&rdquo;.<\/p>\n<p><strong>Premios<\/strong>: Se crea el premio &ldquo;Glorias Art&iacute;sticas de Venezuela&rdquo;, para los artistas con destacada trayectoria por m&aacute;s de 30 a&ntilde;os.<\/p>\n<p>Fuera de la regulaci&oacute;n quedaron varios aspectos que luchaban por entrar: el cobro de regal&iacute;as por repeticiones de seriados en televisi&oacute;n, la igualdad de condiciones t&eacute;cnicas para los artistas nacionales respecto a los internacionales y la fijaci&oacute;n de un par&aacute;metro tangible para el c&aacute;lculo de precios de las entradas en shows internacionales. Por ahora, este es el documento que entrar&aacute; en vigencia tan pronto sea publicado en Gaceta Oficial, la semana pr&oacute;xima.<\/p>\n","protected":false},"excerpt":{"rendered":"<p>El nuevo reglamento, aprobado en segunda discusi\u00f3n hoy por la Asamblea Nacional, s\u00ed tiene incidencia directa en el mundo del rock de nuestro pa\u00eds. <\/p>\n","protected":false},"author":4,"featured_media":100008833,"comment_status":"open","ping_status":"open","sticky":false,"template":"","format":"standard","meta":{"_jetpack_memberships_contains_paid_content":false,"footnotes":""},"categories":[250],"tags":[],"class_list":["post-8833","post","type-post","status-publish","format-standard","has-post-thumbnail","hentry","category-noticias"],"jetpack_featured_media_url":"https:\/\/www.oidossucios.com\/site\/wp-content\/uploads\/2014\/08\/8833.jpg","yoast_head":"<!-- This site is optimized with the Yoast SEO plugin v14.0.4 - https:\/\/yoast.com\/wordpress\/plugins\/seo\/ -->\n<title>Aprobada la Ley de Protecci\u00f3n Social Integral al Artista y Cultor Nacional - OidosSucios.Com<\/title>\n<meta name=\"description\" content=\"El nuevo reglamento, aprobado en segunda discusi\u00f3n hoy por la Asamblea Nacional, s\u00ed tiene incidencia directa en el mundo del rock de nuestro pa\u00eds.\" \/>\n<meta name=\"robots\" content=\"index, follow\" \/>\n<meta name=\"googlebot\" content=\"index, follow, max-snippet:-1, max-image-preview:large, max-video-preview:-1\" \/>\n<meta name=\"bingbot\" content=\"index, follow, max-snippet:-1, max-image-preview:large, max-video-preview:-1\" \/>\n<link rel=\"canonical\" href=\"https:\/\/www.oidossucios.com\/site\/aprobada-la-ley-de-proteccion-social-integral-al-artista-y-cultor-nacional\/\" \/>\n<meta property=\"og:locale\" content=\"es_ES\" \/>\n<meta property=\"og:type\" content=\"article\" \/>\n<meta property=\"og:title\" content=\"Aprobada la Ley de Protecci\u00f3n Social Integral al Artista y Cultor Nacional - OidosSucios.Com\" \/>\n<meta property=\"og:description\" content=\"El nuevo reglamento, aprobado en segunda discusi\u00f3n hoy por la Asamblea Nacional, s\u00ed tiene incidencia directa en el mundo del rock de nuestro pa\u00eds.\" \/>\n<meta property=\"og:url\" content=\"https:\/\/www.oidossucios.com\/site\/aprobada-la-ley-de-proteccion-social-integral-al-artista-y-cultor-nacional\/\" \/>\n<meta property=\"og:site_name\" content=\"OidosSucios.Com\" \/>\n<meta property=\"article:published_time\" content=\"2014-08-16T04:26:00+00:00\" \/>\n<meta property=\"og:image\" content=\"https:\/\/www.oidossucios.com\/site\/wp-content\/uploads\/2014\/08\/8833.jpg\" \/>\n\t<meta property=\"og:image:width\" content=\"350\" \/>\n\t<meta property=\"og:image:height\" content=\"300\" \/>\n<meta name=\"twitter:card\" content=\"summary_large_image\" \/>\n<meta name=\"twitter:creator\" content=\"@oidossucios\" \/>\n<script type=\"application\/ld+json\" class=\"yoast-schema-graph\">{\"@context\":\"https:\/\/schema.org\",\"@graph\":[{\"@type\":\"WebSite\",\"@id\":\"https:\/\/www.oidossucios.com\/site\/#website\",\"url\":\"https:\/\/www.oidossucios.com\/site\/\",\"name\":\"OidosSucios.Com\",\"description\":\"M\\u00fasica, conciertos, discos\",\"potentialAction\":[{\"@type\":\"SearchAction\",\"target\":\"https:\/\/www.oidossucios.com\/site\/?s={search_term_string}\",\"query-input\":\"required name=search_term_string\"}],\"inLanguage\":\"es\"},{\"@type\":\"ImageObject\",\"@id\":\"https:\/\/www.oidossucios.com\/site\/aprobada-la-ley-de-proteccion-social-integral-al-artista-y-cultor-nacional\/#primaryimage\",\"inLanguage\":\"es\",\"url\":\"https:\/\/www.oidossucios.com\/site\/wp-content\/uploads\/2014\/08\/8833.jpg\",\"width\":350,\"height\":300},{\"@type\":\"WebPage\",\"@id\":\"https:\/\/www.oidossucios.com\/site\/aprobada-la-ley-de-proteccion-social-integral-al-artista-y-cultor-nacional\/#webpage\",\"url\":\"https:\/\/www.oidossucios.com\/site\/aprobada-la-ley-de-proteccion-social-integral-al-artista-y-cultor-nacional\/\",\"name\":\"Aprobada la Ley de Protecci\\u00f3n Social Integral al Artista y Cultor Nacional - OidosSucios.Com\",\"isPartOf\":{\"@id\":\"https:\/\/www.oidossucios.com\/site\/#website\"},\"primaryImageOfPage\":{\"@id\":\"https:\/\/www.oidossucios.com\/site\/aprobada-la-ley-de-proteccion-social-integral-al-artista-y-cultor-nacional\/#primaryimage\"},\"datePublished\":\"2014-08-16T04:26:00+00:00\",\"dateModified\":\"2014-08-16T04:26:00+00:00\",\"author\":{\"@id\":\"https:\/\/www.oidossucios.com\/site\/#\/schema\/person\/24559eeb76bf83a63296fb072393a688\"},\"description\":\"El nuevo reglamento, aprobado en segunda discusi\\u00f3n hoy por la Asamblea Nacional, s\\u00ed tiene incidencia directa en el mundo del rock de nuestro pa\\u00eds.\",\"inLanguage\":\"es\",\"potentialAction\":[{\"@type\":\"ReadAction\",\"target\":[\"https:\/\/www.oidossucios.com\/site\/aprobada-la-ley-de-proteccion-social-integral-al-artista-y-cultor-nacional\/\"]}]},{\"@type\":[\"Person\"],\"@id\":\"https:\/\/www.oidossucios.com\/site\/#\/schema\/person\/24559eeb76bf83a63296fb072393a688\",\"name\":\"Oidossucios\",\"image\":{\"@type\":\"ImageObject\",\"@id\":\"https:\/\/www.oidossucios.com\/site\/#personlogo\",\"inLanguage\":\"es\",\"url\":\"https:\/\/secure.gravatar.com\/avatar\/74fcb480f42f1a33e50a0b6e6369a3f907be2e43dc84fa5f76c66e9c22b4a5ab?s=96&d=mm&r=g\",\"caption\":\"Oidossucios\"},\"sameAs\":[\"https:\/\/twitter.com\/oidossucios\"]}]}<\/script>\n<!-- \/ Yoast SEO plugin. -->","jetpack_sharing_enabled":true,"_links":{"self":[{"href":"https:\/\/www.oidossucios.com\/site\/wp-json\/wp\/v2\/posts\/8833","targetHints":{"allow":["GET"]}}],"collection":[{"href":"https:\/\/www.oidossucios.com\/site\/wp-json\/wp\/v2\/posts"}],"about":[{"href":"https:\/\/www.oidossucios.com\/site\/wp-json\/wp\/v2\/types\/post"}],"author":[{"embeddable":true,"href":"https:\/\/www.oidossucios.com\/site\/wp-json\/wp\/v2\/users\/4"}],"replies":[{"embeddable":true,"href":"https:\/\/www.oidossucios.com\/site\/wp-json\/wp\/v2\/comments?post=8833"}],"version-history":[{"count":0,"href":"https:\/\/www.oidossucios.com\/site\/wp-json\/wp\/v2\/posts\/8833\/revisions"}],"wp:featuredmedia":[{"embeddable":true,"href":"https:\/\/www.oidossucios.com\/site\/wp-json\/wp\/v2\/media\/100008833"}],"wp:attachment":[{"href":"https:\/\/www.oidossucios.com\/site\/wp-json\/wp\/v2\/media?parent=8833"}],"wp:term":[{"taxonomy":"category","embeddable":true,"href":"https:\/\/www.oidossucios.com\/site\/wp-json\/wp\/v2\/categories?post=8833"},{"taxonomy":"post_tag","embeddable":true,"href":"https:\/\/www.oidossucios.com\/site\/wp-json\/wp\/v2\/tags?post=8833"}],"curies":[{"name":"wp","href":"https:\/\/api.w.org\/{rel}","templated":true}]}}