{"id":8839,"date":"2014-08-19T04:08:00","date_gmt":"2014-08-19T04:08:00","guid":{"rendered":"https:\/\/www.oidossucios.com\/site\/2014\/08\/19\/cafe-tacvba-celebra-sus-25-anos-con-una-gira-latinoamericana\/"},"modified":"2014-08-19T04:08:00","modified_gmt":"2014-08-19T04:08:00","slug":"cafe-tacvba-celebra-sus-25-anos-con-una-gira-latinoamericana","status":"publish","type":"post","link":"https:\/\/www.oidossucios.com\/site\/cafe-tacvba-celebra-sus-25-anos-con-una-gira-latinoamericana\/","title":{"rendered":"Caf\u00e9 Tacvba celebra sus 25 a\u00f1os con una gira latinoamericana"},"content":{"rendered":"<p style=\"text-align: justify;\">Caf&eacute; Tacvba, la reconocida banda de rock mexicana, celebrar&aacute; sus 25 a&ntilde;os de trayectoria musical con varios conciertos por Am&eacute;rica. Algunos de los pa&iacute;ses que se destacan, son M&eacute;xico, Chile, Argentina, Colombia y Ecuador. Estas presentaciones son parte de la gira llamada &ldquo;20Re-CT25&rdquo;, que hace referencia al segundo &aacute;lbum de estudio de la banda llamado Re.<\/p>\n<p>Re es uno de los discos m&aacute;s importantes de esta agrupaci&oacute;n. Fue lanzado en julio de 1994 y este a&ntilde;o cumple 20 a&ntilde;os. Este disco cuenta con 20 sencillos y estuvo a cargo del sello discogr&aacute;fico Warner Music Mexico.<\/p>\n<p>Caf&eacute; Tacvba se form&oacute; en 1989 y, hasta los momentos, cuenta con 7 &aacute;lbumes. Sus miembros son Rub&eacute;n Albarr&aacute;n, Emmanuel del Real, Enrique Rangel y Joselo Rangel. Nuevas presentaciones ser&aacute;n anunciadas pr&oacute;ximamente, en el marco de celebraci&oacute;n de 25 a&ntilde;os de trayectoria musical.<\/p>\n<p style=\"text-align: justify;\">&nbsp;<\/p>\n<p><iframe loading=\"lazy\" src=\"http:\/\/www.youtube.com\/embed\/qA2tEOmIkgY?feature=player_detailpage\" width=\"600\" height=\"400\" frameborder=\"0\" allowfullscreen=\"allowfullscreen\"><\/iframe><\/p>\n","protected":false},"excerpt":{"rendered":"<p>Nuevas presentaciones ser\u00e1n anunciadas pr\u00f3ximamente, en el marco de celebraci\u00f3n de 25 a\u00f1os de trayectoria musical.<\/p>\n","protected":false},"author":4,"featured_media":100008839,"comment_status":"open","ping_status":"open","sticky":false,"template":"","format":"standard","meta":{"_jetpack_memberships_contains_paid_content":false,"footnotes":""},"categories":[250],"tags":[],"class_list":["post-8839","post","type-post","status-publish","format-standard","has-post-thumbnail","hentry","category-noticias"],"jetpack_featured_media_url":"https:\/\/www.oidossucios.com\/site\/wp-content\/uploads\/2014\/08\/8839.jpg","yoast_head":"<!-- This site is optimized with the Yoast SEO plugin v14.0.4 - https:\/\/yoast.com\/wordpress\/plugins\/seo\/ -->\n<title>Caf\u00e9 Tacvba celebra sus 25 a\u00f1os con una gira latinoamericana - OidosSucios.Com<\/title>\n<meta name=\"description\" content=\"Nuevas presentaciones ser\u00e1n anunciadas pr\u00f3ximamente, en el marco de celebraci\u00f3n de 25 a\u00f1os de trayectoria musical.\" \/>\n<meta name=\"robots\" content=\"index, follow\" \/>\n<meta name=\"googlebot\" content=\"index, follow, max-snippet:-1, max-image-preview:large, max-video-preview:-1\" \/>\n<meta name=\"bingbot\" content=\"index, follow, max-snippet:-1, max-image-preview:large, max-video-preview:-1\" \/>\n<link rel=\"canonical\" href=\"https:\/\/www.oidossucios.com\/site\/cafe-tacvba-celebra-sus-25-anos-con-una-gira-latinoamericana\/\" \/>\n<meta property=\"og:locale\" content=\"es_ES\" \/>\n<meta property=\"og:type\" content=\"article\" \/>\n<meta property=\"og:title\" content=\"Caf\u00e9 Tacvba celebra sus 25 a\u00f1os con una gira latinoamericana - OidosSucios.Com\" \/>\n<meta property=\"og:description\" content=\"Nuevas presentaciones ser\u00e1n anunciadas pr\u00f3ximamente, en el marco de celebraci\u00f3n de 25 a\u00f1os de trayectoria musical.\" \/>\n<meta property=\"og:url\" content=\"https:\/\/www.oidossucios.com\/site\/cafe-tacvba-celebra-sus-25-anos-con-una-gira-latinoamericana\/\" \/>\n<meta property=\"og:site_name\" content=\"OidosSucios.Com\" \/>\n<meta property=\"article:published_time\" content=\"2014-08-19T04:08:00+00:00\" \/>\n<meta property=\"og:image\" content=\"https:\/\/www.oidossucios.com\/site\/wp-content\/uploads\/2014\/08\/8839.jpg\" \/>\n\t<meta property=\"og:image:width\" content=\"350\" \/>\n\t<meta property=\"og:image:height\" content=\"300\" \/>\n<meta name=\"twitter:card\" content=\"summary_large_image\" \/>\n<meta name=\"twitter:creator\" content=\"@oidossucios\" \/>\n<script type=\"application\/ld+json\" class=\"yoast-schema-graph\">{\"@context\":\"https:\/\/schema.org\",\"@graph\":[{\"@type\":\"WebSite\",\"@id\":\"https:\/\/www.oidossucios.com\/site\/#website\",\"url\":\"https:\/\/www.oidossucios.com\/site\/\",\"name\":\"OidosSucios.Com\",\"description\":\"M\\u00fasica, conciertos, discos\",\"potentialAction\":[{\"@type\":\"SearchAction\",\"target\":\"https:\/\/www.oidossucios.com\/site\/?s={search_term_string}\",\"query-input\":\"required name=search_term_string\"}],\"inLanguage\":\"es\"},{\"@type\":\"ImageObject\",\"@id\":\"https:\/\/www.oidossucios.com\/site\/cafe-tacvba-celebra-sus-25-anos-con-una-gira-latinoamericana\/#primaryimage\",\"inLanguage\":\"es\",\"url\":\"https:\/\/www.oidossucios.com\/site\/wp-content\/uploads\/2014\/08\/8839.jpg\",\"width\":350,\"height\":300},{\"@type\":\"WebPage\",\"@id\":\"https:\/\/www.oidossucios.com\/site\/cafe-tacvba-celebra-sus-25-anos-con-una-gira-latinoamericana\/#webpage\",\"url\":\"https:\/\/www.oidossucios.com\/site\/cafe-tacvba-celebra-sus-25-anos-con-una-gira-latinoamericana\/\",\"name\":\"Caf\\u00e9 Tacvba celebra sus 25 a\\u00f1os con una gira latinoamericana - OidosSucios.Com\",\"isPartOf\":{\"@id\":\"https:\/\/www.oidossucios.com\/site\/#website\"},\"primaryImageOfPage\":{\"@id\":\"https:\/\/www.oidossucios.com\/site\/cafe-tacvba-celebra-sus-25-anos-con-una-gira-latinoamericana\/#primaryimage\"},\"datePublished\":\"2014-08-19T04:08:00+00:00\",\"dateModified\":\"2014-08-19T04:08:00+00:00\",\"author\":{\"@id\":\"https:\/\/www.oidossucios.com\/site\/#\/schema\/person\/24559eeb76bf83a63296fb072393a688\"},\"description\":\"Nuevas presentaciones ser\\u00e1n anunciadas pr\\u00f3ximamente, en el marco de celebraci\\u00f3n de 25 a\\u00f1os de trayectoria musical.\",\"inLanguage\":\"es\",\"potentialAction\":[{\"@type\":\"ReadAction\",\"target\":[\"https:\/\/www.oidossucios.com\/site\/cafe-tacvba-celebra-sus-25-anos-con-una-gira-latinoamericana\/\"]}]},{\"@type\":[\"Person\"],\"@id\":\"https:\/\/www.oidossucios.com\/site\/#\/schema\/person\/24559eeb76bf83a63296fb072393a688\",\"name\":\"Oidossucios\",\"image\":{\"@type\":\"ImageObject\",\"@id\":\"https:\/\/www.oidossucios.com\/site\/#personlogo\",\"inLanguage\":\"es\",\"url\":\"https:\/\/secure.gravatar.com\/avatar\/74fcb480f42f1a33e50a0b6e6369a3f907be2e43dc84fa5f76c66e9c22b4a5ab?s=96&d=mm&r=g\",\"caption\":\"Oidossucios\"},\"sameAs\":[\"https:\/\/twitter.com\/oidossucios\"]}]}<\/script>\n<!-- \/ Yoast SEO plugin. -->","jetpack_sharing_enabled":true,"_links":{"self":[{"href":"https:\/\/www.oidossucios.com\/site\/wp-json\/wp\/v2\/posts\/8839","targetHints":{"allow":["GET"]}}],"collection":[{"href":"https:\/\/www.oidossucios.com\/site\/wp-json\/wp\/v2\/posts"}],"about":[{"href":"https:\/\/www.oidossucios.com\/site\/wp-json\/wp\/v2\/types\/post"}],"author":[{"embeddable":true,"href":"https:\/\/www.oidossucios.com\/site\/wp-json\/wp\/v2\/users\/4"}],"replies":[{"embeddable":true,"href":"https:\/\/www.oidossucios.com\/site\/wp-json\/wp\/v2\/comments?post=8839"}],"version-history":[{"count":0,"href":"https:\/\/www.oidossucios.com\/site\/wp-json\/wp\/v2\/posts\/8839\/revisions"}],"wp:featuredmedia":[{"embeddable":true,"href":"https:\/\/www.oidossucios.com\/site\/wp-json\/wp\/v2\/media\/100008839"}],"wp:attachment":[{"href":"https:\/\/www.oidossucios.com\/site\/wp-json\/wp\/v2\/media?parent=8839"}],"wp:term":[{"taxonomy":"category","embeddable":true,"href":"https:\/\/www.oidossucios.com\/site\/wp-json\/wp\/v2\/categories?post=8839"},{"taxonomy":"post_tag","embeddable":true,"href":"https:\/\/www.oidossucios.com\/site\/wp-json\/wp\/v2\/tags?post=8839"}],"curies":[{"name":"wp","href":"https:\/\/api.w.org\/{rel}","templated":true}]}}