{"id":8844,"date":"2014-08-21T04:40:00","date_gmt":"2014-08-21T04:40:00","guid":{"rendered":"https:\/\/www.oidossucios.com\/site\/2014\/08\/21\/hijo-de-joey-kramer-de-aerosmith-lo-sustituye-en-concierto\/"},"modified":"2014-08-21T04:40:00","modified_gmt":"2014-08-21T04:40:00","slug":"hijo-de-joey-kramer-de-aerosmith-lo-sustituye-en-concierto","status":"publish","type":"post","link":"https:\/\/www.oidossucios.com\/site\/hijo-de-joey-kramer-de-aerosmith-lo-sustituye-en-concierto\/","title":{"rendered":"Hijo de Joey Kramer de Aerosmith lo sustituye en concierto"},"content":{"rendered":"<p style=\"text-align: justify;\">Luego de que la hist&oacute;rica banda de Boston, Aerosmith cancelara una fecha debido al estado de salud de su baterista, Joey Kramer, se hab&iacute;a especulado que quiz&aacute; el baterista no podr&iacute;a regresar a formar parte de la agrupaci&oacute;n en un buen periodo de tiempo. Sin embargo, luego de afirmar que se siente mejor que nunca, Kramer ha designado a su hijo Jesse Kramer como su sustituto temporal, mientras &eacute;l se recupera.<\/p>\n<p>Uno esperar&iacute;a, normalmente, que alg&uacute;n colega de la banda se encargara de la bater&iacute;a para llevar a cabo un show profesional. Sin embargo, Jesse Kramer ha demostrado saber los tracks de la banda a la perfecci&oacute;n y, como se muestra en el video, que podr&iacute;a ser una especie de versi&oacute;n renovada de su padre o tocar para alguna otro grupo de rock del estilo del de su padre. Aqu&iacute; pueden ser testigos de lo anterior. En el video se muestra cierta euforia y emotividad hacia el joven Kramer que, de alguna manera, encarna el ritmo de su padre a trav&eacute;s de las percusion.<\/p>\n<p style=\"text-align: justify;\">Fuente: Somos &Iacute;dolos<\/p>\n<p>&nbsp;<\/p>\n<p><iframe loading=\"lazy\" src=\"http:\/\/www.youtube.com\/embed\/4guCLxKL2YE?feature=player_embedded\" width=\"600\" height=\"400\" frameborder=\"0\" allowfullscreen=\"allowfullscreen\"><\/iframe><\/p>\n","protected":false},"excerpt":{"rendered":"<p>Uno esperar\u00eda que alg\u00fan colega de la banda se encargara de la bater\u00eda de llevar a cabo un show profesional. <\/p>\n","protected":false},"author":4,"featured_media":100008844,"comment_status":"open","ping_status":"open","sticky":false,"template":"","format":"standard","meta":{"_jetpack_memberships_contains_paid_content":false,"footnotes":""},"categories":[142],"tags":[],"class_list":["post-8844","post","type-post","status-publish","format-standard","has-post-thumbnail","hentry","category-buzznews"],"jetpack_featured_media_url":"https:\/\/www.oidossucios.com\/site\/wp-content\/uploads\/2014\/08\/8844.jpg","yoast_head":"<!-- This site is optimized with the Yoast SEO plugin v14.0.4 - https:\/\/yoast.com\/wordpress\/plugins\/seo\/ -->\n<title>Hijo de Joey Kramer de Aerosmith lo sustituye en concierto - OidosSucios.Com<\/title>\n<meta name=\"description\" content=\"Uno esperar\u00eda que alg\u00fan colega de la banda se encargara de la bater\u00eda de llevar a cabo un show profesional.\" \/>\n<meta name=\"robots\" content=\"index, follow\" \/>\n<meta name=\"googlebot\" content=\"index, follow, max-snippet:-1, max-image-preview:large, max-video-preview:-1\" \/>\n<meta name=\"bingbot\" content=\"index, follow, max-snippet:-1, max-image-preview:large, max-video-preview:-1\" \/>\n<link rel=\"canonical\" href=\"https:\/\/www.oidossucios.com\/site\/hijo-de-joey-kramer-de-aerosmith-lo-sustituye-en-concierto\/\" \/>\n<meta property=\"og:locale\" content=\"es_ES\" \/>\n<meta property=\"og:type\" content=\"article\" \/>\n<meta property=\"og:title\" content=\"Hijo de Joey Kramer de Aerosmith lo sustituye en concierto - OidosSucios.Com\" \/>\n<meta property=\"og:description\" content=\"Uno esperar\u00eda que alg\u00fan colega de la banda se encargara de la bater\u00eda de llevar a cabo un show profesional.\" \/>\n<meta property=\"og:url\" content=\"https:\/\/www.oidossucios.com\/site\/hijo-de-joey-kramer-de-aerosmith-lo-sustituye-en-concierto\/\" \/>\n<meta property=\"og:site_name\" content=\"OidosSucios.Com\" \/>\n<meta property=\"article:published_time\" content=\"2014-08-21T04:40:00+00:00\" \/>\n<meta property=\"og:image\" content=\"https:\/\/www.oidossucios.com\/site\/wp-content\/uploads\/2014\/08\/8844.jpg\" \/>\n\t<meta property=\"og:image:width\" content=\"350\" \/>\n\t<meta property=\"og:image:height\" content=\"300\" \/>\n<meta name=\"twitter:card\" content=\"summary_large_image\" \/>\n<meta name=\"twitter:creator\" content=\"@oidossucios\" \/>\n<script type=\"application\/ld+json\" class=\"yoast-schema-graph\">{\"@context\":\"https:\/\/schema.org\",\"@graph\":[{\"@type\":\"WebSite\",\"@id\":\"https:\/\/www.oidossucios.com\/site\/#website\",\"url\":\"https:\/\/www.oidossucios.com\/site\/\",\"name\":\"OidosSucios.Com\",\"description\":\"M\\u00fasica, conciertos, discos\",\"potentialAction\":[{\"@type\":\"SearchAction\",\"target\":\"https:\/\/www.oidossucios.com\/site\/?s={search_term_string}\",\"query-input\":\"required name=search_term_string\"}],\"inLanguage\":\"es\"},{\"@type\":\"ImageObject\",\"@id\":\"https:\/\/www.oidossucios.com\/site\/hijo-de-joey-kramer-de-aerosmith-lo-sustituye-en-concierto\/#primaryimage\",\"inLanguage\":\"es\",\"url\":\"https:\/\/www.oidossucios.com\/site\/wp-content\/uploads\/2014\/08\/8844.jpg\",\"width\":350,\"height\":300},{\"@type\":\"WebPage\",\"@id\":\"https:\/\/www.oidossucios.com\/site\/hijo-de-joey-kramer-de-aerosmith-lo-sustituye-en-concierto\/#webpage\",\"url\":\"https:\/\/www.oidossucios.com\/site\/hijo-de-joey-kramer-de-aerosmith-lo-sustituye-en-concierto\/\",\"name\":\"Hijo de Joey Kramer de Aerosmith lo sustituye en concierto - OidosSucios.Com\",\"isPartOf\":{\"@id\":\"https:\/\/www.oidossucios.com\/site\/#website\"},\"primaryImageOfPage\":{\"@id\":\"https:\/\/www.oidossucios.com\/site\/hijo-de-joey-kramer-de-aerosmith-lo-sustituye-en-concierto\/#primaryimage\"},\"datePublished\":\"2014-08-21T04:40:00+00:00\",\"dateModified\":\"2014-08-21T04:40:00+00:00\",\"author\":{\"@id\":\"https:\/\/www.oidossucios.com\/site\/#\/schema\/person\/24559eeb76bf83a63296fb072393a688\"},\"description\":\"Uno esperar\\u00eda que alg\\u00fan colega de la banda se encargara de la bater\\u00eda de llevar a cabo un show profesional.\",\"inLanguage\":\"es\",\"potentialAction\":[{\"@type\":\"ReadAction\",\"target\":[\"https:\/\/www.oidossucios.com\/site\/hijo-de-joey-kramer-de-aerosmith-lo-sustituye-en-concierto\/\"]}]},{\"@type\":[\"Person\"],\"@id\":\"https:\/\/www.oidossucios.com\/site\/#\/schema\/person\/24559eeb76bf83a63296fb072393a688\",\"name\":\"Oidossucios\",\"image\":{\"@type\":\"ImageObject\",\"@id\":\"https:\/\/www.oidossucios.com\/site\/#personlogo\",\"inLanguage\":\"es\",\"url\":\"https:\/\/secure.gravatar.com\/avatar\/74fcb480f42f1a33e50a0b6e6369a3f907be2e43dc84fa5f76c66e9c22b4a5ab?s=96&d=mm&r=g\",\"caption\":\"Oidossucios\"},\"sameAs\":[\"https:\/\/twitter.com\/oidossucios\"]}]}<\/script>\n<!-- \/ Yoast SEO plugin. -->","jetpack_sharing_enabled":true,"_links":{"self":[{"href":"https:\/\/www.oidossucios.com\/site\/wp-json\/wp\/v2\/posts\/8844","targetHints":{"allow":["GET"]}}],"collection":[{"href":"https:\/\/www.oidossucios.com\/site\/wp-json\/wp\/v2\/posts"}],"about":[{"href":"https:\/\/www.oidossucios.com\/site\/wp-json\/wp\/v2\/types\/post"}],"author":[{"embeddable":true,"href":"https:\/\/www.oidossucios.com\/site\/wp-json\/wp\/v2\/users\/4"}],"replies":[{"embeddable":true,"href":"https:\/\/www.oidossucios.com\/site\/wp-json\/wp\/v2\/comments?post=8844"}],"version-history":[{"count":0,"href":"https:\/\/www.oidossucios.com\/site\/wp-json\/wp\/v2\/posts\/8844\/revisions"}],"wp:featuredmedia":[{"embeddable":true,"href":"https:\/\/www.oidossucios.com\/site\/wp-json\/wp\/v2\/media\/100008844"}],"wp:attachment":[{"href":"https:\/\/www.oidossucios.com\/site\/wp-json\/wp\/v2\/media?parent=8844"}],"wp:term":[{"taxonomy":"category","embeddable":true,"href":"https:\/\/www.oidossucios.com\/site\/wp-json\/wp\/v2\/categories?post=8844"},{"taxonomy":"post_tag","embeddable":true,"href":"https:\/\/www.oidossucios.com\/site\/wp-json\/wp\/v2\/tags?post=8844"}],"curies":[{"name":"wp","href":"https:\/\/api.w.org\/{rel}","templated":true}]}}