{"id":8854,"date":"2014-08-27T16:46:00","date_gmt":"2014-08-27T16:46:00","guid":{"rendered":"https:\/\/www.oidossucios.com\/site\/2014\/08\/27\/pelicula-venezolana-la-distancia-mas-larga-se-estrena-en-cinex\/"},"modified":"2014-08-27T16:46:00","modified_gmt":"2014-08-27T16:46:00","slug":"pelicula-venezolana-la-distancia-mas-larga-se-estrena-en-cinex","status":"publish","type":"post","link":"https:\/\/www.oidossucios.com\/site\/pelicula-venezolana-la-distancia-mas-larga-se-estrena-en-cinex\/","title":{"rendered":"Pel\u00edcula venezolana, La Distancia M\u00e1s Larga, se estrena en Cinex"},"content":{"rendered":"<p style=\"text-align: justify;\">La cinta de producci&oacute;n venezolana, &ldquo;La distancia m&aacute;s larga&rdquo;, se estrena en las salas Cinex este viernes 29 de agosto. La pel&iacute;cula dirigida por la cineasta Claudia Pinto, muestra dos caras de Venezuela. Por un lado, el ritmo fren&eacute;tico de una urbe como Caracas y, por otro, un para&iacute;so con las monta&ntilde;as m&aacute;s antiguas del planeta, la Gran Sabana y sus majestuosos tepuyes.<\/p>\n<p>&ldquo;La distancia m&aacute;s larga&rdquo; est&aacute; protagonizada por la artista espa&ntilde;ola Carme El&iacute;as, conocida por pel&iacute;culas como &ldquo;La flor de mi secreto&rdquo; de Pedro Almod&oacute;var, y &ldquo;Camino&rdquo;, de Javier Fesser, por la cual recibi&oacute; un Premio Goya como Mejor Actriz en 2009. El reparto de la cinta que se podr&aacute; disfrutar en las salas de Cinex, lo completa el ni&ntilde;o Omar Moya, Alec Whaite, Iv&aacute;n Tamayo, Malena Gonz&aacute;lez, Isabel Rocatti, y Marcos Moreno.<\/p>\n<p>Dos protagonistas en momentos de vida, opuestos. En Cinex, el destino vincula irremediablemente a una particular abuela y su nieto aventurero. Aunque estos dos personajes no se conocen, forman parte de un c&iacute;rculo que no pueden romper. Martina viaja desde Espa&ntilde;a a Venezuela con dos intenciones. Por un lado, hacer las paces con su hija y por otro, visitar de nuevo los fant&aacute;sticos paisajes de Roraima, un lugar especial para ella, donde hace muchos a&ntilde;os su vida cambi&oacute; para siempre.<\/p>\n<p>&ldquo;La distancia m&aacute;s larga&rdquo; ha recorrido el mundo, present&aacute;ndose en festivales de cine de diferente &iacute;ndole y trayendo a casa m&uacute;ltiples premios. Recibi&oacute; el galard&oacute;n Glauber Rocha a la Mejor Pel&iacute;cula Latinoamericana en el Festival de Cine de Montreal, el reconocimiento del p&uacute;blico como Mejor pel&iacute;cula en el Festival de Huelva, y la condecoraci&oacute;n a la Mejor Direcci&oacute;n Femenina del Cleveland International Film Festival, entre otros.<\/p>\n<p>La galardonada producci&oacute;n, que tendr&aacute; Cinex en cartelera desde este viernes, es un drama contado en clave de road movie que habla de las segundas oportunidades y de la libertad de elegir el destino, a trav&eacute;s de la historia de Martina y Lucas, un par de viajeros que por razones distintas, emprenden una aventura que cruza Venezuela.<\/p>\n<p style=\"text-align: justify;\">&nbsp;<\/p>\n<p style=\"text-align: justify;\">Fuente: Nota de Prensa<\/p>\n","protected":false},"excerpt":{"rendered":"<p>Desde este viernes 29 de agosto, el p\u00fablico venezolano podr\u00e1 disfrutar de la producci\u00f3n nacional dirigida por Claudia Pinto <\/p>\n","protected":false},"author":4,"featured_media":100008854,"comment_status":"open","ping_status":"open","sticky":false,"template":"","format":"standard","meta":{"_jetpack_memberships_contains_paid_content":false,"footnotes":""},"categories":[142],"tags":[],"class_list":["post-8854","post","type-post","status-publish","format-standard","has-post-thumbnail","hentry","category-buzznews"],"jetpack_featured_media_url":"https:\/\/www.oidossucios.com\/site\/wp-content\/uploads\/2014\/08\/8854.jpg","yoast_head":"<!-- This site is optimized with the Yoast SEO plugin v14.0.4 - https:\/\/yoast.com\/wordpress\/plugins\/seo\/ -->\n<title>Pel\u00edcula venezolana, La Distancia M\u00e1s Larga, se estrena en Cinex - OidosSucios.Com<\/title>\n<meta name=\"description\" content=\"Desde este viernes 29 de agosto, el p\u00fablico venezolano podr\u00e1 disfrutar de la producci\u00f3n nacional dirigida por Claudia Pinto\" \/>\n<meta name=\"robots\" content=\"index, follow\" \/>\n<meta name=\"googlebot\" content=\"index, follow, max-snippet:-1, max-image-preview:large, max-video-preview:-1\" \/>\n<meta name=\"bingbot\" content=\"index, follow, max-snippet:-1, max-image-preview:large, max-video-preview:-1\" \/>\n<link rel=\"canonical\" href=\"https:\/\/www.oidossucios.com\/site\/pelicula-venezolana-la-distancia-mas-larga-se-estrena-en-cinex\/\" \/>\n<meta property=\"og:locale\" content=\"es_ES\" \/>\n<meta property=\"og:type\" content=\"article\" \/>\n<meta property=\"og:title\" content=\"Pel\u00edcula venezolana, La Distancia M\u00e1s Larga, se estrena en Cinex - OidosSucios.Com\" \/>\n<meta property=\"og:description\" content=\"Desde este viernes 29 de agosto, el p\u00fablico venezolano podr\u00e1 disfrutar de la producci\u00f3n nacional dirigida por Claudia Pinto\" \/>\n<meta property=\"og:url\" content=\"https:\/\/www.oidossucios.com\/site\/pelicula-venezolana-la-distancia-mas-larga-se-estrena-en-cinex\/\" \/>\n<meta property=\"og:site_name\" content=\"OidosSucios.Com\" \/>\n<meta property=\"article:published_time\" content=\"2014-08-27T16:46:00+00:00\" \/>\n<meta property=\"og:image\" content=\"https:\/\/www.oidossucios.com\/site\/wp-content\/uploads\/2014\/08\/8854.jpg\" \/>\n\t<meta property=\"og:image:width\" content=\"350\" \/>\n\t<meta property=\"og:image:height\" content=\"300\" \/>\n<meta name=\"twitter:card\" content=\"summary_large_image\" \/>\n<meta name=\"twitter:creator\" content=\"@oidossucios\" \/>\n<script type=\"application\/ld+json\" class=\"yoast-schema-graph\">{\"@context\":\"https:\/\/schema.org\",\"@graph\":[{\"@type\":\"WebSite\",\"@id\":\"https:\/\/www.oidossucios.com\/site\/#website\",\"url\":\"https:\/\/www.oidossucios.com\/site\/\",\"name\":\"OidosSucios.Com\",\"description\":\"M\\u00fasica, conciertos, discos\",\"potentialAction\":[{\"@type\":\"SearchAction\",\"target\":\"https:\/\/www.oidossucios.com\/site\/?s={search_term_string}\",\"query-input\":\"required name=search_term_string\"}],\"inLanguage\":\"es\"},{\"@type\":\"ImageObject\",\"@id\":\"https:\/\/www.oidossucios.com\/site\/pelicula-venezolana-la-distancia-mas-larga-se-estrena-en-cinex\/#primaryimage\",\"inLanguage\":\"es\",\"url\":\"https:\/\/www.oidossucios.com\/site\/wp-content\/uploads\/2014\/08\/8854.jpg\",\"width\":350,\"height\":300},{\"@type\":\"WebPage\",\"@id\":\"https:\/\/www.oidossucios.com\/site\/pelicula-venezolana-la-distancia-mas-larga-se-estrena-en-cinex\/#webpage\",\"url\":\"https:\/\/www.oidossucios.com\/site\/pelicula-venezolana-la-distancia-mas-larga-se-estrena-en-cinex\/\",\"name\":\"Pel\\u00edcula venezolana, La Distancia M\\u00e1s Larga, se estrena en Cinex - OidosSucios.Com\",\"isPartOf\":{\"@id\":\"https:\/\/www.oidossucios.com\/site\/#website\"},\"primaryImageOfPage\":{\"@id\":\"https:\/\/www.oidossucios.com\/site\/pelicula-venezolana-la-distancia-mas-larga-se-estrena-en-cinex\/#primaryimage\"},\"datePublished\":\"2014-08-27T16:46:00+00:00\",\"dateModified\":\"2014-08-27T16:46:00+00:00\",\"author\":{\"@id\":\"https:\/\/www.oidossucios.com\/site\/#\/schema\/person\/24559eeb76bf83a63296fb072393a688\"},\"description\":\"Desde este viernes 29 de agosto, el p\\u00fablico venezolano podr\\u00e1 disfrutar de la producci\\u00f3n nacional dirigida por Claudia Pinto\",\"inLanguage\":\"es\",\"potentialAction\":[{\"@type\":\"ReadAction\",\"target\":[\"https:\/\/www.oidossucios.com\/site\/pelicula-venezolana-la-distancia-mas-larga-se-estrena-en-cinex\/\"]}]},{\"@type\":[\"Person\"],\"@id\":\"https:\/\/www.oidossucios.com\/site\/#\/schema\/person\/24559eeb76bf83a63296fb072393a688\",\"name\":\"Oidossucios\",\"image\":{\"@type\":\"ImageObject\",\"@id\":\"https:\/\/www.oidossucios.com\/site\/#personlogo\",\"inLanguage\":\"es\",\"url\":\"https:\/\/secure.gravatar.com\/avatar\/74fcb480f42f1a33e50a0b6e6369a3f907be2e43dc84fa5f76c66e9c22b4a5ab?s=96&d=mm&r=g\",\"caption\":\"Oidossucios\"},\"sameAs\":[\"https:\/\/twitter.com\/oidossucios\"]}]}<\/script>\n<!-- \/ Yoast SEO plugin. -->","jetpack_sharing_enabled":true,"_links":{"self":[{"href":"https:\/\/www.oidossucios.com\/site\/wp-json\/wp\/v2\/posts\/8854","targetHints":{"allow":["GET"]}}],"collection":[{"href":"https:\/\/www.oidossucios.com\/site\/wp-json\/wp\/v2\/posts"}],"about":[{"href":"https:\/\/www.oidossucios.com\/site\/wp-json\/wp\/v2\/types\/post"}],"author":[{"embeddable":true,"href":"https:\/\/www.oidossucios.com\/site\/wp-json\/wp\/v2\/users\/4"}],"replies":[{"embeddable":true,"href":"https:\/\/www.oidossucios.com\/site\/wp-json\/wp\/v2\/comments?post=8854"}],"version-history":[{"count":0,"href":"https:\/\/www.oidossucios.com\/site\/wp-json\/wp\/v2\/posts\/8854\/revisions"}],"wp:featuredmedia":[{"embeddable":true,"href":"https:\/\/www.oidossucios.com\/site\/wp-json\/wp\/v2\/media\/100008854"}],"wp:attachment":[{"href":"https:\/\/www.oidossucios.com\/site\/wp-json\/wp\/v2\/media?parent=8854"}],"wp:term":[{"taxonomy":"category","embeddable":true,"href":"https:\/\/www.oidossucios.com\/site\/wp-json\/wp\/v2\/categories?post=8854"},{"taxonomy":"post_tag","embeddable":true,"href":"https:\/\/www.oidossucios.com\/site\/wp-json\/wp\/v2\/tags?post=8854"}],"curies":[{"name":"wp","href":"https:\/\/api.w.org\/{rel}","templated":true}]}}