{"id":888,"date":"2003-12-13T05:49:00","date_gmt":"2003-12-13T05:49:00","guid":{"rendered":"https:\/\/www.oidossucios.com\/site\/2003\/12\/13\/gustavo-cerati-no-vendra-a-venezuela\/"},"modified":"2003-12-13T05:49:00","modified_gmt":"2003-12-13T05:49:00","slug":"gustavo-cerati-no-vendra-a-venezuela","status":"publish","type":"post","link":"https:\/\/www.oidossucios.com\/site\/gustavo-cerati-no-vendra-a-venezuela\/","title":{"rendered":"Gustavo Cerati no vendr\u00e1 a Venezuela"},"content":{"rendered":"<p>Aunque la publicidad del concierto de  Gustavo Cerati, est\u00e9 rondando por las calles, el ex \u0096 Soda Stereo no se presentar\u00e1 el pr\u00f3ximo 20 de diciembre en Caracas.<\/p>\n<p>El evento que estar\u00eda siendo organizado por la Alcald\u00eda de Chacao en un terreno bald\u00edo de La Castellana siempre estuvo inmerso en muchos misterios de producci\u00f3n. Lo que principalmente iba a ser un espect\u00e1culo de bandas nacionales se cay\u00f3 por falta de presupuesto, sustituy\u00e9ndose despu\u00e9s con la presencia del cantante argentino. Finalmente, el evento ha sido cancelado el d\u00eda de hoy sin saberse a\u00fan las causas oficiales.<\/p>\n<p>Aunque el show llevaba alrededor de dos semanas de promoci\u00f3n, siempre rein\u00f3 la confusi\u00f3n al respecto. Dejando de un lado el lugar del evento, el cual, una semana antes a\u00fan no hab\u00eda sido anunciado, la oficina de prensa de Cerati en Buenos Aires nunca confirm\u00f3 la presencia del argentino en nuestro pa\u00eds, aunque si indic\u00f3 que se manten\u00edan conversaciones para presentar su gira &#8216;Siempre es Hoy&#8217; en Caracas la pr\u00f3xima semana, aclarando que el show que vend\u00edan era de Cerati mas no de Roken (el nuevo proyecto electr\u00f3nico de Cerati), totalmente contrario a lo que indicaban fuentes cercanas a la producci\u00f3n del evento, los cuales dec\u00edan que era una presentaci\u00f3n de Roken m\u00e1s Dj\u0092s locales.<\/p>\n<p>Por su parte, la Fundaci\u00f3n para la Cultura de Chacao, indicaba que estaba totalmente confirmado el show de Gustavo Cerati, pero que este vendr\u00eda sin su banda (\u00bf?).<\/p>\n","protected":false},"excerpt":{"rendered":"<p>Aunque la publicidad est\u00e1 rondando por las calles, el ex \u0096 Soda Stereo no se presentar\u00e1 la semana que viene en Caracas.<\/p>\n","protected":false},"author":4,"featured_media":10000884,"comment_status":"open","ping_status":"open","sticky":false,"template":"","format":"standard","meta":{"_jetpack_memberships_contains_paid_content":false,"footnotes":""},"categories":[250],"tags":[239],"class_list":["post-888","post","type-post","status-publish","format-standard","has-post-thumbnail","hentry","category-noticias","tag-cerati"],"jetpack_featured_media_url":"https:\/\/www.oidossucios.com\/site\/wp-content\/uploads\/2003\/12\/884.jpg","yoast_head":"<!-- This site is optimized with the Yoast SEO plugin v14.0.4 - https:\/\/yoast.com\/wordpress\/plugins\/seo\/ -->\n<title>Gustavo Cerati no vendr\u00e1 a Venezuela - OidosSucios.Com<\/title>\n<meta name=\"description\" content=\"La banda caraque\u00f1a se convierte en la tercera agrupaci\u00f3n metalera en formar parte del catalogo de la disquera.\" \/>\n<meta name=\"robots\" content=\"index, follow\" \/>\n<meta name=\"googlebot\" content=\"index, follow, max-snippet:-1, max-image-preview:large, max-video-preview:-1\" \/>\n<meta name=\"bingbot\" content=\"index, follow, max-snippet:-1, max-image-preview:large, max-video-preview:-1\" \/>\n<link rel=\"canonical\" href=\"https:\/\/www.oidossucios.com\/site\/gustavo-cerati-no-vendra-a-venezuela\/\" \/>\n<meta property=\"og:locale\" content=\"es_ES\" \/>\n<meta property=\"og:type\" content=\"article\" \/>\n<meta property=\"og:title\" content=\"Gustavo Cerati no vendr\u00e1 a Venezuela - OidosSucios.Com\" \/>\n<meta property=\"og:description\" content=\"La banda caraque\u00f1a se convierte en la tercera agrupaci\u00f3n metalera en formar parte del catalogo de la disquera.\" \/>\n<meta property=\"og:url\" content=\"https:\/\/www.oidossucios.com\/site\/gustavo-cerati-no-vendra-a-venezuela\/\" \/>\n<meta property=\"og:site_name\" content=\"OidosSucios.Com\" \/>\n<meta property=\"article:published_time\" content=\"2003-12-13T05:49:00+00:00\" \/>\n<meta property=\"og:image\" content=\"https:\/\/www.oidossucios.com\/site\/wp-content\/uploads\/2003\/12\/884.jpg\" \/>\n\t<meta property=\"og:image:width\" content=\"290\" \/>\n\t<meta property=\"og:image:height\" content=\"100\" \/>\n<meta name=\"twitter:card\" content=\"summary_large_image\" \/>\n<meta name=\"twitter:creator\" content=\"@oidossucios\" \/>\n<script type=\"application\/ld+json\" class=\"yoast-schema-graph\">{\"@context\":\"https:\/\/schema.org\",\"@graph\":[{\"@type\":\"WebSite\",\"@id\":\"https:\/\/www.oidossucios.com\/site\/#website\",\"url\":\"https:\/\/www.oidossucios.com\/site\/\",\"name\":\"OidosSucios.Com\",\"description\":\"M\\u00fasica, conciertos, discos\",\"potentialAction\":[{\"@type\":\"SearchAction\",\"target\":\"https:\/\/www.oidossucios.com\/site\/?s={search_term_string}\",\"query-input\":\"required name=search_term_string\"}],\"inLanguage\":\"es\"},{\"@type\":\"ImageObject\",\"@id\":\"https:\/\/www.oidossucios.com\/site\/gustavo-cerati-no-vendra-a-venezuela\/#primaryimage\",\"inLanguage\":\"es\",\"url\":\"https:\/\/www.oidossucios.com\/site\/wp-content\/uploads\/2003\/12\/884.jpg\",\"width\":290,\"height\":100},{\"@type\":\"WebPage\",\"@id\":\"https:\/\/www.oidossucios.com\/site\/gustavo-cerati-no-vendra-a-venezuela\/#webpage\",\"url\":\"https:\/\/www.oidossucios.com\/site\/gustavo-cerati-no-vendra-a-venezuela\/\",\"name\":\"Gustavo Cerati no vendr\\u00e1 a Venezuela - OidosSucios.Com\",\"isPartOf\":{\"@id\":\"https:\/\/www.oidossucios.com\/site\/#website\"},\"primaryImageOfPage\":{\"@id\":\"https:\/\/www.oidossucios.com\/site\/gustavo-cerati-no-vendra-a-venezuela\/#primaryimage\"},\"datePublished\":\"2003-12-13T05:49:00+00:00\",\"dateModified\":\"2003-12-13T05:49:00+00:00\",\"author\":{\"@id\":\"https:\/\/www.oidossucios.com\/site\/#\/schema\/person\/24559eeb76bf83a63296fb072393a688\"},\"description\":\"La banda caraque\\u00f1a se convierte en la tercera agrupaci\\u00f3n metalera en formar parte del catalogo de la disquera.\",\"inLanguage\":\"es\",\"potentialAction\":[{\"@type\":\"ReadAction\",\"target\":[\"https:\/\/www.oidossucios.com\/site\/gustavo-cerati-no-vendra-a-venezuela\/\"]}]},{\"@type\":[\"Person\"],\"@id\":\"https:\/\/www.oidossucios.com\/site\/#\/schema\/person\/24559eeb76bf83a63296fb072393a688\",\"name\":\"Oidossucios\",\"image\":{\"@type\":\"ImageObject\",\"@id\":\"https:\/\/www.oidossucios.com\/site\/#personlogo\",\"inLanguage\":\"es\",\"url\":\"https:\/\/secure.gravatar.com\/avatar\/74fcb480f42f1a33e50a0b6e6369a3f907be2e43dc84fa5f76c66e9c22b4a5ab?s=96&d=mm&r=g\",\"caption\":\"Oidossucios\"},\"sameAs\":[\"https:\/\/twitter.com\/oidossucios\"]}]}<\/script>\n<!-- \/ Yoast SEO plugin. -->","jetpack_sharing_enabled":true,"_links":{"self":[{"href":"https:\/\/www.oidossucios.com\/site\/wp-json\/wp\/v2\/posts\/888","targetHints":{"allow":["GET"]}}],"collection":[{"href":"https:\/\/www.oidossucios.com\/site\/wp-json\/wp\/v2\/posts"}],"about":[{"href":"https:\/\/www.oidossucios.com\/site\/wp-json\/wp\/v2\/types\/post"}],"author":[{"embeddable":true,"href":"https:\/\/www.oidossucios.com\/site\/wp-json\/wp\/v2\/users\/4"}],"replies":[{"embeddable":true,"href":"https:\/\/www.oidossucios.com\/site\/wp-json\/wp\/v2\/comments?post=888"}],"version-history":[{"count":0,"href":"https:\/\/www.oidossucios.com\/site\/wp-json\/wp\/v2\/posts\/888\/revisions"}],"wp:featuredmedia":[{"embeddable":true,"href":"https:\/\/www.oidossucios.com\/site\/wp-json\/wp\/v2\/media\/10000884"}],"wp:attachment":[{"href":"https:\/\/www.oidossucios.com\/site\/wp-json\/wp\/v2\/media?parent=888"}],"wp:term":[{"taxonomy":"category","embeddable":true,"href":"https:\/\/www.oidossucios.com\/site\/wp-json\/wp\/v2\/categories?post=888"},{"taxonomy":"post_tag","embeddable":true,"href":"https:\/\/www.oidossucios.com\/site\/wp-json\/wp\/v2\/tags?post=888"}],"curies":[{"name":"wp","href":"https:\/\/api.w.org\/{rel}","templated":true}]}}