{"id":8893,"date":"2014-09-16T04:32:00","date_gmt":"2014-09-16T04:32:00","guid":{"rendered":"https:\/\/www.oidossucios.com\/site\/2014\/09\/16\/los-mentas-presentas-su-nuevo-album-dios-el-diablo-y-el-dinero\/"},"modified":"2014-09-16T04:32:00","modified_gmt":"2014-09-16T04:32:00","slug":"los-mentas-presentas-su-nuevo-album-dios-el-diablo-y-el-dinero","status":"publish","type":"post","link":"https:\/\/www.oidossucios.com\/site\/los-mentas-presentas-su-nuevo-album-dios-el-diablo-y-el-dinero\/","title":{"rendered":"Los Mentas presentas su nuevo \u00e1lbum, Dios, El Diablo y el Dinero"},"content":{"rendered":"<p style=\"text-align: justify;\">Este pr&oacute;ximo 20 de septiembre en Discovery Bar, la agrupaci&oacute;n Los Mentas presentar&aacute; su nuevo disco titulado &ldquo;Dios, El Diablo y El Dinero&rdquo;.<\/p>\n<p>&ldquo;Dios, El Diablo y El Dinero&rdquo;, la sexta producci&oacute;n de estudio de la banda, es un disco compuesto a modo de &oacute;pera rock bas&aacute;ndose en la historia de un personaje llamado Juli&aacute;n Patenelsuelo quien transita en carne propia por los tres argumentos que sostienen la propuesta conceptual del disco: la pobreza, el &eacute;xito y el fracaso.<\/p>\n<p>&ldquo;Soy pobre&rdquo;, &ldquo;Dios&rdquo; y &ldquo;La F&oacute;rmula&rdquo; describen como Juli&aacute;n asciende vol&aacute;tilmente de la pobreza a la riqueza por medio de pactos y &ldquo;atajos divinos&rdquo;. Luego, temas como &ldquo;Los Inversionistas&rdquo;, &ldquo;El Dinero&rdquo; (primer single del disco) o &ldquo;Fiestas Paganas&rdquo;, relatan c&oacute;mo el protagonista abusa del &eacute;xito y la opulencia conduci&eacute;ndolo irremediablemente al fracaso el cual se traduce en piezas como &ldquo;Patenelsuelo&rdquo;, &ldquo;Miedo&rdquo; o &ldquo;El Diablo es&rdquo;.<\/p>\n<p>Finalmente, y haciendo uso de una met&aacute;fora sobre el inmediatismo y las falsas virtudes, &ldquo;T&iacute;o Conejo&rdquo; es el tema que cierra esta producci&oacute;n la cual ha significado el reto creativo m&aacute;s importante de la Banda. <\/p>\n<p>Los Mentas, con m&aacute;s de diecis&eacute;is a&ntilde;os de trayectoria, mantiene su alineaci&oacute;n original en la grabaci&oacute;n de &eacute;ste nuevo material: Juan Olmedillo (voz y guitarra), Carlos Aray (guitarra y coros), H&eacute;ctor Paredes (bajo y coros), Richard Blanco (bater&iacute;a y coros) a los que se les sum&oacute; recientemente Luis Pulido (guitarra y coros).<\/p>\n<p>En Caracas, ser&aacute; el lanzamiento de &ldquo;Dios, el Diablo y El Dinero&rdquo;, el cual dar&aacute; paso a la gira nacional en las siguientes ciudades:<\/p>\n<p>&nbsp;&nbsp;&nbsp; 19 de septiembre &ndash; Maracaibo Alterno Fest @ C&iacute;rculo Militar de Mcbo.<br \/>&nbsp;&nbsp;&nbsp; 20 de septiembre &ndash; Bautizo del disco @ Discovery Bar, Av Tamanaco del Rosal (Caracas).<br \/>&nbsp;&nbsp;&nbsp; 04 de octubre &ndash; Barquisimeto @ Lasos Rock.<br \/>&nbsp;&nbsp;&nbsp; 14 de noviembre &ndash; Puerto La Cruz @ El Duende Bar.<br \/>&nbsp;&nbsp;&nbsp; 15 de noviembre &ndash; Matur&iacute;n @ El Le&oacute;n.<br \/>&nbsp;&nbsp;&nbsp; 29 de noviembre &ndash; M&eacute;rida @ Garage Bar.<br \/>&nbsp;&nbsp;&nbsp; 05 de diciembre &ndash; Aniversario de El Molino (Caracas).<br \/>&nbsp;&nbsp;&nbsp; 12 de diciembre &ndash; Anfiteatro de El Hatillo (Caracas).<\/p>\n<p>&ldquo;Dios, El Diablo y El Dinero&rdquo; fue producido por Los Mentas, grabado en Remoto Estudios, por Ricardo Mart&iacute;nez, mezclado por Rafael Cadavieco y masterizado por Germ&aacute;n Landaeta. <\/p>\n<p><strong>Tracklist<\/strong>:<\/p>\n<p>1. Soy Pobre.<\/p>\n<p>2. Dios.<\/p>\n<p>3. La F&oacute;rmula<\/p>\n<p>4. Los Inversionistas.<\/p>\n<p>5. El Dinero.<\/p>\n<p>6. Fiestas Paganas.<\/p>\n<p>7. Patenelsuelo.<\/p>\n<p>8. Miedo.<\/p>\n<p>9. El Diablo.<\/p>\n<p>10. T&iacute;o Conejo.<\/p>\n<p>Fuente: Nota de Prensa<\/p>\n","protected":false},"excerpt":{"rendered":"<p>Este pr\u00f3ximo 20 de septiembre en Discovery Bar, la agrupaci\u00f3n Los Mentas presentar\u00e1 su nuevo disco titulado Dios, El Diablo y El Dinero.<\/p>\n","protected":false},"author":4,"featured_media":100008893,"comment_status":"open","ping_status":"open","sticky":false,"template":"","format":"standard","meta":{"_jetpack_memberships_contains_paid_content":false,"footnotes":""},"categories":[142],"tags":[],"class_list":["post-8893","post","type-post","status-publish","format-standard","has-post-thumbnail","hentry","category-buzznews"],"jetpack_featured_media_url":"https:\/\/www.oidossucios.com\/site\/wp-content\/uploads\/2014\/09\/8893.jpg","yoast_head":"<!-- This site is optimized with the Yoast SEO plugin v14.0.4 - https:\/\/yoast.com\/wordpress\/plugins\/seo\/ -->\n<title>Los Mentas presentas su nuevo \u00e1lbum, Dios, El Diablo y el Dinero - OidosSucios.Com<\/title>\n<meta name=\"description\" content=\"Este pr\u00f3ximo 20 de septiembre en Discovery Bar, la agrupaci\u00f3n Los Mentas presentar\u00e1 su nuevo disco titulado Dios, El Diablo y El Dinero.\" \/>\n<meta name=\"robots\" content=\"index, follow\" \/>\n<meta name=\"googlebot\" content=\"index, follow, max-snippet:-1, max-image-preview:large, max-video-preview:-1\" \/>\n<meta name=\"bingbot\" content=\"index, follow, max-snippet:-1, max-image-preview:large, max-video-preview:-1\" \/>\n<link rel=\"canonical\" href=\"https:\/\/www.oidossucios.com\/site\/los-mentas-presentas-su-nuevo-album-dios-el-diablo-y-el-dinero\/\" \/>\n<meta property=\"og:locale\" content=\"es_ES\" \/>\n<meta property=\"og:type\" content=\"article\" \/>\n<meta property=\"og:title\" content=\"Los Mentas presentas su nuevo \u00e1lbum, Dios, El Diablo y el Dinero - OidosSucios.Com\" \/>\n<meta property=\"og:description\" content=\"Este pr\u00f3ximo 20 de septiembre en Discovery Bar, la agrupaci\u00f3n Los Mentas presentar\u00e1 su nuevo disco titulado Dios, El Diablo y El Dinero.\" \/>\n<meta property=\"og:url\" content=\"https:\/\/www.oidossucios.com\/site\/los-mentas-presentas-su-nuevo-album-dios-el-diablo-y-el-dinero\/\" \/>\n<meta property=\"og:site_name\" content=\"OidosSucios.Com\" \/>\n<meta property=\"article:published_time\" content=\"2014-09-16T04:32:00+00:00\" \/>\n<meta property=\"og:image\" content=\"https:\/\/www.oidossucios.com\/site\/wp-content\/uploads\/2014\/09\/8893.jpg\" \/>\n\t<meta property=\"og:image:width\" content=\"350\" \/>\n\t<meta property=\"og:image:height\" content=\"300\" \/>\n<meta name=\"twitter:card\" content=\"summary_large_image\" \/>\n<meta name=\"twitter:creator\" content=\"@oidossucios\" \/>\n<script type=\"application\/ld+json\" class=\"yoast-schema-graph\">{\"@context\":\"https:\/\/schema.org\",\"@graph\":[{\"@type\":\"WebSite\",\"@id\":\"https:\/\/www.oidossucios.com\/site\/#website\",\"url\":\"https:\/\/www.oidossucios.com\/site\/\",\"name\":\"OidosSucios.Com\",\"description\":\"M\\u00fasica, conciertos, discos\",\"potentialAction\":[{\"@type\":\"SearchAction\",\"target\":\"https:\/\/www.oidossucios.com\/site\/?s={search_term_string}\",\"query-input\":\"required name=search_term_string\"}],\"inLanguage\":\"es\"},{\"@type\":\"ImageObject\",\"@id\":\"https:\/\/www.oidossucios.com\/site\/los-mentas-presentas-su-nuevo-album-dios-el-diablo-y-el-dinero\/#primaryimage\",\"inLanguage\":\"es\",\"url\":\"https:\/\/www.oidossucios.com\/site\/wp-content\/uploads\/2014\/09\/8893.jpg\",\"width\":350,\"height\":300},{\"@type\":\"WebPage\",\"@id\":\"https:\/\/www.oidossucios.com\/site\/los-mentas-presentas-su-nuevo-album-dios-el-diablo-y-el-dinero\/#webpage\",\"url\":\"https:\/\/www.oidossucios.com\/site\/los-mentas-presentas-su-nuevo-album-dios-el-diablo-y-el-dinero\/\",\"name\":\"Los Mentas presentas su nuevo \\u00e1lbum, Dios, El Diablo y el Dinero - OidosSucios.Com\",\"isPartOf\":{\"@id\":\"https:\/\/www.oidossucios.com\/site\/#website\"},\"primaryImageOfPage\":{\"@id\":\"https:\/\/www.oidossucios.com\/site\/los-mentas-presentas-su-nuevo-album-dios-el-diablo-y-el-dinero\/#primaryimage\"},\"datePublished\":\"2014-09-16T04:32:00+00:00\",\"dateModified\":\"2014-09-16T04:32:00+00:00\",\"author\":{\"@id\":\"https:\/\/www.oidossucios.com\/site\/#\/schema\/person\/24559eeb76bf83a63296fb072393a688\"},\"description\":\"Este pr\\u00f3ximo 20 de septiembre en Discovery Bar, la agrupaci\\u00f3n Los Mentas presentar\\u00e1 su nuevo disco titulado Dios, El Diablo y El Dinero.\",\"inLanguage\":\"es\",\"potentialAction\":[{\"@type\":\"ReadAction\",\"target\":[\"https:\/\/www.oidossucios.com\/site\/los-mentas-presentas-su-nuevo-album-dios-el-diablo-y-el-dinero\/\"]}]},{\"@type\":[\"Person\"],\"@id\":\"https:\/\/www.oidossucios.com\/site\/#\/schema\/person\/24559eeb76bf83a63296fb072393a688\",\"name\":\"Oidossucios\",\"image\":{\"@type\":\"ImageObject\",\"@id\":\"https:\/\/www.oidossucios.com\/site\/#personlogo\",\"inLanguage\":\"es\",\"url\":\"https:\/\/secure.gravatar.com\/avatar\/74fcb480f42f1a33e50a0b6e6369a3f907be2e43dc84fa5f76c66e9c22b4a5ab?s=96&d=mm&r=g\",\"caption\":\"Oidossucios\"},\"sameAs\":[\"https:\/\/twitter.com\/oidossucios\"]}]}<\/script>\n<!-- \/ Yoast SEO plugin. -->","jetpack_sharing_enabled":true,"_links":{"self":[{"href":"https:\/\/www.oidossucios.com\/site\/wp-json\/wp\/v2\/posts\/8893","targetHints":{"allow":["GET"]}}],"collection":[{"href":"https:\/\/www.oidossucios.com\/site\/wp-json\/wp\/v2\/posts"}],"about":[{"href":"https:\/\/www.oidossucios.com\/site\/wp-json\/wp\/v2\/types\/post"}],"author":[{"embeddable":true,"href":"https:\/\/www.oidossucios.com\/site\/wp-json\/wp\/v2\/users\/4"}],"replies":[{"embeddable":true,"href":"https:\/\/www.oidossucios.com\/site\/wp-json\/wp\/v2\/comments?post=8893"}],"version-history":[{"count":0,"href":"https:\/\/www.oidossucios.com\/site\/wp-json\/wp\/v2\/posts\/8893\/revisions"}],"wp:featuredmedia":[{"embeddable":true,"href":"https:\/\/www.oidossucios.com\/site\/wp-json\/wp\/v2\/media\/100008893"}],"wp:attachment":[{"href":"https:\/\/www.oidossucios.com\/site\/wp-json\/wp\/v2\/media?parent=8893"}],"wp:term":[{"taxonomy":"category","embeddable":true,"href":"https:\/\/www.oidossucios.com\/site\/wp-json\/wp\/v2\/categories?post=8893"},{"taxonomy":"post_tag","embeddable":true,"href":"https:\/\/www.oidossucios.com\/site\/wp-json\/wp\/v2\/tags?post=8893"}],"curies":[{"name":"wp","href":"https:\/\/api.w.org\/{rel}","templated":true}]}}