{"id":8896,"date":"2014-09-17T05:38:00","date_gmt":"2014-09-17T05:38:00","guid":{"rendered":"https:\/\/www.oidossucios.com\/site\/2014\/09\/17\/este-fin-de-semana-se-llevaran-a-cabo-las-ediciones-2014-del-maracaibo-alterno-fest-y-expo-tattoo-maracaibo\/"},"modified":"2014-09-17T05:38:00","modified_gmt":"2014-09-17T05:38:00","slug":"este-fin-de-semana-se-llevaran-a-cabo-las-ediciones-2014-del-maracaibo-alterno-fest-y-expo-tattoo-maracaibo","status":"publish","type":"post","link":"https:\/\/www.oidossucios.com\/site\/este-fin-de-semana-se-llevaran-a-cabo-las-ediciones-2014-del-maracaibo-alterno-fest-y-expo-tattoo-maracaibo\/","title":{"rendered":"Este fin de semana se llevar\u00e1n a cabo las ediciones 2014 del Maracaibo Alterno Fest y Expo Tattoo Maracaibo"},"content":{"rendered":"<p style=\"text-align: justify;\">Este pr&oacute;ximo 19, 20 y 21 de septiembre se estar&aacute;n llevando a cabo las ediciones 2014 del Maracaibo Alterno Fest y la tan esperada Expo Tattoo Maracaibo. Estos eventos tendr&aacute;n cabida durante todo el fin de semana en las instalaciones del C&iacute;rculo Militar de Maracaibo.<\/p>\n<p>El Maracaibo Alterno Fest celebrar&aacute; su 5ta edici&oacute;n el d&iacute;a viernes 19 de septiembre a partir de las 06:00PM con las presentaciones en vivo de Candy66 (Caracas), Los Mentas (Caracas), P&uacute;ah (Barquisimeto), Elefreak (Caracas), Atl&aacute;ntica (Maracaibo), La Peque&ntilde;a Revancha (Caracas) y Los J (Maracaibo). Recordamos que las entradas est&aacute;n a la venta a un costo de Bs.300 para el &aacute;rea general y Bs.500 para el &aacute;rea VIP.<\/p>\n<p>La Expo Tattoo Maracaibo por su parte celebrar&aacute; su 4ta edici&oacute;n los d&iacute;as 19, 20 y 21 de septiembre en el &ldquo;Sal&oacute;n Maracaibo&rdquo; del C&iacute;rculo Militar a partir de las 10:00AM hasta las 10:00PM cada d&iacute;a. En esta edici&oacute;n participar&aacute;n m&aacute;s de 100 artistas del tatuaje a nivel nacional y contar&aacute; con invitados especiales de alto calibre como lo es Luis Castillo (Barquisimeto), Ronald Horta (Colombia) y Joaqu&iacute;n de Lima (Primer latinoamericano en tatuarse los ojos). Adem&aacute;s, shows musicales en vivo de parte de DJ F&eacute;lix &Aacute;vila, 2DIAZ, DJ Pedro Navaja y DJ Law; tambi&eacute;n tendremos la presentaci&oacute;n especial de las &ldquo;Demon Girls&rdquo;. En materia de entradas, la Expo Tattoo Maracaibo tiene un costo de solo Bs.250 por d&iacute;a.<\/p>\n<p>Los puntos de venta para ambos eventos son los acostumbrados por la producci&oacute;n de Maracaibo Alterno:<\/p>\n<p>&nbsp;&nbsp;&nbsp; &#8211; Bah&iacute;a Rastabar Caf&eacute; (Av. 3G entre calles 77 y 78)<\/p>\n<p>&nbsp;&nbsp;&nbsp; &#8211; Tattoo Evoluci&oacute;n (C.C. Galer&iacute;as. 2do nivel, sector azul)<\/p>\n<p>&nbsp;&nbsp;&nbsp; &#8211; Tiendas World Music (Sede principal en Av. 5 de julio y en el C.C. Riviera en Delicias Norte)<\/p>\n<p>Para m&aacute;s informaci&oacute;n, puedes seguir las incidencias de ambos eventos por:<\/p>\n<p>&nbsp;&nbsp;&nbsp; @McboAltFest.<br \/>&nbsp;&nbsp;&nbsp; @ExpoTattooMBO.<\/p>\n<p style=\"text-align: justify;\">&nbsp;<\/p>\n<p style=\"text-align: justify;\">Fuente: Nota de Prensa<\/p>\n","protected":false},"excerpt":{"rendered":"<p>El Maracaibo Alterno Fest celebrar\u00e1 su 5ta edici\u00f3n el d\u00eda viernes 19 de septiembre a partir de las 06:00PM<\/p>\n","protected":false},"author":4,"featured_media":100008896,"comment_status":"open","ping_status":"open","sticky":false,"template":"","format":"standard","meta":{"_jetpack_memberships_contains_paid_content":false,"footnotes":""},"categories":[142],"tags":[],"class_list":["post-8896","post","type-post","status-publish","format-standard","has-post-thumbnail","hentry","category-buzznews"],"jetpack_featured_media_url":"https:\/\/www.oidossucios.com\/site\/wp-content\/uploads\/2014\/09\/8896.jpg","yoast_head":"<!-- This site is optimized with the Yoast SEO plugin v14.0.4 - https:\/\/yoast.com\/wordpress\/plugins\/seo\/ -->\n<title>Este fin de semana se llevar\u00e1n a cabo las ediciones 2014 del Maracaibo Alterno Fest y Expo Tattoo Maracaibo - OidosSucios.Com<\/title>\n<meta name=\"description\" content=\"El Maracaibo Alterno Fest celebrar\u00e1 su 5ta edici\u00f3n el d\u00eda viernes 19 de septiembre a partir de las 06:00PM\" \/>\n<meta name=\"robots\" content=\"index, follow\" \/>\n<meta name=\"googlebot\" content=\"index, follow, max-snippet:-1, max-image-preview:large, max-video-preview:-1\" \/>\n<meta name=\"bingbot\" content=\"index, follow, max-snippet:-1, max-image-preview:large, max-video-preview:-1\" \/>\n<link rel=\"canonical\" href=\"https:\/\/www.oidossucios.com\/site\/este-fin-de-semana-se-llevaran-a-cabo-las-ediciones-2014-del-maracaibo-alterno-fest-y-expo-tattoo-maracaibo\/\" \/>\n<meta property=\"og:locale\" content=\"es_ES\" \/>\n<meta property=\"og:type\" content=\"article\" \/>\n<meta property=\"og:title\" content=\"Este fin de semana se llevar\u00e1n a cabo las ediciones 2014 del Maracaibo Alterno Fest y Expo Tattoo Maracaibo - OidosSucios.Com\" \/>\n<meta property=\"og:description\" content=\"El Maracaibo Alterno Fest celebrar\u00e1 su 5ta edici\u00f3n el d\u00eda viernes 19 de septiembre a partir de las 06:00PM\" \/>\n<meta property=\"og:url\" content=\"https:\/\/www.oidossucios.com\/site\/este-fin-de-semana-se-llevaran-a-cabo-las-ediciones-2014-del-maracaibo-alterno-fest-y-expo-tattoo-maracaibo\/\" \/>\n<meta property=\"og:site_name\" content=\"OidosSucios.Com\" \/>\n<meta property=\"article:published_time\" content=\"2014-09-17T05:38:00+00:00\" \/>\n<meta property=\"og:image\" content=\"https:\/\/www.oidossucios.com\/site\/wp-content\/uploads\/2014\/09\/8896.jpg\" \/>\n\t<meta property=\"og:image:width\" content=\"350\" \/>\n\t<meta property=\"og:image:height\" content=\"300\" \/>\n<meta name=\"twitter:card\" content=\"summary_large_image\" \/>\n<meta name=\"twitter:creator\" content=\"@oidossucios\" \/>\n<script type=\"application\/ld+json\" class=\"yoast-schema-graph\">{\"@context\":\"https:\/\/schema.org\",\"@graph\":[{\"@type\":\"WebSite\",\"@id\":\"https:\/\/www.oidossucios.com\/site\/#website\",\"url\":\"https:\/\/www.oidossucios.com\/site\/\",\"name\":\"OidosSucios.Com\",\"description\":\"M\\u00fasica, conciertos, discos\",\"potentialAction\":[{\"@type\":\"SearchAction\",\"target\":\"https:\/\/www.oidossucios.com\/site\/?s={search_term_string}\",\"query-input\":\"required name=search_term_string\"}],\"inLanguage\":\"es\"},{\"@type\":\"ImageObject\",\"@id\":\"https:\/\/www.oidossucios.com\/site\/este-fin-de-semana-se-llevaran-a-cabo-las-ediciones-2014-del-maracaibo-alterno-fest-y-expo-tattoo-maracaibo\/#primaryimage\",\"inLanguage\":\"es\",\"url\":\"https:\/\/www.oidossucios.com\/site\/wp-content\/uploads\/2014\/09\/8896.jpg\",\"width\":350,\"height\":300},{\"@type\":\"WebPage\",\"@id\":\"https:\/\/www.oidossucios.com\/site\/este-fin-de-semana-se-llevaran-a-cabo-las-ediciones-2014-del-maracaibo-alterno-fest-y-expo-tattoo-maracaibo\/#webpage\",\"url\":\"https:\/\/www.oidossucios.com\/site\/este-fin-de-semana-se-llevaran-a-cabo-las-ediciones-2014-del-maracaibo-alterno-fest-y-expo-tattoo-maracaibo\/\",\"name\":\"Este fin de semana se llevar\\u00e1n a cabo las ediciones 2014 del Maracaibo Alterno Fest y Expo Tattoo Maracaibo - OidosSucios.Com\",\"isPartOf\":{\"@id\":\"https:\/\/www.oidossucios.com\/site\/#website\"},\"primaryImageOfPage\":{\"@id\":\"https:\/\/www.oidossucios.com\/site\/este-fin-de-semana-se-llevaran-a-cabo-las-ediciones-2014-del-maracaibo-alterno-fest-y-expo-tattoo-maracaibo\/#primaryimage\"},\"datePublished\":\"2014-09-17T05:38:00+00:00\",\"dateModified\":\"2014-09-17T05:38:00+00:00\",\"author\":{\"@id\":\"https:\/\/www.oidossucios.com\/site\/#\/schema\/person\/24559eeb76bf83a63296fb072393a688\"},\"description\":\"El Maracaibo Alterno Fest celebrar\\u00e1 su 5ta edici\\u00f3n el d\\u00eda viernes 19 de septiembre a partir de las 06:00PM\",\"inLanguage\":\"es\",\"potentialAction\":[{\"@type\":\"ReadAction\",\"target\":[\"https:\/\/www.oidossucios.com\/site\/este-fin-de-semana-se-llevaran-a-cabo-las-ediciones-2014-del-maracaibo-alterno-fest-y-expo-tattoo-maracaibo\/\"]}]},{\"@type\":[\"Person\"],\"@id\":\"https:\/\/www.oidossucios.com\/site\/#\/schema\/person\/24559eeb76bf83a63296fb072393a688\",\"name\":\"Oidossucios\",\"image\":{\"@type\":\"ImageObject\",\"@id\":\"https:\/\/www.oidossucios.com\/site\/#personlogo\",\"inLanguage\":\"es\",\"url\":\"https:\/\/secure.gravatar.com\/avatar\/74fcb480f42f1a33e50a0b6e6369a3f907be2e43dc84fa5f76c66e9c22b4a5ab?s=96&d=mm&r=g\",\"caption\":\"Oidossucios\"},\"sameAs\":[\"https:\/\/twitter.com\/oidossucios\"]}]}<\/script>\n<!-- \/ Yoast SEO plugin. -->","jetpack_sharing_enabled":true,"_links":{"self":[{"href":"https:\/\/www.oidossucios.com\/site\/wp-json\/wp\/v2\/posts\/8896","targetHints":{"allow":["GET"]}}],"collection":[{"href":"https:\/\/www.oidossucios.com\/site\/wp-json\/wp\/v2\/posts"}],"about":[{"href":"https:\/\/www.oidossucios.com\/site\/wp-json\/wp\/v2\/types\/post"}],"author":[{"embeddable":true,"href":"https:\/\/www.oidossucios.com\/site\/wp-json\/wp\/v2\/users\/4"}],"replies":[{"embeddable":true,"href":"https:\/\/www.oidossucios.com\/site\/wp-json\/wp\/v2\/comments?post=8896"}],"version-history":[{"count":0,"href":"https:\/\/www.oidossucios.com\/site\/wp-json\/wp\/v2\/posts\/8896\/revisions"}],"wp:featuredmedia":[{"embeddable":true,"href":"https:\/\/www.oidossucios.com\/site\/wp-json\/wp\/v2\/media\/100008896"}],"wp:attachment":[{"href":"https:\/\/www.oidossucios.com\/site\/wp-json\/wp\/v2\/media?parent=8896"}],"wp:term":[{"taxonomy":"category","embeddable":true,"href":"https:\/\/www.oidossucios.com\/site\/wp-json\/wp\/v2\/categories?post=8896"},{"taxonomy":"post_tag","embeddable":true,"href":"https:\/\/www.oidossucios.com\/site\/wp-json\/wp\/v2\/tags?post=8896"}],"curies":[{"name":"wp","href":"https:\/\/api.w.org\/{rel}","templated":true}]}}