{"id":890,"date":"2003-12-15T20:48:00","date_gmt":"2003-12-15T20:48:00","guid":{"rendered":"https:\/\/www.oidossucios.com\/site\/2003\/12\/15\/the-daily-journal-revive-el-show-de-cerati\/"},"modified":"2003-12-15T20:48:00","modified_gmt":"2003-12-15T20:48:00","slug":"the-daily-journal-revive-el-show-de-cerati","status":"publish","type":"post","link":"https:\/\/www.oidossucios.com\/site\/the-daily-journal-revive-el-show-de-cerati\/","title":{"rendered":"The Daily Journal revive el show de Cerati"},"content":{"rendered":"<p>Luego de haber sido cancelada la presentaci\u00f3n de Gustavo Cerati por parte de la Fundaci\u00f3n para la Cultura de Chacao, este s\u00e1bado 20 de diciembre en un terreno bald\u00edo de La Castellana, el peri\u00f3dico venezolano editado en ingl\u00e9s, The Daily Journal presentar\u00e1 al argentino y su banda electr\u00f3nica Roken el pr\u00f3ximo viernes 19.<\/p>\n<p>Roken, conformada por Flavio Echeto y Leandro Fresco (m\u00fasicos de su banda), ha sido recientemente formada y solo cuenta con un par de presentaciones en Estados Unidos, aprovechando que Gustavo se encontraba promocionando su disco &#8216;Siempre es Hoy&#8217; en ese pa\u00eds. El show se llevar\u00e1 a cabo en el Shangri La Asian Bistro del C.C. Sambil.<\/p>\n<p>La presentaci\u00f3n ser\u00e1 una fiesta privada por motivo del aniversario del diario. Solo existen 25 entradas disponibles para el p\u00fablico, las cuales se rifaran mediante la promoci\u00f3n que circular\u00e1 hasta el pr\u00f3ximo mi\u00e9rcoles en la edici\u00f3n impresa del peri\u00f3dico.<\/p>\n<p>Como dato curioso, cabe destacar que la \u00faltima vez que Gustavo Cerati setoc\u00f3 en Venezuela, el pasado mes de junio, tambi\u00e9n fue en una fiesta privada, en el local Loft del C.C. San Ignacio. <\/p>\n<p>La presentaci\u00f3n al p\u00fablico de su disco &#8216;Siempre es Hoy&#8217; no se ha llevado a cabo formalmente en nuestro pa\u00eds, sin embargo, se rumora que la visita del argentino durante esta semana ser\u00e1 aprovechada por los ejecutivos de Evenpro para acordar un show para el pr\u00f3ximo mes de enero.<\/p>\n","protected":false},"excerpt":{"rendered":"<p>Gustavo Cerati y su banda Roken se presentar\u00e1n este viernes 19 de diciembre en Caracas, en una fiesta privada del diario The Daily Journal.<\/p>\n","protected":false},"author":4,"featured_media":10000886,"comment_status":"open","ping_status":"open","sticky":false,"template":"","format":"standard","meta":{"_jetpack_memberships_contains_paid_content":false,"footnotes":""},"categories":[250],"tags":[239],"class_list":["post-890","post","type-post","status-publish","format-standard","has-post-thumbnail","hentry","category-noticias","tag-cerati"],"jetpack_featured_media_url":"https:\/\/www.oidossucios.com\/site\/wp-content\/uploads\/2003\/12\/886.jpg","yoast_head":"<!-- This site is optimized with the Yoast SEO plugin v14.0.4 - https:\/\/yoast.com\/wordpress\/plugins\/seo\/ -->\n<title>The Daily Journal revive el show de Cerati - OidosSucios.Com<\/title>\n<meta name=\"description\" content=\"Agresi\u00f3n se presentar\u00e1 en Caracas este jueves 11 de diciembre junto a Liq\u00fcet, Factor Mental y Nada, entre otras bandas. Oidossucios.com sortear\u00e1 entradas entre los usuarios de su comunidad.\" \/>\n<meta name=\"robots\" content=\"index, follow\" \/>\n<meta name=\"googlebot\" content=\"index, follow, max-snippet:-1, max-image-preview:large, max-video-preview:-1\" \/>\n<meta name=\"bingbot\" content=\"index, follow, max-snippet:-1, max-image-preview:large, max-video-preview:-1\" \/>\n<link rel=\"canonical\" href=\"https:\/\/www.oidossucios.com\/site\/the-daily-journal-revive-el-show-de-cerati\/\" \/>\n<meta property=\"og:locale\" content=\"es_ES\" \/>\n<meta property=\"og:type\" content=\"article\" \/>\n<meta property=\"og:title\" content=\"The Daily Journal revive el show de Cerati - OidosSucios.Com\" \/>\n<meta property=\"og:description\" content=\"Agresi\u00f3n se presentar\u00e1 en Caracas este jueves 11 de diciembre junto a Liq\u00fcet, Factor Mental y Nada, entre otras bandas. Oidossucios.com sortear\u00e1 entradas entre los usuarios de su comunidad.\" \/>\n<meta property=\"og:url\" content=\"https:\/\/www.oidossucios.com\/site\/the-daily-journal-revive-el-show-de-cerati\/\" \/>\n<meta property=\"og:site_name\" content=\"OidosSucios.Com\" \/>\n<meta property=\"article:published_time\" content=\"2003-12-15T20:48:00+00:00\" \/>\n<meta property=\"og:image\" content=\"https:\/\/www.oidossucios.com\/site\/wp-content\/uploads\/2003\/12\/886.jpg\" \/>\n\t<meta property=\"og:image:width\" content=\"290\" \/>\n\t<meta property=\"og:image:height\" content=\"100\" \/>\n<meta name=\"twitter:card\" content=\"summary_large_image\" \/>\n<meta name=\"twitter:creator\" content=\"@oidossucios\" \/>\n<script type=\"application\/ld+json\" class=\"yoast-schema-graph\">{\"@context\":\"https:\/\/schema.org\",\"@graph\":[{\"@type\":\"WebSite\",\"@id\":\"https:\/\/www.oidossucios.com\/site\/#website\",\"url\":\"https:\/\/www.oidossucios.com\/site\/\",\"name\":\"OidosSucios.Com\",\"description\":\"M\\u00fasica, conciertos, discos\",\"potentialAction\":[{\"@type\":\"SearchAction\",\"target\":\"https:\/\/www.oidossucios.com\/site\/?s={search_term_string}\",\"query-input\":\"required name=search_term_string\"}],\"inLanguage\":\"es\"},{\"@type\":\"ImageObject\",\"@id\":\"https:\/\/www.oidossucios.com\/site\/the-daily-journal-revive-el-show-de-cerati\/#primaryimage\",\"inLanguage\":\"es\",\"url\":\"https:\/\/www.oidossucios.com\/site\/wp-content\/uploads\/2003\/12\/886.jpg\",\"width\":290,\"height\":100},{\"@type\":\"WebPage\",\"@id\":\"https:\/\/www.oidossucios.com\/site\/the-daily-journal-revive-el-show-de-cerati\/#webpage\",\"url\":\"https:\/\/www.oidossucios.com\/site\/the-daily-journal-revive-el-show-de-cerati\/\",\"name\":\"The Daily Journal revive el show de Cerati - OidosSucios.Com\",\"isPartOf\":{\"@id\":\"https:\/\/www.oidossucios.com\/site\/#website\"},\"primaryImageOfPage\":{\"@id\":\"https:\/\/www.oidossucios.com\/site\/the-daily-journal-revive-el-show-de-cerati\/#primaryimage\"},\"datePublished\":\"2003-12-15T20:48:00+00:00\",\"dateModified\":\"2003-12-15T20:48:00+00:00\",\"author\":{\"@id\":\"https:\/\/www.oidossucios.com\/site\/#\/schema\/person\/24559eeb76bf83a63296fb072393a688\"},\"description\":\"Agresi\\u00f3n se presentar\\u00e1 en Caracas este jueves 11 de diciembre junto a Liq\\u00fcet, Factor Mental y Nada, entre otras bandas. Oidossucios.com sortear\\u00e1 entradas entre los usuarios de su comunidad.\",\"inLanguage\":\"es\",\"potentialAction\":[{\"@type\":\"ReadAction\",\"target\":[\"https:\/\/www.oidossucios.com\/site\/the-daily-journal-revive-el-show-de-cerati\/\"]}]},{\"@type\":[\"Person\"],\"@id\":\"https:\/\/www.oidossucios.com\/site\/#\/schema\/person\/24559eeb76bf83a63296fb072393a688\",\"name\":\"Oidossucios\",\"image\":{\"@type\":\"ImageObject\",\"@id\":\"https:\/\/www.oidossucios.com\/site\/#personlogo\",\"inLanguage\":\"es\",\"url\":\"https:\/\/secure.gravatar.com\/avatar\/74fcb480f42f1a33e50a0b6e6369a3f907be2e43dc84fa5f76c66e9c22b4a5ab?s=96&d=mm&r=g\",\"caption\":\"Oidossucios\"},\"sameAs\":[\"https:\/\/twitter.com\/oidossucios\"]}]}<\/script>\n<!-- \/ Yoast SEO plugin. -->","jetpack_sharing_enabled":true,"_links":{"self":[{"href":"https:\/\/www.oidossucios.com\/site\/wp-json\/wp\/v2\/posts\/890","targetHints":{"allow":["GET"]}}],"collection":[{"href":"https:\/\/www.oidossucios.com\/site\/wp-json\/wp\/v2\/posts"}],"about":[{"href":"https:\/\/www.oidossucios.com\/site\/wp-json\/wp\/v2\/types\/post"}],"author":[{"embeddable":true,"href":"https:\/\/www.oidossucios.com\/site\/wp-json\/wp\/v2\/users\/4"}],"replies":[{"embeddable":true,"href":"https:\/\/www.oidossucios.com\/site\/wp-json\/wp\/v2\/comments?post=890"}],"version-history":[{"count":0,"href":"https:\/\/www.oidossucios.com\/site\/wp-json\/wp\/v2\/posts\/890\/revisions"}],"wp:featuredmedia":[{"embeddable":true,"href":"https:\/\/www.oidossucios.com\/site\/wp-json\/wp\/v2\/media\/10000886"}],"wp:attachment":[{"href":"https:\/\/www.oidossucios.com\/site\/wp-json\/wp\/v2\/media?parent=890"}],"wp:term":[{"taxonomy":"category","embeddable":true,"href":"https:\/\/www.oidossucios.com\/site\/wp-json\/wp\/v2\/categories?post=890"},{"taxonomy":"post_tag","embeddable":true,"href":"https:\/\/www.oidossucios.com\/site\/wp-json\/wp\/v2\/tags?post=890"}],"curies":[{"name":"wp","href":"https:\/\/api.w.org\/{rel}","templated":true}]}}