{"id":8905,"date":"2014-09-23T07:16:00","date_gmt":"2014-09-23T07:16:00","guid":{"rendered":"https:\/\/www.oidossucios.com\/site\/2014\/09\/23\/korn-tocara-todo-su-album-debut-en-celebracion-de-su-20-aniversario\/"},"modified":"2014-09-23T07:16:00","modified_gmt":"2014-09-23T07:16:00","slug":"korn-tocara-todo-su-album-debut-en-celebracion-de-su-20-aniversario","status":"publish","type":"post","link":"https:\/\/www.oidossucios.com\/site\/korn-tocara-todo-su-album-debut-en-celebracion-de-su-20-aniversario\/","title":{"rendered":"Korn tocar\u00e1 todo su \u00e1lbum debut en celebraci\u00f3n de su 20 aniversario"},"content":{"rendered":"<p style=\"text-align: justify;\">El 11 de octubre de 1994, Korn lanz&oacute; su primera producci&oacute;n discogr&aacute;fica hom&oacute;nima. En menos de un mes, este &aacute;lbum cumplir&aacute; 20 a&ntilde;os de existencia, y como parte de su celebraci&oacute;n, la banda tocar&aacute; todo el disco en vivo en sus pr&oacute;ximas presentaciones en festivales.<\/p>\n<p>&ldquo;Tocaremos todo el disco (&hellip;) Ser&aacute; muy cool pero estar&aacute; muy al desnudo. Siento que recapturaremos lo que hac&iacute;amos en ese tiempo cuando apenas est&aacute;bamos surgiendo. Fue nuestro primer disco, no ten&iacute;amos producci&oacute;n era solo un fondo. As&iacute; que creo ser&aacute; como sucio, cool, vibra de la vieja escuela&rdquo;, coment&oacute; Jonathan Davis.<\/p>\n<p>Sobre la direcci&oacute;n musical de su pr&oacute;ximo &aacute;lbum, Davis dijo que la banda nunca sabe lo que saldr&aacute; cada vez que se meten a un cuarto a componer. &ldquo;Depende, una vez que entramos a una habitaci&oacute;n y repasamos todo lo que tenemos es que comenzamos a saber hacia d&oacute;nde vamos&rdquo;.<\/p>\n<p>Jonathan Davis tambi&eacute;n habl&oacute; sobre lo que tienen preparado para la gira que compartir&aacute;n con Slipknot. Inform&oacute; que su setlist ser&aacute; un poco m&aacute;s pesado pero enfocado a la fiesta, &ldquo;haremos m&aacute;s algo con vibra de fiesta. Creo que ser&aacute; un buen show&rdquo;. <\/p>\n<p>Fuente: Somos &Iacute;dolos<\/p>\n","protected":false},"excerpt":{"rendered":"<p>Jonathan Davis tambi\u00e9n habl\u00f3 sobre lo que tienen preparado para la gira que compartir\u00e1n con Slipknot. <\/p>\n","protected":false},"author":4,"featured_media":100008905,"comment_status":"open","ping_status":"open","sticky":false,"template":"","format":"standard","meta":{"_jetpack_memberships_contains_paid_content":false,"footnotes":""},"categories":[142],"tags":[],"class_list":["post-8905","post","type-post","status-publish","format-standard","has-post-thumbnail","hentry","category-buzznews"],"jetpack_featured_media_url":"https:\/\/www.oidossucios.com\/site\/wp-content\/uploads\/2014\/09\/8905.jpg","yoast_head":"<!-- This site is optimized with the Yoast SEO plugin v14.0.4 - https:\/\/yoast.com\/wordpress\/plugins\/seo\/ -->\n<title>Korn tocar\u00e1 todo su \u00e1lbum debut en celebraci\u00f3n de su 20 aniversario - OidosSucios.Com<\/title>\n<meta name=\"description\" content=\"Jonathan Davis tambi\u00e9n habl\u00f3 sobre lo que tienen preparado para la gira que compartir\u00e1n con Slipknot.\" \/>\n<meta name=\"robots\" content=\"index, follow\" \/>\n<meta name=\"googlebot\" content=\"index, follow, max-snippet:-1, max-image-preview:large, max-video-preview:-1\" \/>\n<meta name=\"bingbot\" content=\"index, follow, max-snippet:-1, max-image-preview:large, max-video-preview:-1\" \/>\n<link rel=\"canonical\" href=\"https:\/\/www.oidossucios.com\/site\/korn-tocara-todo-su-album-debut-en-celebracion-de-su-20-aniversario\/\" \/>\n<meta property=\"og:locale\" content=\"es_ES\" \/>\n<meta property=\"og:type\" content=\"article\" \/>\n<meta property=\"og:title\" content=\"Korn tocar\u00e1 todo su \u00e1lbum debut en celebraci\u00f3n de su 20 aniversario - OidosSucios.Com\" \/>\n<meta property=\"og:description\" content=\"Jonathan Davis tambi\u00e9n habl\u00f3 sobre lo que tienen preparado para la gira que compartir\u00e1n con Slipknot.\" \/>\n<meta property=\"og:url\" content=\"https:\/\/www.oidossucios.com\/site\/korn-tocara-todo-su-album-debut-en-celebracion-de-su-20-aniversario\/\" \/>\n<meta property=\"og:site_name\" content=\"OidosSucios.Com\" \/>\n<meta property=\"article:published_time\" content=\"2014-09-23T07:16:00+00:00\" \/>\n<meta property=\"og:image\" content=\"https:\/\/www.oidossucios.com\/site\/wp-content\/uploads\/2014\/09\/8905.jpg\" \/>\n\t<meta property=\"og:image:width\" content=\"350\" \/>\n\t<meta property=\"og:image:height\" content=\"300\" \/>\n<meta name=\"twitter:card\" content=\"summary_large_image\" \/>\n<meta name=\"twitter:creator\" content=\"@oidossucios\" \/>\n<script type=\"application\/ld+json\" class=\"yoast-schema-graph\">{\"@context\":\"https:\/\/schema.org\",\"@graph\":[{\"@type\":\"WebSite\",\"@id\":\"https:\/\/www.oidossucios.com\/site\/#website\",\"url\":\"https:\/\/www.oidossucios.com\/site\/\",\"name\":\"OidosSucios.Com\",\"description\":\"M\\u00fasica, conciertos, discos\",\"potentialAction\":[{\"@type\":\"SearchAction\",\"target\":\"https:\/\/www.oidossucios.com\/site\/?s={search_term_string}\",\"query-input\":\"required name=search_term_string\"}],\"inLanguage\":\"es\"},{\"@type\":\"ImageObject\",\"@id\":\"https:\/\/www.oidossucios.com\/site\/korn-tocara-todo-su-album-debut-en-celebracion-de-su-20-aniversario\/#primaryimage\",\"inLanguage\":\"es\",\"url\":\"https:\/\/www.oidossucios.com\/site\/wp-content\/uploads\/2014\/09\/8905.jpg\",\"width\":350,\"height\":300},{\"@type\":\"WebPage\",\"@id\":\"https:\/\/www.oidossucios.com\/site\/korn-tocara-todo-su-album-debut-en-celebracion-de-su-20-aniversario\/#webpage\",\"url\":\"https:\/\/www.oidossucios.com\/site\/korn-tocara-todo-su-album-debut-en-celebracion-de-su-20-aniversario\/\",\"name\":\"Korn tocar\\u00e1 todo su \\u00e1lbum debut en celebraci\\u00f3n de su 20 aniversario - OidosSucios.Com\",\"isPartOf\":{\"@id\":\"https:\/\/www.oidossucios.com\/site\/#website\"},\"primaryImageOfPage\":{\"@id\":\"https:\/\/www.oidossucios.com\/site\/korn-tocara-todo-su-album-debut-en-celebracion-de-su-20-aniversario\/#primaryimage\"},\"datePublished\":\"2014-09-23T07:16:00+00:00\",\"dateModified\":\"2014-09-23T07:16:00+00:00\",\"author\":{\"@id\":\"https:\/\/www.oidossucios.com\/site\/#\/schema\/person\/24559eeb76bf83a63296fb072393a688\"},\"description\":\"Jonathan Davis tambi\\u00e9n habl\\u00f3 sobre lo que tienen preparado para la gira que compartir\\u00e1n con Slipknot.\",\"inLanguage\":\"es\",\"potentialAction\":[{\"@type\":\"ReadAction\",\"target\":[\"https:\/\/www.oidossucios.com\/site\/korn-tocara-todo-su-album-debut-en-celebracion-de-su-20-aniversario\/\"]}]},{\"@type\":[\"Person\"],\"@id\":\"https:\/\/www.oidossucios.com\/site\/#\/schema\/person\/24559eeb76bf83a63296fb072393a688\",\"name\":\"Oidossucios\",\"image\":{\"@type\":\"ImageObject\",\"@id\":\"https:\/\/www.oidossucios.com\/site\/#personlogo\",\"inLanguage\":\"es\",\"url\":\"https:\/\/secure.gravatar.com\/avatar\/74fcb480f42f1a33e50a0b6e6369a3f907be2e43dc84fa5f76c66e9c22b4a5ab?s=96&d=mm&r=g\",\"caption\":\"Oidossucios\"},\"sameAs\":[\"https:\/\/twitter.com\/oidossucios\"]}]}<\/script>\n<!-- \/ Yoast SEO plugin. -->","jetpack_sharing_enabled":true,"_links":{"self":[{"href":"https:\/\/www.oidossucios.com\/site\/wp-json\/wp\/v2\/posts\/8905","targetHints":{"allow":["GET"]}}],"collection":[{"href":"https:\/\/www.oidossucios.com\/site\/wp-json\/wp\/v2\/posts"}],"about":[{"href":"https:\/\/www.oidossucios.com\/site\/wp-json\/wp\/v2\/types\/post"}],"author":[{"embeddable":true,"href":"https:\/\/www.oidossucios.com\/site\/wp-json\/wp\/v2\/users\/4"}],"replies":[{"embeddable":true,"href":"https:\/\/www.oidossucios.com\/site\/wp-json\/wp\/v2\/comments?post=8905"}],"version-history":[{"count":0,"href":"https:\/\/www.oidossucios.com\/site\/wp-json\/wp\/v2\/posts\/8905\/revisions"}],"wp:featuredmedia":[{"embeddable":true,"href":"https:\/\/www.oidossucios.com\/site\/wp-json\/wp\/v2\/media\/100008905"}],"wp:attachment":[{"href":"https:\/\/www.oidossucios.com\/site\/wp-json\/wp\/v2\/media?parent=8905"}],"wp:term":[{"taxonomy":"category","embeddable":true,"href":"https:\/\/www.oidossucios.com\/site\/wp-json\/wp\/v2\/categories?post=8905"},{"taxonomy":"post_tag","embeddable":true,"href":"https:\/\/www.oidossucios.com\/site\/wp-json\/wp\/v2\/tags?post=8905"}],"curies":[{"name":"wp","href":"https:\/\/api.w.org\/{rel}","templated":true}]}}