{"id":891,"date":"2003-12-17T03:30:00","date_gmt":"2003-12-17T03:30:00","guid":{"rendered":"https:\/\/www.oidossucios.com\/site\/2003\/12\/17\/diversidad-en-los-premios-urbe\/"},"modified":"2020-05-15T13:05:30","modified_gmt":"2020-05-15T17:05:30","slug":"diversidad-en-los-premios-urbe","status":"publish","type":"post","link":"https:\/\/www.oidossucios.com\/site\/diversidad-en-los-premios-urbe\/","title":{"rendered":"Diversidad en los Premios Urbe"},"content":{"rendered":"<p>Tan solo los Caramelos de Cianuro lograron imponerse en m\u00e1s de una categor\u00eda de la edici\u00f3n 2003 de los Premios Urbe, anunciadas en la edici\u00f3n de hoy del semanario juvenil Urbe. La banda caraque\u00f1a logr\u00f3 colorarse como Grupo Establecido y Canci\u00f3n del a\u00f1o (El Ultimo Polvo).<\/p>\n<p>Esta vez, ning\u00fan grupo arras\u00f3 con todos los rubros, dejando atr\u00e1s la eterna dictadura ejercida por los Amigos Invisibles en las ediciones anteriores. <\/p>\n<p>Los Premios Urbe se entregan anualmente con el voto de los lectores del peri\u00f3dico. Oidossucios.com logr\u00f3 imponerse en la categor\u00eda de &#8216;P\u00e1gina del a\u00f1o&#8217;. <\/p>\n<p>Las categor\u00edas musicales quedaron como sigue:<\/p>\n<p><b>Dj del a\u00f1o:<\/b> Atom<br \/><b>Grupo de hip-hop:<\/b> Vagos y Maleantes<br \/><b>Disco del a\u00f1o:<\/b> The Venezuelan Zinga Song Vol. 1 (Amigos Invisibles)<br \/><b>Grupo Establecido:<\/b> Caramelos de Cianuro<br \/><b>Canci\u00f3n del a\u00f1o:<\/b> El Ultimo Polvo (Caramelos de Cianuro)<br \/><b>Grupo emergente:<\/b> S\u00f3nica<br \/><b>Programa de radio:<\/b> El Show de la Ma\u00f1ana (LaMega 107.3)<br \/><b>Locutor del a\u00f1o:<\/b> Luis Chataing<br \/><b>Locutora del a\u00f1o:<\/b> Erika de La Vega<\/p>\n","protected":false},"excerpt":{"rendered":"<p>Nadie arras\u00f3 en la edici\u00f3n 2003 de la premiaci\u00f3n del semanario juvenil Urbe. Los Caramelos de Cianuro fueron los \u00fanicos en obtener 2 estatuillas. Oidossucios.com gan\u00f3 como p\u00e1gina del a\u00f1o.<\/p>\n","protected":false},"author":4,"featured_media":10000887,"comment_status":"open","ping_status":"open","sticky":false,"template":"","format":"standard","meta":{"_jetpack_memberships_contains_paid_content":false,"footnotes":""},"categories":[250],"tags":[740,313],"class_list":["post-891","post","type-post","status-publish","format-standard","has-post-thumbnail","hentry","category-noticias","tag-premios-urbe","tag-urbe"],"jetpack_featured_media_url":"https:\/\/www.oidossucios.com\/site\/wp-content\/uploads\/2003\/12\/887.jpg","yoast_head":"<!-- This site is optimized with the Yoast SEO plugin v14.0.4 - https:\/\/yoast.com\/wordpress\/plugins\/seo\/ -->\n<title>Diversidad en los Premios Urbe - OidosSucios.Com<\/title>\n<meta name=\"description\" content=\"Montecarlo, el segundo LP de Trece, fue presentado anoche en una discoteca caraque\u00f1a, previo exhibici\u00f3n de un capitulo m\u00e1s del affaire Alberto Cabello vs. Black Bombay Records.\" \/>\n<meta name=\"robots\" content=\"index, follow\" \/>\n<meta name=\"googlebot\" content=\"index, follow, max-snippet:-1, max-image-preview:large, max-video-preview:-1\" \/>\n<meta name=\"bingbot\" content=\"index, follow, max-snippet:-1, max-image-preview:large, max-video-preview:-1\" \/>\n<link rel=\"canonical\" href=\"https:\/\/www.oidossucios.com\/site\/diversidad-en-los-premios-urbe\/\" \/>\n<meta property=\"og:locale\" content=\"es_ES\" \/>\n<meta property=\"og:type\" content=\"article\" \/>\n<meta property=\"og:title\" content=\"Diversidad en los Premios Urbe - OidosSucios.Com\" \/>\n<meta property=\"og:description\" content=\"Montecarlo, el segundo LP de Trece, fue presentado anoche en una discoteca caraque\u00f1a, previo exhibici\u00f3n de un capitulo m\u00e1s del affaire Alberto Cabello vs. Black Bombay Records.\" \/>\n<meta property=\"og:url\" content=\"https:\/\/www.oidossucios.com\/site\/diversidad-en-los-premios-urbe\/\" \/>\n<meta property=\"og:site_name\" content=\"OidosSucios.Com\" \/>\n<meta property=\"article:published_time\" content=\"2003-12-17T03:30:00+00:00\" \/>\n<meta property=\"article:modified_time\" content=\"2020-05-15T17:05:30+00:00\" \/>\n<meta property=\"og:image\" content=\"https:\/\/www.oidossucios.com\/site\/wp-content\/uploads\/2003\/12\/887.jpg\" \/>\n\t<meta property=\"og:image:width\" content=\"290\" \/>\n\t<meta property=\"og:image:height\" content=\"100\" \/>\n<meta name=\"twitter:card\" content=\"summary_large_image\" \/>\n<meta name=\"twitter:creator\" content=\"@oidossucios\" \/>\n<script type=\"application\/ld+json\" class=\"yoast-schema-graph\">{\"@context\":\"https:\/\/schema.org\",\"@graph\":[{\"@type\":\"WebSite\",\"@id\":\"https:\/\/www.oidossucios.com\/site\/#website\",\"url\":\"https:\/\/www.oidossucios.com\/site\/\",\"name\":\"OidosSucios.Com\",\"description\":\"M\\u00fasica, conciertos, discos\",\"potentialAction\":[{\"@type\":\"SearchAction\",\"target\":\"https:\/\/www.oidossucios.com\/site\/?s={search_term_string}\",\"query-input\":\"required name=search_term_string\"}],\"inLanguage\":\"es\"},{\"@type\":\"ImageObject\",\"@id\":\"https:\/\/www.oidossucios.com\/site\/diversidad-en-los-premios-urbe\/#primaryimage\",\"inLanguage\":\"es\",\"url\":\"https:\/\/www.oidossucios.com\/site\/wp-content\/uploads\/2003\/12\/887.jpg\",\"width\":290,\"height\":100},{\"@type\":\"WebPage\",\"@id\":\"https:\/\/www.oidossucios.com\/site\/diversidad-en-los-premios-urbe\/#webpage\",\"url\":\"https:\/\/www.oidossucios.com\/site\/diversidad-en-los-premios-urbe\/\",\"name\":\"Diversidad en los Premios Urbe - OidosSucios.Com\",\"isPartOf\":{\"@id\":\"https:\/\/www.oidossucios.com\/site\/#website\"},\"primaryImageOfPage\":{\"@id\":\"https:\/\/www.oidossucios.com\/site\/diversidad-en-los-premios-urbe\/#primaryimage\"},\"datePublished\":\"2003-12-17T03:30:00+00:00\",\"dateModified\":\"2020-05-15T17:05:30+00:00\",\"author\":{\"@id\":\"https:\/\/www.oidossucios.com\/site\/#\/schema\/person\/24559eeb76bf83a63296fb072393a688\"},\"description\":\"Montecarlo, el segundo LP de Trece, fue presentado anoche en una discoteca caraque\\u00f1a, previo exhibici\\u00f3n de un capitulo m\\u00e1s del affaire Alberto Cabello vs. Black Bombay Records.\",\"inLanguage\":\"es\",\"potentialAction\":[{\"@type\":\"ReadAction\",\"target\":[\"https:\/\/www.oidossucios.com\/site\/diversidad-en-los-premios-urbe\/\"]}]},{\"@type\":[\"Person\"],\"@id\":\"https:\/\/www.oidossucios.com\/site\/#\/schema\/person\/24559eeb76bf83a63296fb072393a688\",\"name\":\"Oidossucios\",\"image\":{\"@type\":\"ImageObject\",\"@id\":\"https:\/\/www.oidossucios.com\/site\/#personlogo\",\"inLanguage\":\"es\",\"url\":\"https:\/\/secure.gravatar.com\/avatar\/74fcb480f42f1a33e50a0b6e6369a3f907be2e43dc84fa5f76c66e9c22b4a5ab?s=96&d=mm&r=g\",\"caption\":\"Oidossucios\"},\"sameAs\":[\"https:\/\/twitter.com\/oidossucios\"]}]}<\/script>\n<!-- \/ Yoast SEO plugin. -->","jetpack_sharing_enabled":true,"_links":{"self":[{"href":"https:\/\/www.oidossucios.com\/site\/wp-json\/wp\/v2\/posts\/891","targetHints":{"allow":["GET"]}}],"collection":[{"href":"https:\/\/www.oidossucios.com\/site\/wp-json\/wp\/v2\/posts"}],"about":[{"href":"https:\/\/www.oidossucios.com\/site\/wp-json\/wp\/v2\/types\/post"}],"author":[{"embeddable":true,"href":"https:\/\/www.oidossucios.com\/site\/wp-json\/wp\/v2\/users\/4"}],"replies":[{"embeddable":true,"href":"https:\/\/www.oidossucios.com\/site\/wp-json\/wp\/v2\/comments?post=891"}],"version-history":[{"count":1,"href":"https:\/\/www.oidossucios.com\/site\/wp-json\/wp\/v2\/posts\/891\/revisions"}],"predecessor-version":[{"id":111116811,"href":"https:\/\/www.oidossucios.com\/site\/wp-json\/wp\/v2\/posts\/891\/revisions\/111116811"}],"wp:featuredmedia":[{"embeddable":true,"href":"https:\/\/www.oidossucios.com\/site\/wp-json\/wp\/v2\/media\/10000887"}],"wp:attachment":[{"href":"https:\/\/www.oidossucios.com\/site\/wp-json\/wp\/v2\/media?parent=891"}],"wp:term":[{"taxonomy":"category","embeddable":true,"href":"https:\/\/www.oidossucios.com\/site\/wp-json\/wp\/v2\/categories?post=891"},{"taxonomy":"post_tag","embeddable":true,"href":"https:\/\/www.oidossucios.com\/site\/wp-json\/wp\/v2\/tags?post=891"}],"curies":[{"name":"wp","href":"https:\/\/api.w.org\/{rel}","templated":true}]}}